{"id":23742,"date":"2023-09-26T12:49:17","date_gmt":"2023-09-26T15:49:17","guid":{"rendered":"http:\/\/pedroleopoldo.mg.gov.br\/?p=23742"},"modified":"2024-03-01T11:03:39","modified_gmt":"2024-03-01T14:03:39","slug":"consulta-piso-enfermagem","status":"publish","type":"post","link":"https:\/\/arquivo.pedroleopoldo.mg.gov.br\/?p=23742","title":{"rendered":"Consulta Piso Enfermagem"},"content":{"rendered":"\n<p class=\"has-text-align-center\"><strong>NOTA DE ESCLARECIMENTO SOBRE O AUX\u00cdLIO FINANCEIRO COMPLEMENTAR DA ENFERMAGEM<\/strong><\/p>\n\n\n\n<p>O Minist\u00e9rio da Sa\u00fade publicou no in\u00edcio do m\u00eas de fevereiro a 3\u00b0 edi\u00e7\u00e3o da cartilha que disp\u00f5e sobre o aux\u00edlio financeiro complementar \u201cPiso da Enfermagem\u201d orientando sobre os valores, formas de c\u00e1lculo, bases remunerat\u00f3rio e outras informa\u00e7\u00f5es relevantes aos gestores municipais.<\/p>\n\n\n\n<p>Na p\u00e1gina 14 do manual, o Minist\u00e9rio da Sa\u00fade estratificou em um quadro o detalhamento da composi\u00e7\u00e3o utilizada nos c\u00e1lculos para fins dos complementos.<\/p>\n\n\n\n<p>A primeira coluna demonstra os valores que comp\u00f5em os c\u00e1lculos do aux\u00edlio financeiro, parcela m\u00ednima aferida em gratifica\u00e7\u00e3o por desempenho (parte fixa e invari\u00e1vel) e vantagem pecuni\u00e1ria individual definida em lei de forma geral.<\/p>\n\n\n\n<p>O Munic\u00edpio de Pedro Leopoldo &#8211; MG, entende que o pagamento de quinqu\u00eanios e progress\u00f5es \u2013 direito dos servidores efetivos \u2013 s\u00e3o pagos de forma geral, definidos em lei e s\u00e3o fixos e permanentes, para tanto devem ser utilizados na composi\u00e7\u00e3o do c\u00e1lculo do aux\u00edlio financeiro complementar.<\/p>\n\n\n\n<p>O Minist\u00e9rio por sua vez na segunda coluna do quadro demonstrativo, consta como parcela exclu\u00edda dos c\u00e1lculos, a gratifica\u00e7\u00e3o por t\u00edtulo (especializa\u00e7\u00e3o, mestrado e doutorado), o adicional de insalubridade, o abono perman\u00eancia, o aux\u00edlio-creche e a gratifica\u00e7\u00e3o por exerc\u00edcio de fun\u00e7\u00e3o anu\u00eanios, tri\u00eanios e quinqu\u00eanios ou semelhantes.<\/p>\n\n\n\n<p>Frente a discord\u00e2ncia de entendimento, uma dubiedade de informa\u00e7\u00e3o e partindo das premissas de que administra\u00e7\u00e3o p\u00fablica \u00e9 devido atua\u00e7\u00e3o conforme lei, a Secretaria Municipal de Sa\u00fade de Pedro Leopoldo, solicitou um parecer do Minist\u00e9rio da Sa\u00fade a respeito do entendimento que deve ser adotado para c\u00e1lculo do Aux\u00edlio Financeiro Complementar.<\/p>\n\n\n\n<p>Assim, at\u00e9 que o Minist\u00e9rio da Sa\u00fade se manifeste, a Secretaria Municipal de Sa\u00fade permanecer\u00e1 computando, na base de c\u00e1lculo do aux\u00edlio, os quinqu\u00eanio e progress\u00f5es.<\/p>\n\n\n\n<p>Por fim, sendo o parecer do Minist\u00e9rio da Sa\u00fade pela n\u00e3o computa\u00e7\u00e3o dos dados, o munic\u00edpio proceder\u00e1 com efetiva\u00e7\u00e3o retroativa das corre\u00e7\u00f5es.<\/p>\n\n\n\n<p class=\"has-text-align-center\">Secretaria Municipal de Sa\u00fade, Fevereiro de 2024.<\/p>\n\n\n<a href=\"https:\/\/pedroleopoldo.mg.gov.br\/wp-content\/uploads\/2023\/09\/piso-enfermagem-9-nov-dez-arquivo-para-publicacao-1.pdf\" class=\"pdfemb-viewer\" style=\"\" data-width=\"max\" data-height=\"max\" data-toolbar=\"both\" data-toolbar-fixed=\"on\">piso-enfermagem-9-nov-dez-arquivo-para-publicacao-1<\/a>\n<p class=\"wp-block-pdfemb-pdf-embedder-viewer\"><\/p>\n\n\n<a href=\"https:\/\/pedroleopoldo.mg.gov.br\/wp-content\/uploads\/2023\/09\/Piso-Enfermagem-Postagem11.pdf\" class=\"pdfemb-viewer\" style=\"\" data-width=\"max\" data-height=\"max\" data-toolbar=\"both\" data-toolbar-fixed=\"on\">Piso-Enfermagem-Postagem11<\/a>\n<p class=\"wp-block-pdfemb-pdf-embedder-viewer\"><\/p>\n","protected":false},"excerpt":{"rendered":"<p>NOTA DE ESCLARECIMENTO SOBRE O AUX\u00cdLIO FINANCEIRO COMPLEMENTAR DA ENFERMAGEM O Minist\u00e9rio da Sa\u00fade publicou no in\u00edcio do m\u00eas de fevereiro a 3\u00b0 edi\u00e7\u00e3o da cartilha que disp\u00f5e sobre o aux\u00edlio financeiro complementar \u201cPiso da Enfermagem\u201d orientando sobre os valores, formas de c\u00e1lculo, bases remunerat\u00f3rio e outras informa\u00e7\u00f5es relevantes aos gestores municipais. Na p\u00e1gina 14 &hellip; <a href=\"https:\/\/arquivo.pedroleopoldo.mg.gov.br\/?p=23742\" class=\"more-link\">Continuar lendo <span class=\"screen-reader-text\">Consulta Piso Enfermagem<\/span><\/a><\/p>\n","protected":false},"author":1,"featured_media":0,"comment_status":"closed","ping_status":"closed","sticky":false,"template":"","format":"standard","meta":{"footnotes":""},"categories":[1],"tags":[],"_links":{"self":[{"href":"https:\/\/arquivo.pedroleopoldo.mg.gov.br\/index.php?rest_route=\/wp\/v2\/posts\/23742"}],"collection":[{"href":"https:\/\/arquivo.pedroleopoldo.mg.gov.br\/index.php?rest_route=\/wp\/v2\/posts"}],"about":[{"href":"https:\/\/arquivo.pedroleopoldo.mg.gov.br\/index.php?rest_route=\/wp\/v2\/types\/post"}],"author":[{"embeddable":true,"href":"https:\/\/arquivo.pedroleopoldo.mg.gov.br\/index.php?rest_route=\/wp\/v2\/users\/1"}],"replies":[{"embeddable":true,"href":"https:\/\/arquivo.pedroleopoldo.mg.gov.br\/index.php?rest_route=%2Fwp%2Fv2%2Fcomments&post=23742"}],"version-history":[{"count":0,"href":"https:\/\/arquivo.pedroleopoldo.mg.gov.br\/index.php?rest_route=\/wp\/v2\/posts\/23742\/revisions"}],"wp:attachment":[{"href":"https:\/\/arquivo.pedroleopoldo.mg.gov.br\/index.php?rest_route=%2Fwp%2Fv2%2Fmedia&parent=23742"}],"wp:term":[{"taxonomy":"category","embeddable":true,"href":"https:\/\/arquivo.pedroleopoldo.mg.gov.br\/index.php?rest_route=%2Fwp%2Fv2%2Fcategories&post=23742"},{"taxonomy":"post_tag","embeddable":true,"href":"https:\/\/arquivo.pedroleopoldo.mg.gov.br\/index.php?rest_route=%2Fwp%2Fv2%2Ftags&post=23742"}],"curies":[{"name":"wp","href":"https:\/\/api.w.org\/{rel}","templated":true}]}}