{"id":23628,"date":"2023-09-19T13:01:38","date_gmt":"2023-09-19T16:01:38","guid":{"rendered":"http:\/\/pedroleopoldo.mg.gov.br\/?p=23628"},"modified":"2023-09-19T13:01:42","modified_gmt":"2023-09-19T16:01:42","slug":"revitalizacoes-prefeitura-promove-melhorias-no-centro-de-odontologia-e-campo-eldorado","status":"publish","type":"post","link":"https:\/\/arquivo.pedroleopoldo.mg.gov.br\/?p=23628","title":{"rendered":"Revitaliza\u00e7\u00f5es: Prefeitura promove melhorias no Centro de Odontologia e Campo Eldorado"},"content":{"rendered":"\n<p><em>Os trabalhos que envolveram as secretarias de Obras e Sa\u00fade, visam trazer mais qualidade no dia a dia dos cidad\u00e3os que frequentam estes espa\u00e7os<\/em><\/p>\n\n\n\n<p>A Prefeitura de Pedro Leopoldo, por meio da Secretaria de Obras e Servi\u00e7os P\u00fablicos, revitalizou dois locais importantes e com alto fluxo de pessoas no munic\u00edpio, o Centro de Odontologia, no bairro Romero de Carvalho, e o Campo Esportivo Eldorado, no bairro Boa Esperan\u00e7a.&nbsp;<\/p>\n\n\n\n<p>Uma das mais aguardadas e desejadas a\u00e7\u00f5es, foi para os esportistas e familiares que frequentam o Campo Eldorado. Um novo cercamento de muro foi constru\u00eddo no local, a fim de trazer mais seguran\u00e7a para as 129 crian\u00e7as que praticam aulas no espa\u00e7o. \u201cEstamos muito felizes em conseguir fazer essa entrega, porque essa obra tem grande significado, al\u00e9m de mais seguran\u00e7a para os frequentadores do espa\u00e7o, amplia a confian\u00e7a dos pais e das fam\u00edlias em deixarem aqui as suas crian\u00e7as para a participa\u00e7\u00e3o em um lindo projeto que eles executam\u201d, destacou a vice-prefeita, Ana Paula Santos.<\/p>\n\n\n\n<p>Um grande apoiador e admirador do campo, o Sr. Jos\u00e9 Expedito de Lima, conhecido como Pelotinha, fez quest\u00e3o de agradecer \u00e0 Prefeitura pelo trabalho feito. \u201cEm nome do Clube Recreativo Eldorado, venho aqui para agradecer a Prefeitura Municipal, por essa obra magn\u00edfica que foi feita aqui cercando nosso campo, trazendo mais tranquilidade aos pais, crian\u00e7as e para nossa escolinha. Nosso muito obrigado!\u201d, disse Pelotinha.<\/p>\n\n\n\n<p><strong>A SA\u00daDE TAMB\u00c9M N\u00c3O FICOU DE FORA<\/strong><\/p>\n\n\n\n<p>O Centro de Odontologia, localizado no bairro Romero de Carvalho passou por uma reforma geral, recebeu novos equipamentos e mais profissionais para atender a demanda da popula\u00e7\u00e3o. A institui\u00e7\u00e3o estava fechada desde 2020, e, no fim de 2022, foi reinaugurada pela atual gest\u00e3o.&nbsp;<\/p>\n\n\n\n<p>\u201cEste espa\u00e7o \u00e9 importante, pois facilita a vida dos moradores locais com servi\u00e7os ofertados pela Prefeitura e pelo SUS, evitando assim o deslocamento distante das pessoas, tendo aqui um local agora mais digno e estruturado para o cuidado com sa\u00fade bucal\u201d, destacou a Prefeita, Eloisa Helena.<\/p>\n\n\n\n<p>A unidade oferece os servi\u00e7os de Tratamento de Canal, Periodontia, Estomatologia, Cirurgia, e atendimento particularizado para pacientes portadores de necessidades especiais.<\/p>\n\n\n\n<figure class=\"wp-block-image size-large\"><img decoding=\"async\" loading=\"lazy\" width=\"583\" height=\"1024\" src=\"http:\/\/pedroleopoldo.mg.gov.br\/wp-content\/uploads\/2023\/09\/WhatsApp-Image-2023-09-13-at-16.06.49-1-583x1024.jpeg\" alt=\"\" class=\"wp-image-23660\" srcset=\"https:\/\/arquivo.pedroleopoldo.mg.gov.br\/wp-content\/uploads\/2023\/09\/WhatsApp-Image-2023-09-13-at-16.06.49-1-583x1024.jpeg 583w, https:\/\/arquivo.pedroleopoldo.mg.gov.br\/wp-content\/uploads\/2023\/09\/WhatsApp-Image-2023-09-13-at-16.06.49-1-171x300.jpeg 171w, https:\/\/arquivo.pedroleopoldo.mg.gov.br\/wp-content\/uploads\/2023\/09\/WhatsApp-Image-2023-09-13-at-16.06.49-1-768x1350.jpeg 768w, https:\/\/arquivo.pedroleopoldo.mg.gov.br\/wp-content\/uploads\/2023\/09\/WhatsApp-Image-2023-09-13-at-16.06.49-1.jpeg 828w\" sizes=\"(max-width: 583px) 100vw, 583px\" \/><figcaption><strong>Da esquerda para a direita, Jos\u00e9 Expedito (Pelotinha), a Vice-Prefeita, Ana Paula Santos, a Prefeita, Eloisa\u00a0Helena, os professores de futebol M\u00e1rcio Guimar\u00e3es e Lucas Marques<\/strong><br><\/figcaption><\/figure>\n\n\n\n<figure class=\"wp-block-image size-large\"><img decoding=\"async\" loading=\"lazy\" width=\"1024\" height=\"768\" src=\"http:\/\/pedroleopoldo.mg.gov.br\/wp-content\/uploads\/2023\/09\/WhatsApp-Image-2023-09-13-at-16.05.46-1-1.jpeg\" alt=\"\" class=\"wp-image-23658\" srcset=\"https:\/\/arquivo.pedroleopoldo.mg.gov.br\/wp-content\/uploads\/2023\/09\/WhatsApp-Image-2023-09-13-at-16.05.46-1-1.jpeg 1024w, https:\/\/arquivo.pedroleopoldo.mg.gov.br\/wp-content\/uploads\/2023\/09\/WhatsApp-Image-2023-09-13-at-16.05.46-1-1-300x225.jpeg 300w, https:\/\/arquivo.pedroleopoldo.mg.gov.br\/wp-content\/uploads\/2023\/09\/WhatsApp-Image-2023-09-13-at-16.05.46-1-1-768x576.jpeg 768w\" sizes=\"(max-width: 1024px) 100vw, 1024px\" \/><\/figure>\n\n\n\n<figure class=\"wp-block-image size-large\"><img decoding=\"async\" loading=\"lazy\" width=\"1024\" height=\"768\" src=\"http:\/\/pedroleopoldo.mg.gov.br\/wp-content\/uploads\/2023\/09\/WhatsApp-Image-2023-09-13-at-16.05.46-2-1.jpeg\" alt=\"\" class=\"wp-image-23659\" srcset=\"https:\/\/arquivo.pedroleopoldo.mg.gov.br\/wp-content\/uploads\/2023\/09\/WhatsApp-Image-2023-09-13-at-16.05.46-2-1.jpeg 1024w, https:\/\/arquivo.pedroleopoldo.mg.gov.br\/wp-content\/uploads\/2023\/09\/WhatsApp-Image-2023-09-13-at-16.05.46-2-1-300x225.jpeg 300w, https:\/\/arquivo.pedroleopoldo.mg.gov.br\/wp-content\/uploads\/2023\/09\/WhatsApp-Image-2023-09-13-at-16.05.46-2-1-768x576.jpeg 768w\" sizes=\"(max-width: 1024px) 100vw, 1024px\" \/><\/figure>\n\n\n\n<figure class=\"wp-block-image size-large\"><img decoding=\"async\" loading=\"lazy\" width=\"1024\" height=\"768\" src=\"http:\/\/pedroleopoldo.mg.gov.br\/wp-content\/uploads\/2023\/09\/WhatsApp-Image-2023-09-13-at-16.05.46-4.jpeg\" alt=\"\" class=\"wp-image-23657\" srcset=\"https:\/\/arquivo.pedroleopoldo.mg.gov.br\/wp-content\/uploads\/2023\/09\/WhatsApp-Image-2023-09-13-at-16.05.46-4.jpeg 1024w, https:\/\/arquivo.pedroleopoldo.mg.gov.br\/wp-content\/uploads\/2023\/09\/WhatsApp-Image-2023-09-13-at-16.05.46-4-300x225.jpeg 300w, https:\/\/arquivo.pedroleopoldo.mg.gov.br\/wp-content\/uploads\/2023\/09\/WhatsApp-Image-2023-09-13-at-16.05.46-4-768x576.jpeg 768w\" sizes=\"(max-width: 1024px) 100vw, 1024px\" \/><\/figure>\n\n\n\n<h4 class=\"wp-block-heading\">Centro de Odontologia <\/h4>\n\n\n\n<figure class=\"wp-block-image size-large\"><img decoding=\"async\" loading=\"lazy\" width=\"1024\" height=\"768\" src=\"http:\/\/pedroleopoldo.mg.gov.br\/wp-content\/uploads\/2023\/09\/WhatsApp-Image-2023-09-13-at-16.11.26-4.jpeg\" alt=\"\" class=\"wp-image-23653\" srcset=\"https:\/\/arquivo.pedroleopoldo.mg.gov.br\/wp-content\/uploads\/2023\/09\/WhatsApp-Image-2023-09-13-at-16.11.26-4.jpeg 1024w, https:\/\/arquivo.pedroleopoldo.mg.gov.br\/wp-content\/uploads\/2023\/09\/WhatsApp-Image-2023-09-13-at-16.11.26-4-300x225.jpeg 300w, https:\/\/arquivo.pedroleopoldo.mg.gov.br\/wp-content\/uploads\/2023\/09\/WhatsApp-Image-2023-09-13-at-16.11.26-4-768x576.jpeg 768w\" sizes=\"(max-width: 1024px) 100vw, 1024px\" \/><\/figure>\n\n\n\n<figure class=\"wp-block-image size-large\"><img decoding=\"async\" loading=\"lazy\" width=\"1024\" height=\"768\" src=\"http:\/\/pedroleopoldo.mg.gov.br\/wp-content\/uploads\/2023\/09\/WhatsApp-Image-2023-09-13-at-16.11.26-1-1.jpeg\" alt=\"\" class=\"wp-image-23654\" srcset=\"https:\/\/arquivo.pedroleopoldo.mg.gov.br\/wp-content\/uploads\/2023\/09\/WhatsApp-Image-2023-09-13-at-16.11.26-1-1.jpeg 1024w, https:\/\/arquivo.pedroleopoldo.mg.gov.br\/wp-content\/uploads\/2023\/09\/WhatsApp-Image-2023-09-13-at-16.11.26-1-1-300x225.jpeg 300w, https:\/\/arquivo.pedroleopoldo.mg.gov.br\/wp-content\/uploads\/2023\/09\/WhatsApp-Image-2023-09-13-at-16.11.26-1-1-768x576.jpeg 768w\" sizes=\"(max-width: 1024px) 100vw, 1024px\" \/><\/figure>\n\n\n\n<figure class=\"wp-block-image size-large\"><img decoding=\"async\" loading=\"lazy\" width=\"1024\" height=\"768\" src=\"http:\/\/pedroleopoldo.mg.gov.br\/wp-content\/uploads\/2023\/09\/WhatsApp-Image-2023-09-13-at-16.11.26-2-1.jpeg\" alt=\"\" class=\"wp-image-23655\" srcset=\"https:\/\/arquivo.pedroleopoldo.mg.gov.br\/wp-content\/uploads\/2023\/09\/WhatsApp-Image-2023-09-13-at-16.11.26-2-1.jpeg 1024w, https:\/\/arquivo.pedroleopoldo.mg.gov.br\/wp-content\/uploads\/2023\/09\/WhatsApp-Image-2023-09-13-at-16.11.26-2-1-300x225.jpeg 300w, https:\/\/arquivo.pedroleopoldo.mg.gov.br\/wp-content\/uploads\/2023\/09\/WhatsApp-Image-2023-09-13-at-16.11.26-2-1-768x576.jpeg 768w\" sizes=\"(max-width: 1024px) 100vw, 1024px\" \/><\/figure>\n\n\n\n<figure class=\"wp-block-image size-large\"><img decoding=\"async\" loading=\"lazy\" width=\"1024\" height=\"768\" src=\"http:\/\/pedroleopoldo.mg.gov.br\/wp-content\/uploads\/2023\/09\/WhatsApp-Image-2023-09-13-at-16.11.26-3-1.jpeg\" alt=\"\" class=\"wp-image-23656\" srcset=\"https:\/\/arquivo.pedroleopoldo.mg.gov.br\/wp-content\/uploads\/2023\/09\/WhatsApp-Image-2023-09-13-at-16.11.26-3-1.jpeg 1024w, https:\/\/arquivo.pedroleopoldo.mg.gov.br\/wp-content\/uploads\/2023\/09\/WhatsApp-Image-2023-09-13-at-16.11.26-3-1-300x225.jpeg 300w, https:\/\/arquivo.pedroleopoldo.mg.gov.br\/wp-content\/uploads\/2023\/09\/WhatsApp-Image-2023-09-13-at-16.11.26-3-1-768x576.jpeg 768w\" sizes=\"(max-width: 1024px) 100vw, 1024px\" \/><\/figure>\n","protected":false},"excerpt":{"rendered":"<p>Os trabalhos que envolveram as secretarias de Obras e Sa\u00fade, visam trazer mais qualidade no dia a dia dos cidad\u00e3os que frequentam estes espa\u00e7os A Prefeitura de Pedro Leopoldo, por meio da Secretaria de Obras e Servi\u00e7os P\u00fablicos, revitalizou dois locais importantes e com alto fluxo de pessoas no munic\u00edpio, o Centro de Odontologia, no &hellip; <a href=\"https:\/\/arquivo.pedroleopoldo.mg.gov.br\/?p=23628\" class=\"more-link\">Continuar lendo <span class=\"screen-reader-text\">Revitaliza\u00e7\u00f5es: Prefeitura promove melhorias no Centro de Odontologia e Campo Eldorado<\/span><\/a><\/p>\n","protected":false},"author":1,"featured_media":23654,"comment_status":"closed","ping_status":"closed","sticky":false,"template":"","format":"standard","meta":{"footnotes":""},"categories":[4],"tags":[],"_links":{"self":[{"href":"https:\/\/arquivo.pedroleopoldo.mg.gov.br\/index.php?rest_route=\/wp\/v2\/posts\/23628"}],"collection":[{"href":"https:\/\/arquivo.pedroleopoldo.mg.gov.br\/index.php?rest_route=\/wp\/v2\/posts"}],"about":[{"href":"https:\/\/arquivo.pedroleopoldo.mg.gov.br\/index.php?rest_route=\/wp\/v2\/types\/post"}],"author":[{"embeddable":true,"href":"https:\/\/arquivo.pedroleopoldo.mg.gov.br\/index.php?rest_route=\/wp\/v2\/users\/1"}],"replies":[{"embeddable":true,"href":"https:\/\/arquivo.pedroleopoldo.mg.gov.br\/index.php?rest_route=%2Fwp%2Fv2%2Fcomments&post=23628"}],"version-history":[{"count":0,"href":"https:\/\/arquivo.pedroleopoldo.mg.gov.br\/index.php?rest_route=\/wp\/v2\/posts\/23628\/revisions"}],"wp:featuredmedia":[{"embeddable":true,"href":"https:\/\/arquivo.pedroleopoldo.mg.gov.br\/index.php?rest_route=\/wp\/v2\/media\/23654"}],"wp:attachment":[{"href":"https:\/\/arquivo.pedroleopoldo.mg.gov.br\/index.php?rest_route=%2Fwp%2Fv2%2Fmedia&parent=23628"}],"wp:term":[{"taxonomy":"category","embeddable":true,"href":"https:\/\/arquivo.pedroleopoldo.mg.gov.br\/index.php?rest_route=%2Fwp%2Fv2%2Fcategories&post=23628"},{"taxonomy":"post_tag","embeddable":true,"href":"https:\/\/arquivo.pedroleopoldo.mg.gov.br\/index.php?rest_route=%2Fwp%2Fv2%2Ftags&post=23628"}],"curies":[{"name":"wp","href":"https:\/\/api.w.org\/{rel}","templated":true}]}}