{"id":23627,"date":"2023-09-19T12:26:47","date_gmt":"2023-09-19T15:26:47","guid":{"rendered":"http:\/\/pedroleopoldo.mg.gov.br\/?p=23627"},"modified":"2023-09-19T12:26:50","modified_gmt":"2023-09-19T15:26:50","slug":"prefeitura-de-pedro-leopoldo-prioriza-seguranca-viaria-e-inicia-revitalizacao-da-sinalizacao-de-transito-do-municipio","status":"publish","type":"post","link":"https:\/\/arquivo.pedroleopoldo.mg.gov.br\/?p=23627","title":{"rendered":"Prefeitura de Pedro Leopoldo prioriza seguran\u00e7a vi\u00e1ria e inicia revitaliza\u00e7\u00e3o da sinaliza\u00e7\u00e3o de tr\u00e2nsito do munic\u00edpio"},"content":{"rendered":"\n<p><em>Nas \u00faltimas semanas, a equipe da TRANSPL trabalhou incansavelmente para implementar melhorias em toda a cidade<\/em><\/p>\n\n\n\n<p>Os servi\u00e7os inicialmente foram feitos nos bairros Magalh\u00e3es, Centro, Lagoa de Santo Ant\u00f4nio, S\u00e3o Jos\u00e9 e Vila Aparecida. Esse esfor\u00e7o marca apenas o primeiro passo de um compromisso s\u00f3lido e duradouro com a seguran\u00e7a dos moradores de Pedro Leopoldo. Pintura de quebra-mola, implanta\u00e7\u00e3o de sinaliza\u00e7\u00e3o vertical e horizontal s\u00e3o algumas das maneiras de oferecer melhorias aos moradores.<\/p>\n\n\n\n<p>Diversas modifica\u00e7\u00f5es est\u00e3o sendo executadas, como a mudan\u00e7a do sentido na Rua Manoel Viana, no Magalh\u00e3es, que passa a ter o sentido de dire\u00e7\u00e3o m\u00e3o \u00fanica. J\u00e1 a rua Vereador Magno Claret, no bairro Lagoa de Santo Ant\u00f4nio tamb\u00e9m recebe altera\u00e7\u00f5es, em frente \u00e0 lot\u00e9rica e ao lado da porta de acesso do supermercado LagoCenter, ser\u00e3o implantadas duas travessias para pedestres.<\/p>\n\n\n\n<p>O Sr. Jo\u00e3o Silva, um dos muitos motoristas e moradores beneficiados por essas melhorias, compartilhou sua perspectiva: &#8220;\u00c9 \u00f3timo ver a prefeitura agindo para tornar nossas ruas mais seguras. A nova sinaliza\u00e7\u00e3o tornou as vias mais organizadas e facilitou a locomo\u00e7\u00e3o de todos n\u00f3s\u201d, destacou.<\/p>\n\n\n\n<p>A Prefeita Eloisa Helena, afirmou a import\u00e2ncia dessa iniciativa: &#8220;A seguran\u00e7a dos nossos cidad\u00e3os \u00e9 uma prioridade inegoci\u00e1vel para nossa administra\u00e7\u00e3o. A revitaliza\u00e7\u00e3o da sinaliza\u00e7\u00e3o de tr\u00e2nsito representa apenas o primeiro passo de uma s\u00e9rie de medidas que estamos tomando para tornar nosso tr\u00e2nsito mais seguro. Queremos garantir que todos possam se locomover com tranquilidade em nossa cidade.&#8221;<\/p>\n\n\n\n<p>Com a dedica\u00e7\u00e3o incans\u00e1vel da Prefeitura de Pedro Leopoldo e o apoio dos moradores, estamos firmemente no caminho certo para um tr\u00e2nsito mais seguro, eficiente e harmonioso em nossa cidade. Este \u00e9 um compromisso que beneficia a todos e reflete o empenho cont\u00ednuo de nossa administra\u00e7\u00e3o em fazer de Pedro Leopoldo um lugar onde a seguran\u00e7a vi\u00e1ria \u00e9 uma prioridade. Juntos, construiremos um ambiente de tr\u00e1fego mais seguro e agrad\u00e1vel para todos.<\/p>\n\n\n\n<figure class=\"wp-block-gallery columns-2 is-cropped wp-block-gallery-1 is-layout-flex wp-block-gallery-is-layout-flex\"><ul class=\"blocks-gallery-grid\"><li class=\"blocks-gallery-item\"><figure><img decoding=\"async\" loading=\"lazy\" width=\"768\" height=\"1024\" src=\"http:\/\/pedroleopoldo.mg.gov.br\/wp-content\/uploads\/2023\/09\/WhatsApp-Image-2023-09-13-at-16.29.08-1-768x1024.jpeg\" alt=\"\" data-id=\"23640\" data-full-url=\"http:\/\/pedroleopoldo.mg.gov.br\/wp-content\/uploads\/2023\/09\/WhatsApp-Image-2023-09-13-at-16.29.08-1.jpeg\" data-link=\"http:\/\/pedroleopoldo.mg.gov.br\/?attachment_id=23640\" class=\"wp-image-23640\" srcset=\"https:\/\/arquivo.pedroleopoldo.mg.gov.br\/wp-content\/uploads\/2023\/09\/WhatsApp-Image-2023-09-13-at-16.29.08-1-768x1024.jpeg 768w, https:\/\/arquivo.pedroleopoldo.mg.gov.br\/wp-content\/uploads\/2023\/09\/WhatsApp-Image-2023-09-13-at-16.29.08-1-225x300.jpeg 225w, https:\/\/arquivo.pedroleopoldo.mg.gov.br\/wp-content\/uploads\/2023\/09\/WhatsApp-Image-2023-09-13-at-16.29.08-1-1152x1536.jpeg 1152w, https:\/\/arquivo.pedroleopoldo.mg.gov.br\/wp-content\/uploads\/2023\/09\/WhatsApp-Image-2023-09-13-at-16.29.08-1.jpeg 1200w\" sizes=\"(max-width: 768px) 100vw, 768px\" \/><\/figure><\/li><li class=\"blocks-gallery-item\"><figure><img decoding=\"async\" loading=\"lazy\" width=\"768\" height=\"1024\" src=\"http:\/\/pedroleopoldo.mg.gov.br\/wp-content\/uploads\/2023\/09\/WhatsApp-Image-2023-09-13-at-16.29.47-1-768x1024.jpeg\" alt=\"\" data-id=\"23641\" data-full-url=\"http:\/\/pedroleopoldo.mg.gov.br\/wp-content\/uploads\/2023\/09\/WhatsApp-Image-2023-09-13-at-16.29.47-1.jpeg\" data-link=\"http:\/\/pedroleopoldo.mg.gov.br\/?attachment_id=23641\" class=\"wp-image-23641\" srcset=\"https:\/\/arquivo.pedroleopoldo.mg.gov.br\/wp-content\/uploads\/2023\/09\/WhatsApp-Image-2023-09-13-at-16.29.47-1-768x1024.jpeg 768w, https:\/\/arquivo.pedroleopoldo.mg.gov.br\/wp-content\/uploads\/2023\/09\/WhatsApp-Image-2023-09-13-at-16.29.47-1-225x300.jpeg 225w, https:\/\/arquivo.pedroleopoldo.mg.gov.br\/wp-content\/uploads\/2023\/09\/WhatsApp-Image-2023-09-13-at-16.29.47-1-1152x1536.jpeg 1152w, https:\/\/arquivo.pedroleopoldo.mg.gov.br\/wp-content\/uploads\/2023\/09\/WhatsApp-Image-2023-09-13-at-16.29.47-1.jpeg 1200w\" sizes=\"(max-width: 768px) 100vw, 768px\" \/><\/figure><\/li><li class=\"blocks-gallery-item\"><figure><img decoding=\"async\" loading=\"lazy\" width=\"771\" height=\"1024\" src=\"http:\/\/pedroleopoldo.mg.gov.br\/wp-content\/uploads\/2023\/09\/WhatsApp-Image-2023-09-13-at-16.29.56-2-771x1024.jpeg\" alt=\"\" data-id=\"23643\" data-full-url=\"http:\/\/pedroleopoldo.mg.gov.br\/wp-content\/uploads\/2023\/09\/WhatsApp-Image-2023-09-13-at-16.29.56-2.jpeg\" data-link=\"http:\/\/pedroleopoldo.mg.gov.br\/?attachment_id=23643\" class=\"wp-image-23643\" srcset=\"https:\/\/arquivo.pedroleopoldo.mg.gov.br\/wp-content\/uploads\/2023\/09\/WhatsApp-Image-2023-09-13-at-16.29.56-2-771x1024.jpeg 771w, https:\/\/arquivo.pedroleopoldo.mg.gov.br\/wp-content\/uploads\/2023\/09\/WhatsApp-Image-2023-09-13-at-16.29.56-2-226x300.jpeg 226w, https:\/\/arquivo.pedroleopoldo.mg.gov.br\/wp-content\/uploads\/2023\/09\/WhatsApp-Image-2023-09-13-at-16.29.56-2-768x1021.jpeg 768w, https:\/\/arquivo.pedroleopoldo.mg.gov.br\/wp-content\/uploads\/2023\/09\/WhatsApp-Image-2023-09-13-at-16.29.56-2-1156x1536.jpeg 1156w, https:\/\/arquivo.pedroleopoldo.mg.gov.br\/wp-content\/uploads\/2023\/09\/WhatsApp-Image-2023-09-13-at-16.29.56-2.jpeg 1204w\" sizes=\"(max-width: 771px) 100vw, 771px\" \/><\/figure><\/li><li class=\"blocks-gallery-item\"><figure><img decoding=\"async\" loading=\"lazy\" width=\"771\" height=\"1024\" src=\"http:\/\/pedroleopoldo.mg.gov.br\/wp-content\/uploads\/2023\/09\/WhatsApp-Image-2023-09-13-at-16.29.56-1-1-771x1024.jpeg\" alt=\"\" data-id=\"23644\" data-full-url=\"http:\/\/pedroleopoldo.mg.gov.br\/wp-content\/uploads\/2023\/09\/WhatsApp-Image-2023-09-13-at-16.29.56-1-1.jpeg\" data-link=\"http:\/\/pedroleopoldo.mg.gov.br\/?attachment_id=23644\" class=\"wp-image-23644\" srcset=\"https:\/\/arquivo.pedroleopoldo.mg.gov.br\/wp-content\/uploads\/2023\/09\/WhatsApp-Image-2023-09-13-at-16.29.56-1-1-771x1024.jpeg 771w, https:\/\/arquivo.pedroleopoldo.mg.gov.br\/wp-content\/uploads\/2023\/09\/WhatsApp-Image-2023-09-13-at-16.29.56-1-1-226x300.jpeg 226w, https:\/\/arquivo.pedroleopoldo.mg.gov.br\/wp-content\/uploads\/2023\/09\/WhatsApp-Image-2023-09-13-at-16.29.56-1-1-768x1021.jpeg 768w, https:\/\/arquivo.pedroleopoldo.mg.gov.br\/wp-content\/uploads\/2023\/09\/WhatsApp-Image-2023-09-13-at-16.29.56-1-1-1156x1536.jpeg 1156w, https:\/\/arquivo.pedroleopoldo.mg.gov.br\/wp-content\/uploads\/2023\/09\/WhatsApp-Image-2023-09-13-at-16.29.56-1-1.jpeg 1204w\" sizes=\"(max-width: 771px) 100vw, 771px\" \/><\/figure><\/li><li class=\"blocks-gallery-item\"><figure><img decoding=\"async\" loading=\"lazy\" width=\"771\" height=\"1024\" src=\"http:\/\/pedroleopoldo.mg.gov.br\/wp-content\/uploads\/2023\/09\/WhatsApp-Image-2023-09-13-at-16.29.57-2-771x1024.jpeg\" alt=\"\" data-id=\"23645\" data-full-url=\"http:\/\/pedroleopoldo.mg.gov.br\/wp-content\/uploads\/2023\/09\/WhatsApp-Image-2023-09-13-at-16.29.57-2.jpeg\" data-link=\"http:\/\/pedroleopoldo.mg.gov.br\/?attachment_id=23645\" class=\"wp-image-23645\" srcset=\"https:\/\/arquivo.pedroleopoldo.mg.gov.br\/wp-content\/uploads\/2023\/09\/WhatsApp-Image-2023-09-13-at-16.29.57-2-771x1024.jpeg 771w, https:\/\/arquivo.pedroleopoldo.mg.gov.br\/wp-content\/uploads\/2023\/09\/WhatsApp-Image-2023-09-13-at-16.29.57-2-226x300.jpeg 226w, https:\/\/arquivo.pedroleopoldo.mg.gov.br\/wp-content\/uploads\/2023\/09\/WhatsApp-Image-2023-09-13-at-16.29.57-2-768x1021.jpeg 768w, https:\/\/arquivo.pedroleopoldo.mg.gov.br\/wp-content\/uploads\/2023\/09\/WhatsApp-Image-2023-09-13-at-16.29.57-2-1156x1536.jpeg 1156w, https:\/\/arquivo.pedroleopoldo.mg.gov.br\/wp-content\/uploads\/2023\/09\/WhatsApp-Image-2023-09-13-at-16.29.57-2.jpeg 1204w\" sizes=\"(max-width: 771px) 100vw, 771px\" \/><\/figure><\/li><li class=\"blocks-gallery-item\"><figure><img decoding=\"async\" loading=\"lazy\" width=\"1024\" height=\"576\" src=\"http:\/\/pedroleopoldo.mg.gov.br\/wp-content\/uploads\/2023\/09\/WhatsApp-Image-2023-09-13-at-16.29.57-1-1-1-1024x576.jpeg\" alt=\"\" data-id=\"23646\" data-full-url=\"http:\/\/pedroleopoldo.mg.gov.br\/wp-content\/uploads\/2023\/09\/WhatsApp-Image-2023-09-13-at-16.29.57-1-1-1.jpeg\" data-link=\"http:\/\/pedroleopoldo.mg.gov.br\/?attachment_id=23646\" class=\"wp-image-23646\" srcset=\"https:\/\/arquivo.pedroleopoldo.mg.gov.br\/wp-content\/uploads\/2023\/09\/WhatsApp-Image-2023-09-13-at-16.29.57-1-1-1-1024x576.jpeg 1024w, https:\/\/arquivo.pedroleopoldo.mg.gov.br\/wp-content\/uploads\/2023\/09\/WhatsApp-Image-2023-09-13-at-16.29.57-1-1-1-300x169.jpeg 300w, https:\/\/arquivo.pedroleopoldo.mg.gov.br\/wp-content\/uploads\/2023\/09\/WhatsApp-Image-2023-09-13-at-16.29.57-1-1-1-768x432.jpeg 768w, https:\/\/arquivo.pedroleopoldo.mg.gov.br\/wp-content\/uploads\/2023\/09\/WhatsApp-Image-2023-09-13-at-16.29.57-1-1-1-1536x864.jpeg 1536w, https:\/\/arquivo.pedroleopoldo.mg.gov.br\/wp-content\/uploads\/2023\/09\/WhatsApp-Image-2023-09-13-at-16.29.57-1-1-1.jpeg 1599w\" sizes=\"(max-width: 1024px) 100vw, 1024px\" \/><\/figure><\/li><li class=\"blocks-gallery-item\"><figure><img decoding=\"async\" loading=\"lazy\" width=\"1024\" height=\"768\" src=\"http:\/\/pedroleopoldo.mg.gov.br\/wp-content\/uploads\/2023\/09\/WhatsApp-Image-2023-09-13-at-16.34.07-1-1024x768.jpeg\" alt=\"\" data-id=\"23647\" data-full-url=\"http:\/\/pedroleopoldo.mg.gov.br\/wp-content\/uploads\/2023\/09\/WhatsApp-Image-2023-09-13-at-16.34.07-1-scaled.jpeg\" data-link=\"http:\/\/pedroleopoldo.mg.gov.br\/?attachment_id=23647\" class=\"wp-image-23647\" srcset=\"https:\/\/arquivo.pedroleopoldo.mg.gov.br\/wp-content\/uploads\/2023\/09\/WhatsApp-Image-2023-09-13-at-16.34.07-1-1024x768.jpeg 1024w, https:\/\/arquivo.pedroleopoldo.mg.gov.br\/wp-content\/uploads\/2023\/09\/WhatsApp-Image-2023-09-13-at-16.34.07-1-300x225.jpeg 300w, https:\/\/arquivo.pedroleopoldo.mg.gov.br\/wp-content\/uploads\/2023\/09\/WhatsApp-Image-2023-09-13-at-16.34.07-1-768x576.jpeg 768w, https:\/\/arquivo.pedroleopoldo.mg.gov.br\/wp-content\/uploads\/2023\/09\/WhatsApp-Image-2023-09-13-at-16.34.07-1-1536x1152.jpeg 1536w, https:\/\/arquivo.pedroleopoldo.mg.gov.br\/wp-content\/uploads\/2023\/09\/WhatsApp-Image-2023-09-13-at-16.34.07-1-2048x1536.jpeg 2048w\" sizes=\"(max-width: 1024px) 100vw, 1024px\" \/><\/figure><\/li><\/ul><\/figure>\n","protected":false},"excerpt":{"rendered":"<p>Nas \u00faltimas semanas, a equipe da TRANSPL trabalhou incansavelmente para implementar melhorias em toda a cidade Os servi\u00e7os inicialmente foram feitos nos bairros Magalh\u00e3es, Centro, Lagoa de Santo Ant\u00f4nio, S\u00e3o Jos\u00e9 e Vila Aparecida. Esse esfor\u00e7o marca apenas o primeiro passo de um compromisso s\u00f3lido e duradouro com a seguran\u00e7a dos moradores de Pedro Leopoldo. &hellip; <a href=\"https:\/\/arquivo.pedroleopoldo.mg.gov.br\/?p=23627\" class=\"more-link\">Continuar lendo <span class=\"screen-reader-text\">Prefeitura de Pedro Leopoldo prioriza seguran\u00e7a vi\u00e1ria e inicia revitaliza\u00e7\u00e3o da sinaliza\u00e7\u00e3o de tr\u00e2nsito do munic\u00edpio<\/span><\/a><\/p>\n","protected":false},"author":1,"featured_media":23642,"comment_status":"closed","ping_status":"closed","sticky":false,"template":"","format":"standard","meta":{"footnotes":""},"categories":[4],"tags":[],"_links":{"self":[{"href":"https:\/\/arquivo.pedroleopoldo.mg.gov.br\/index.php?rest_route=\/wp\/v2\/posts\/23627"}],"collection":[{"href":"https:\/\/arquivo.pedroleopoldo.mg.gov.br\/index.php?rest_route=\/wp\/v2\/posts"}],"about":[{"href":"https:\/\/arquivo.pedroleopoldo.mg.gov.br\/index.php?rest_route=\/wp\/v2\/types\/post"}],"author":[{"embeddable":true,"href":"https:\/\/arquivo.pedroleopoldo.mg.gov.br\/index.php?rest_route=\/wp\/v2\/users\/1"}],"replies":[{"embeddable":true,"href":"https:\/\/arquivo.pedroleopoldo.mg.gov.br\/index.php?rest_route=%2Fwp%2Fv2%2Fcomments&post=23627"}],"version-history":[{"count":0,"href":"https:\/\/arquivo.pedroleopoldo.mg.gov.br\/index.php?rest_route=\/wp\/v2\/posts\/23627\/revisions"}],"wp:featuredmedia":[{"embeddable":true,"href":"https:\/\/arquivo.pedroleopoldo.mg.gov.br\/index.php?rest_route=\/wp\/v2\/media\/23642"}],"wp:attachment":[{"href":"https:\/\/arquivo.pedroleopoldo.mg.gov.br\/index.php?rest_route=%2Fwp%2Fv2%2Fmedia&parent=23627"}],"wp:term":[{"taxonomy":"category","embeddable":true,"href":"https:\/\/arquivo.pedroleopoldo.mg.gov.br\/index.php?rest_route=%2Fwp%2Fv2%2Fcategories&post=23627"},{"taxonomy":"post_tag","embeddable":true,"href":"https:\/\/arquivo.pedroleopoldo.mg.gov.br\/index.php?rest_route=%2Fwp%2Fv2%2Ftags&post=23627"}],"curies":[{"name":"wp","href":"https:\/\/api.w.org\/{rel}","templated":true}]}}