{"id":23626,"date":"2023-09-19T12:26:19","date_gmt":"2023-09-19T15:26:19","guid":{"rendered":"http:\/\/pedroleopoldo.mg.gov.br\/?p=23626"},"modified":"2023-09-19T12:26:24","modified_gmt":"2023-09-19T15:26:24","slug":"07-de-setembro-e-sucesso-em-pedro-leopoldo-e-rende-elogios","status":"publish","type":"post","link":"https:\/\/arquivo.pedroleopoldo.mg.gov.br\/?p=23626","title":{"rendered":"07 de setembro \u00e9 sucesso em Pedro Leopoldo e rende elogios"},"content":{"rendered":"\n<p><em>Com novo formato, a rua Dr. Cristiano Otoni, em frente \u00e0 Prefeitura recebeu centenas de pessoas na manh\u00e3 de comemora\u00e7\u00e3o c\u00edvica<\/em><\/p>\n\n\n\n<p>Inovadora e fant\u00e1stica, assim foi a comemora\u00e7\u00e3o da Independ\u00eancia do Brasil em Pedro Leopoldo. Na \u00faltima quinta-feira, 7 de setembro, a Prefeitura de Pedro Leopoldo investiu em inova\u00e7\u00e3o para comemorar essa data t\u00e3o especial. Foi realizado um momento c\u00edvico na pra\u00e7a da Prefeitura, com diversas apresenta\u00e7\u00f5es dos alunos de Escolas Municipais, Estaduais e Particulares do munic\u00edpio. A programa\u00e7\u00e3o foi diversa e contou com bal\u00e9, fanfarra, poesia, flauta, viol\u00e3o, dan\u00e7a, e para finalizar, a Banda Civil Cachoeira Grande fez um espet\u00e1culo para todos.<\/p>\n\n\n\n<p>Foi montada uma bela estrutura, com cadeiras, tenda e palco, com o objetivo de oferecer mais conforto para quem se apresentou no local e para quem foi prestigiar. Ant\u00f4nio Carlos Batista Martins, elogiou a iniciativa e ficou satisfeito com o novo formato da comemora\u00e7\u00e3o. \u201cEst\u00e1 tudo muito bonito, o pessoal se divertindo, v\u00e1rias fam\u00edlias. Essa nova forma de comemorar o 7 de setembro ficou \u00f3tima, as crian\u00e7as t\u00eam mais conforto, n\u00e3o ficam expostas ao sol, muito bom. Parab\u00e9ns, Prefeitura\u201d, disse.<\/p>\n\n\n\n<p>A Prefeita Eloisa Helena se mostrou orgulhosa e emocionada. \u201cFico imensamente feliz em ver a nossa comunidade reunida para celebrar a independ\u00eancia do nosso pa\u00eds. \u00c9 emocionante ver nossos talentosos alunos brilharem. Agrade\u00e7o a todos que prestigiaram este evento especial e quero refor\u00e7ar nosso compromisso de continuar construindo uma sociedade onde todos tenham igualdade de oportunidades. Trabalharemos incansavelmente por um futuro melhor para todos, pois uma cidade, e um pa\u00eds cada vez melhor e mais inclusivo. Parab\u00e9ns aos alunos que embelezam e engrandeceram este momento c\u00edvico t\u00e3o bonito, e obrigado a todos que participaram&#8221;, finalizou.<\/p>\n\n\n\n<figure class=\"wp-block-gallery columns-2 is-cropped wp-block-gallery-1 is-layout-flex wp-block-gallery-is-layout-flex\"><ul class=\"blocks-gallery-grid\"><li class=\"blocks-gallery-item\"><figure><img decoding=\"async\" loading=\"lazy\" width=\"1024\" height=\"768\" src=\"http:\/\/pedroleopoldo.mg.gov.br\/wp-content\/uploads\/2023\/09\/WhatsApp-Image-2023-09-13-at-16.17.17-4-1.jpeg\" alt=\"\" data-id=\"23630\" data-full-url=\"http:\/\/pedroleopoldo.mg.gov.br\/wp-content\/uploads\/2023\/09\/WhatsApp-Image-2023-09-13-at-16.17.17-4-1.jpeg\" data-link=\"http:\/\/pedroleopoldo.mg.gov.br\/?attachment_id=23630\" class=\"wp-image-23630\" srcset=\"https:\/\/arquivo.pedroleopoldo.mg.gov.br\/wp-content\/uploads\/2023\/09\/WhatsApp-Image-2023-09-13-at-16.17.17-4-1.jpeg 1024w, https:\/\/arquivo.pedroleopoldo.mg.gov.br\/wp-content\/uploads\/2023\/09\/WhatsApp-Image-2023-09-13-at-16.17.17-4-1-300x225.jpeg 300w, https:\/\/arquivo.pedroleopoldo.mg.gov.br\/wp-content\/uploads\/2023\/09\/WhatsApp-Image-2023-09-13-at-16.17.17-4-1-768x576.jpeg 768w\" sizes=\"(max-width: 1024px) 100vw, 1024px\" \/><\/figure><\/li><li class=\"blocks-gallery-item\"><figure><img decoding=\"async\" loading=\"lazy\" width=\"1024\" height=\"768\" src=\"http:\/\/pedroleopoldo.mg.gov.br\/wp-content\/uploads\/2023\/09\/WhatsApp-Image-2023-09-13-at-16.17.17-3-1.jpeg\" alt=\"\" data-id=\"23631\" data-full-url=\"http:\/\/pedroleopoldo.mg.gov.br\/wp-content\/uploads\/2023\/09\/WhatsApp-Image-2023-09-13-at-16.17.17-3-1.jpeg\" data-link=\"http:\/\/pedroleopoldo.mg.gov.br\/?attachment_id=23631\" class=\"wp-image-23631\" srcset=\"https:\/\/arquivo.pedroleopoldo.mg.gov.br\/wp-content\/uploads\/2023\/09\/WhatsApp-Image-2023-09-13-at-16.17.17-3-1.jpeg 1024w, https:\/\/arquivo.pedroleopoldo.mg.gov.br\/wp-content\/uploads\/2023\/09\/WhatsApp-Image-2023-09-13-at-16.17.17-3-1-300x225.jpeg 300w, https:\/\/arquivo.pedroleopoldo.mg.gov.br\/wp-content\/uploads\/2023\/09\/WhatsApp-Image-2023-09-13-at-16.17.17-3-1-768x576.jpeg 768w\" sizes=\"(max-width: 1024px) 100vw, 1024px\" \/><\/figure><\/li><li class=\"blocks-gallery-item\"><figure><img decoding=\"async\" loading=\"lazy\" width=\"1024\" height=\"768\" src=\"http:\/\/pedroleopoldo.mg.gov.br\/wp-content\/uploads\/2023\/09\/WhatsApp-Image-2023-09-13-at-16.17.17-2-1.jpeg\" alt=\"\" data-id=\"23632\" data-full-url=\"http:\/\/pedroleopoldo.mg.gov.br\/wp-content\/uploads\/2023\/09\/WhatsApp-Image-2023-09-13-at-16.17.17-2-1.jpeg\" data-link=\"http:\/\/pedroleopoldo.mg.gov.br\/?attachment_id=23632\" class=\"wp-image-23632\" srcset=\"https:\/\/arquivo.pedroleopoldo.mg.gov.br\/wp-content\/uploads\/2023\/09\/WhatsApp-Image-2023-09-13-at-16.17.17-2-1.jpeg 1024w, https:\/\/arquivo.pedroleopoldo.mg.gov.br\/wp-content\/uploads\/2023\/09\/WhatsApp-Image-2023-09-13-at-16.17.17-2-1-300x225.jpeg 300w, https:\/\/arquivo.pedroleopoldo.mg.gov.br\/wp-content\/uploads\/2023\/09\/WhatsApp-Image-2023-09-13-at-16.17.17-2-1-768x576.jpeg 768w\" sizes=\"(max-width: 1024px) 100vw, 1024px\" \/><\/figure><\/li><li class=\"blocks-gallery-item\"><figure><img decoding=\"async\" loading=\"lazy\" width=\"1024\" height=\"768\" src=\"http:\/\/pedroleopoldo.mg.gov.br\/wp-content\/uploads\/2023\/09\/WhatsApp-Image-2023-09-13-at-16.17.17-1-1.jpeg\" alt=\"\" data-id=\"23634\" data-full-url=\"http:\/\/pedroleopoldo.mg.gov.br\/wp-content\/uploads\/2023\/09\/WhatsApp-Image-2023-09-13-at-16.17.17-1-1.jpeg\" data-link=\"http:\/\/pedroleopoldo.mg.gov.br\/?attachment_id=23634\" class=\"wp-image-23634\" srcset=\"https:\/\/arquivo.pedroleopoldo.mg.gov.br\/wp-content\/uploads\/2023\/09\/WhatsApp-Image-2023-09-13-at-16.17.17-1-1.jpeg 1024w, https:\/\/arquivo.pedroleopoldo.mg.gov.br\/wp-content\/uploads\/2023\/09\/WhatsApp-Image-2023-09-13-at-16.17.17-1-1-300x225.jpeg 300w, https:\/\/arquivo.pedroleopoldo.mg.gov.br\/wp-content\/uploads\/2023\/09\/WhatsApp-Image-2023-09-13-at-16.17.17-1-1-768x576.jpeg 768w\" sizes=\"(max-width: 1024px) 100vw, 1024px\" \/><\/figure><\/li><li class=\"blocks-gallery-item\"><figure><img decoding=\"async\" loading=\"lazy\" width=\"1024\" height=\"768\" src=\"http:\/\/pedroleopoldo.mg.gov.br\/wp-content\/uploads\/2023\/09\/WhatsApp-Image-2023-09-13-at-16.17.17-5.jpeg\" alt=\"\" data-id=\"23635\" data-full-url=\"http:\/\/pedroleopoldo.mg.gov.br\/wp-content\/uploads\/2023\/09\/WhatsApp-Image-2023-09-13-at-16.17.17-5.jpeg\" data-link=\"http:\/\/pedroleopoldo.mg.gov.br\/?attachment_id=23635\" class=\"wp-image-23635\" srcset=\"https:\/\/arquivo.pedroleopoldo.mg.gov.br\/wp-content\/uploads\/2023\/09\/WhatsApp-Image-2023-09-13-at-16.17.17-5.jpeg 1024w, https:\/\/arquivo.pedroleopoldo.mg.gov.br\/wp-content\/uploads\/2023\/09\/WhatsApp-Image-2023-09-13-at-16.17.17-5-300x225.jpeg 300w, https:\/\/arquivo.pedroleopoldo.mg.gov.br\/wp-content\/uploads\/2023\/09\/WhatsApp-Image-2023-09-13-at-16.17.17-5-768x576.jpeg 768w\" sizes=\"(max-width: 1024px) 100vw, 1024px\" \/><\/figure><\/li><li class=\"blocks-gallery-item\"><figure><img decoding=\"async\" loading=\"lazy\" width=\"1024\" height=\"768\" src=\"http:\/\/pedroleopoldo.mg.gov.br\/wp-content\/uploads\/2023\/09\/WhatsApp-Image-2023-09-13-at-16.19.58-3-1-1.jpeg\" alt=\"\" data-id=\"23636\" data-full-url=\"http:\/\/pedroleopoldo.mg.gov.br\/wp-content\/uploads\/2023\/09\/WhatsApp-Image-2023-09-13-at-16.19.58-3-1-1.jpeg\" data-link=\"http:\/\/pedroleopoldo.mg.gov.br\/?attachment_id=23636\" class=\"wp-image-23636\" srcset=\"https:\/\/arquivo.pedroleopoldo.mg.gov.br\/wp-content\/uploads\/2023\/09\/WhatsApp-Image-2023-09-13-at-16.19.58-3-1-1.jpeg 1024w, https:\/\/arquivo.pedroleopoldo.mg.gov.br\/wp-content\/uploads\/2023\/09\/WhatsApp-Image-2023-09-13-at-16.19.58-3-1-1-300x225.jpeg 300w, https:\/\/arquivo.pedroleopoldo.mg.gov.br\/wp-content\/uploads\/2023\/09\/WhatsApp-Image-2023-09-13-at-16.19.58-3-1-1-768x576.jpeg 768w\" sizes=\"(max-width: 1024px) 100vw, 1024px\" \/><\/figure><\/li><li class=\"blocks-gallery-item\"><figure><img decoding=\"async\" loading=\"lazy\" width=\"1024\" height=\"768\" src=\"http:\/\/pedroleopoldo.mg.gov.br\/wp-content\/uploads\/2023\/09\/WhatsApp-Image-2023-09-13-at-16.19.58-2-1.jpeg\" alt=\"\" data-id=\"23637\" data-full-url=\"http:\/\/pedroleopoldo.mg.gov.br\/wp-content\/uploads\/2023\/09\/WhatsApp-Image-2023-09-13-at-16.19.58-2-1.jpeg\" data-link=\"http:\/\/pedroleopoldo.mg.gov.br\/?attachment_id=23637\" class=\"wp-image-23637\" srcset=\"https:\/\/arquivo.pedroleopoldo.mg.gov.br\/wp-content\/uploads\/2023\/09\/WhatsApp-Image-2023-09-13-at-16.19.58-2-1.jpeg 1024w, https:\/\/arquivo.pedroleopoldo.mg.gov.br\/wp-content\/uploads\/2023\/09\/WhatsApp-Image-2023-09-13-at-16.19.58-2-1-300x225.jpeg 300w, https:\/\/arquivo.pedroleopoldo.mg.gov.br\/wp-content\/uploads\/2023\/09\/WhatsApp-Image-2023-09-13-at-16.19.58-2-1-768x576.jpeg 768w\" sizes=\"(max-width: 1024px) 100vw, 1024px\" \/><\/figure><\/li><li class=\"blocks-gallery-item\"><figure><img decoding=\"async\" loading=\"lazy\" width=\"1024\" height=\"768\" src=\"http:\/\/pedroleopoldo.mg.gov.br\/wp-content\/uploads\/2023\/09\/WhatsApp-Image-2023-09-13-at-16.19.58-1-1.jpeg\" alt=\"\" data-id=\"23638\" data-full-url=\"http:\/\/pedroleopoldo.mg.gov.br\/wp-content\/uploads\/2023\/09\/WhatsApp-Image-2023-09-13-at-16.19.58-1-1.jpeg\" data-link=\"http:\/\/pedroleopoldo.mg.gov.br\/?attachment_id=23638\" class=\"wp-image-23638\" srcset=\"https:\/\/arquivo.pedroleopoldo.mg.gov.br\/wp-content\/uploads\/2023\/09\/WhatsApp-Image-2023-09-13-at-16.19.58-1-1.jpeg 1024w, https:\/\/arquivo.pedroleopoldo.mg.gov.br\/wp-content\/uploads\/2023\/09\/WhatsApp-Image-2023-09-13-at-16.19.58-1-1-300x225.jpeg 300w, https:\/\/arquivo.pedroleopoldo.mg.gov.br\/wp-content\/uploads\/2023\/09\/WhatsApp-Image-2023-09-13-at-16.19.58-1-1-768x576.jpeg 768w\" sizes=\"(max-width: 1024px) 100vw, 1024px\" \/><\/figure><\/li><li class=\"blocks-gallery-item\"><figure><img decoding=\"async\" loading=\"lazy\" width=\"1024\" height=\"768\" src=\"http:\/\/pedroleopoldo.mg.gov.br\/wp-content\/uploads\/2023\/09\/WhatsApp-Image-2023-09-13-at-16.19.58-4.jpeg\" alt=\"\" data-id=\"23639\" data-full-url=\"http:\/\/pedroleopoldo.mg.gov.br\/wp-content\/uploads\/2023\/09\/WhatsApp-Image-2023-09-13-at-16.19.58-4.jpeg\" data-link=\"http:\/\/pedroleopoldo.mg.gov.br\/?attachment_id=23639\" class=\"wp-image-23639\" srcset=\"https:\/\/arquivo.pedroleopoldo.mg.gov.br\/wp-content\/uploads\/2023\/09\/WhatsApp-Image-2023-09-13-at-16.19.58-4.jpeg 1024w, https:\/\/arquivo.pedroleopoldo.mg.gov.br\/wp-content\/uploads\/2023\/09\/WhatsApp-Image-2023-09-13-at-16.19.58-4-300x225.jpeg 300w, https:\/\/arquivo.pedroleopoldo.mg.gov.br\/wp-content\/uploads\/2023\/09\/WhatsApp-Image-2023-09-13-at-16.19.58-4-768x576.jpeg 768w\" sizes=\"(max-width: 1024px) 100vw, 1024px\" \/><\/figure><\/li><\/ul><\/figure>\n","protected":false},"excerpt":{"rendered":"<p>Com novo formato, a rua Dr. Cristiano Otoni, em frente \u00e0 Prefeitura recebeu centenas de pessoas na manh\u00e3 de comemora\u00e7\u00e3o c\u00edvica Inovadora e fant\u00e1stica, assim foi a comemora\u00e7\u00e3o da Independ\u00eancia do Brasil em Pedro Leopoldo. Na \u00faltima quinta-feira, 7 de setembro, a Prefeitura de Pedro Leopoldo investiu em inova\u00e7\u00e3o para comemorar essa data t\u00e3o especial. &hellip; <a href=\"https:\/\/arquivo.pedroleopoldo.mg.gov.br\/?p=23626\" class=\"more-link\">Continuar lendo <span class=\"screen-reader-text\">07 de setembro \u00e9 sucesso em Pedro Leopoldo e rende elogios<\/span><\/a><\/p>\n","protected":false},"author":1,"featured_media":23633,"comment_status":"closed","ping_status":"closed","sticky":false,"template":"","format":"standard","meta":{"footnotes":""},"categories":[4],"tags":[],"_links":{"self":[{"href":"https:\/\/arquivo.pedroleopoldo.mg.gov.br\/index.php?rest_route=\/wp\/v2\/posts\/23626"}],"collection":[{"href":"https:\/\/arquivo.pedroleopoldo.mg.gov.br\/index.php?rest_route=\/wp\/v2\/posts"}],"about":[{"href":"https:\/\/arquivo.pedroleopoldo.mg.gov.br\/index.php?rest_route=\/wp\/v2\/types\/post"}],"author":[{"embeddable":true,"href":"https:\/\/arquivo.pedroleopoldo.mg.gov.br\/index.php?rest_route=\/wp\/v2\/users\/1"}],"replies":[{"embeddable":true,"href":"https:\/\/arquivo.pedroleopoldo.mg.gov.br\/index.php?rest_route=%2Fwp%2Fv2%2Fcomments&post=23626"}],"version-history":[{"count":0,"href":"https:\/\/arquivo.pedroleopoldo.mg.gov.br\/index.php?rest_route=\/wp\/v2\/posts\/23626\/revisions"}],"wp:featuredmedia":[{"embeddable":true,"href":"https:\/\/arquivo.pedroleopoldo.mg.gov.br\/index.php?rest_route=\/wp\/v2\/media\/23633"}],"wp:attachment":[{"href":"https:\/\/arquivo.pedroleopoldo.mg.gov.br\/index.php?rest_route=%2Fwp%2Fv2%2Fmedia&parent=23626"}],"wp:term":[{"taxonomy":"category","embeddable":true,"href":"https:\/\/arquivo.pedroleopoldo.mg.gov.br\/index.php?rest_route=%2Fwp%2Fv2%2Fcategories&post=23626"},{"taxonomy":"post_tag","embeddable":true,"href":"https:\/\/arquivo.pedroleopoldo.mg.gov.br\/index.php?rest_route=%2Fwp%2Fv2%2Ftags&post=23626"}],"curies":[{"name":"wp","href":"https:\/\/api.w.org\/{rel}","templated":true}]}}