{"id":23625,"date":"2023-09-19T12:25:52","date_gmt":"2023-09-19T15:25:52","guid":{"rendered":"http:\/\/pedroleopoldo.mg.gov.br\/?p=23625"},"modified":"2023-09-19T12:25:55","modified_gmt":"2023-09-19T15:25:55","slug":"agenda-cultural-eventos-tem-destaque-no-municipio","status":"publish","type":"post","link":"https:\/\/arquivo.pedroleopoldo.mg.gov.br\/?p=23625","title":{"rendered":"Agenda Cultural: Eventos t\u00eam destaque no munic\u00edpio"},"content":{"rendered":"\n<p><em>Orquestra Cachoeira Grande, Palestra de Arqueologia e Batalha de MC\u00b4s, foram e fazer parte de uma programa\u00e7\u00e3o diversa rumo aos 100 anos de Pedro Leopoldo&nbsp;<\/em><\/p>\n\n\n\n<p>Pensando em trabalhar para agradar a todos os p\u00fablicos do munic\u00edpio, a Prefeitura de Pedro Leopoldo, atrav\u00e9s da Secretaria Municipal de Cultura Lazer e Turismo, vem promovendo uma agenda cultural ecl\u00e9tica e atrativa para os cidad\u00e3os, rumo ao centen\u00e1rio que ser\u00e1 comemorado em 2024.&nbsp;<\/p>\n\n\n\n<p>No in\u00edcio do m\u00eas de setembro, foram comemorados os 10 anos da Orquestra Sinf\u00f4nica Cachoeira Grande, na Igreja S\u00e3o Judas Tadeu. A apresenta\u00e7\u00e3o contou ainda com a participa\u00e7\u00e3o do Coral Luiz Gonzaga e Tenores in Concert. \u201cPara a Prefeitura de Pedro Leopoldo a Orquestra Sinf\u00f4nica Cachoeira Grande \u00e9 um verdadeiro tesouro art\u00edstico e se tornou uma \u00f3tima oportunidade para o incentivo cultural, gra\u00e7as, tamb\u00e9m, \u00e0 Escola de M\u00fasica que tem a parceria e o apoio da Prefeitura e oferece educa\u00e7\u00e3o musical gratuita, capacitando os alunos para, eventualmente, ingressarem na orquestra\u201d, comentou a Secret\u00e1ria de Cultura, Patr\u00edcia Rafael.<\/p>\n\n\n\n<p><strong>CONFIRA AS PR\u00d3XIMAS ATRA\u00c7\u00d5ES CULTURAIS<\/strong><\/p>\n\n\n\n<p>BATALHA DE MC &#8216;S: Acontece nesta sexta-feira, 15, a Batalha de MCs.O evento est\u00e1 marcado para \u00e0s 18h, na Pra\u00e7a Francisco C\u00e2ndido Xavier (Pra\u00e7a da Prefeitura), e trar\u00e1 como destaque a participa\u00e7\u00e3o especial do grupo &#8220;Batalha WB&#8221;. Esta iniciativa reafirma o compromisso da nossa administra\u00e7\u00e3o com a promo\u00e7\u00e3o e valoriza\u00e7\u00e3o da cultura em todas as suas formas.<\/p>\n\n\n\n<p>CAMINHOS ARQUEOL\u00d3GICOS: Uma palestra vai explorar os registros de ocupa\u00e7\u00e3o humana em Pedro Leopoldo, os mais antigos da Am\u00e9rica, e revelar aos jovens a fascinante hist\u00f3ria escondida em nossos s\u00edtios arqueol\u00f3gicos, muitos dos quais ainda aguardam descobertas. O evento acontece nesta quinta-feira, 14 de setembro, \u00e0s 9h, na Pra\u00e7a da Esta\u00e7\u00e3o.\u00a0<\/p>\n\n\n\n<figure class=\"wp-block-image size-large\"><img decoding=\"async\" loading=\"lazy\" width=\"1024\" height=\"768\" src=\"http:\/\/pedroleopoldo.mg.gov.br\/wp-content\/uploads\/2023\/09\/WhatsApp-Image-2023-09-13-at-16.03.00-1-1024x768.jpeg\" alt=\"\" class=\"wp-image-23629\" srcset=\"https:\/\/arquivo.pedroleopoldo.mg.gov.br\/wp-content\/uploads\/2023\/09\/WhatsApp-Image-2023-09-13-at-16.03.00-1-1024x768.jpeg 1024w, https:\/\/arquivo.pedroleopoldo.mg.gov.br\/wp-content\/uploads\/2023\/09\/WhatsApp-Image-2023-09-13-at-16.03.00-1-300x225.jpeg 300w, https:\/\/arquivo.pedroleopoldo.mg.gov.br\/wp-content\/uploads\/2023\/09\/WhatsApp-Image-2023-09-13-at-16.03.00-1-768x576.jpeg 768w, https:\/\/arquivo.pedroleopoldo.mg.gov.br\/wp-content\/uploads\/2023\/09\/WhatsApp-Image-2023-09-13-at-16.03.00-1-1536x1152.jpeg 1536w, https:\/\/arquivo.pedroleopoldo.mg.gov.br\/wp-content\/uploads\/2023\/09\/WhatsApp-Image-2023-09-13-at-16.03.00-1-2048x1536.jpeg 2048w\" sizes=\"(max-width: 1024px) 100vw, 1024px\" \/><\/figure>\n","protected":false},"excerpt":{"rendered":"<p>Orquestra Cachoeira Grande, Palestra de Arqueologia e Batalha de MC\u00b4s, foram e fazer parte de uma programa\u00e7\u00e3o diversa rumo aos 100 anos de Pedro Leopoldo&nbsp; Pensando em trabalhar para agradar a todos os p\u00fablicos do munic\u00edpio, a Prefeitura de Pedro Leopoldo, atrav\u00e9s da Secretaria Municipal de Cultura Lazer e Turismo, vem promovendo uma agenda cultural &hellip; <a href=\"https:\/\/arquivo.pedroleopoldo.mg.gov.br\/?p=23625\" class=\"more-link\">Continuar lendo <span class=\"screen-reader-text\">Agenda Cultural: Eventos t\u00eam destaque no munic\u00edpio<\/span><\/a><\/p>\n","protected":false},"author":1,"featured_media":23629,"comment_status":"closed","ping_status":"closed","sticky":false,"template":"","format":"standard","meta":{"footnotes":""},"categories":[4],"tags":[],"_links":{"self":[{"href":"https:\/\/arquivo.pedroleopoldo.mg.gov.br\/index.php?rest_route=\/wp\/v2\/posts\/23625"}],"collection":[{"href":"https:\/\/arquivo.pedroleopoldo.mg.gov.br\/index.php?rest_route=\/wp\/v2\/posts"}],"about":[{"href":"https:\/\/arquivo.pedroleopoldo.mg.gov.br\/index.php?rest_route=\/wp\/v2\/types\/post"}],"author":[{"embeddable":true,"href":"https:\/\/arquivo.pedroleopoldo.mg.gov.br\/index.php?rest_route=\/wp\/v2\/users\/1"}],"replies":[{"embeddable":true,"href":"https:\/\/arquivo.pedroleopoldo.mg.gov.br\/index.php?rest_route=%2Fwp%2Fv2%2Fcomments&post=23625"}],"version-history":[{"count":0,"href":"https:\/\/arquivo.pedroleopoldo.mg.gov.br\/index.php?rest_route=\/wp\/v2\/posts\/23625\/revisions"}],"wp:featuredmedia":[{"embeddable":true,"href":"https:\/\/arquivo.pedroleopoldo.mg.gov.br\/index.php?rest_route=\/wp\/v2\/media\/23629"}],"wp:attachment":[{"href":"https:\/\/arquivo.pedroleopoldo.mg.gov.br\/index.php?rest_route=%2Fwp%2Fv2%2Fmedia&parent=23625"}],"wp:term":[{"taxonomy":"category","embeddable":true,"href":"https:\/\/arquivo.pedroleopoldo.mg.gov.br\/index.php?rest_route=%2Fwp%2Fv2%2Fcategories&post=23625"},{"taxonomy":"post_tag","embeddable":true,"href":"https:\/\/arquivo.pedroleopoldo.mg.gov.br\/index.php?rest_route=%2Fwp%2Fv2%2Ftags&post=23625"}],"curies":[{"name":"wp","href":"https:\/\/api.w.org\/{rel}","templated":true}]}}