{"id":23544,"date":"2023-09-05T11:54:40","date_gmt":"2023-09-05T14:54:40","guid":{"rendered":"http:\/\/pedroleopoldo.mg.gov.br\/?p=23544"},"modified":"2023-09-05T11:54:44","modified_gmt":"2023-09-05T14:54:44","slug":"prefeitura-de-pedro-leopoldo-realiza-mais-uma-edicao-do-mutirao-de-catarata","status":"publish","type":"post","link":"https:\/\/arquivo.pedroleopoldo.mg.gov.br\/?p=23544","title":{"rendered":"Prefeitura de Pedro Leopoldo realiza mais uma edi\u00e7\u00e3o do Mutir\u00e3o de Catarata"},"content":{"rendered":"\n<p><em>Mais de 200 pessoas j\u00e1 recuperaram a boa vis\u00e3o gra\u00e7as \u00e0 iniciativa desta gest\u00e3o municipal<\/em><\/p>\n\n\n\n<p>No \u00faltimo domingo, 03 de setembro, a Prefeitura de Pedro Leopoldo realizou com sucesso a 5\u00aa edi\u00e7\u00e3o do Mutir\u00e3o de Catarata, na Maternidade Dr. Eug\u00eanio Gomes de Carvalho. Desta vez, 50 pessoas realizaram o procedimento, mas a iniciativa j\u00e1 beneficiou mais de 200 pessoas durante esta gest\u00e3o.<\/p>\n\n\n\n<p>A catarata \u00e9 uma condi\u00e7\u00e3o oftalmol\u00f3gica que causa opacidade no cristalino da lente natural do olho, resultando em vis\u00e3o turva e comprometida. Gra\u00e7as \u00e0 cirurgia de catarata, os pacientes podem recuperar uma vis\u00e3o clara e restaurar sua qualidade de vida.<\/p>\n\n\n\n<p>Maria da Silva, 68 anos, moradora de Pedro Leopoldo, j\u00e1 foi uma das beneficiadas pelo Mutir\u00e3o de Catarata e compartilhou sua experi\u00eancia. &#8220;Estou muito grata \u00e0 Prefeitura de Pedro Leopoldo por esta oportunidade. H\u00e1 anos eu sofria com a vis\u00e3o emba\u00e7ada devido \u00e0 catarata, o que dificultava minha vida di\u00e1ria. Gra\u00e7as a essa iniciativa, agora enxergo claramente novamente. \u00c9 incr\u00edvel como a prefeitura est\u00e1 cuidando da nossa sa\u00fade&#8221;, disse.<\/p>\n\n\n\n<p>A prefeita Eloisa Helena enfatizou a import\u00e2ncia desse programa. &#8220;Nossa administra\u00e7\u00e3o tem como prioridade o bem-estar dos nossos cidad\u00e3os. A realiza\u00e7\u00e3o deste mutir\u00e3o \u00e9 um exemplo de como estamos comprometidos em melhorar a qualidade de vida da nossa comunidade. Ver mais de 200 pessoas recuperarem a vis\u00e3o \u00e9 motivo de grande alegria para todos n\u00f3s. Continuaremos trabalhando incansavelmente por uma sa\u00fade 100% em Pedro Leopoldo&#8221;, refor\u00e7ou.<\/p>\n\n\n\n<p>A Prefeitura de Pedro Leopoldo reafirma seu compromisso com a sa\u00fade e o bem-estar da popula\u00e7\u00e3o, promovendo iniciativas que fazem a diferen\u00e7a na vida dos cidad\u00e3os. A 5\u00aa edi\u00e7\u00e3o do Mutir\u00e3o de Catarata \u00e9 uma iniciativa da Prefeitura em parceria com a Maternidade e \u00e9 mais um passo em dire\u00e7\u00e3o a uma cidade com uma sa\u00fade cada vez melhor.<\/p>\n\n\n\n<figure class=\"wp-block-image size-large\"><img decoding=\"async\" loading=\"lazy\" width=\"576\" height=\"1024\" src=\"http:\/\/pedroleopoldo.mg.gov.br\/wp-content\/uploads\/2023\/09\/WhatsApp-Image-2023-09-05-at-11.13.11-2-576x1024.jpeg\" alt=\"\" class=\"wp-image-23555\" srcset=\"https:\/\/arquivo.pedroleopoldo.mg.gov.br\/wp-content\/uploads\/2023\/09\/WhatsApp-Image-2023-09-05-at-11.13.11-2-576x1024.jpeg 576w, https:\/\/arquivo.pedroleopoldo.mg.gov.br\/wp-content\/uploads\/2023\/09\/WhatsApp-Image-2023-09-05-at-11.13.11-2-169x300.jpeg 169w, https:\/\/arquivo.pedroleopoldo.mg.gov.br\/wp-content\/uploads\/2023\/09\/WhatsApp-Image-2023-09-05-at-11.13.11-2.jpeg 720w\" sizes=\"(max-width: 576px) 100vw, 576px\" \/><\/figure>\n\n\n\n<figure class=\"wp-block-image size-large\"><img decoding=\"async\" loading=\"lazy\" width=\"1024\" height=\"576\" src=\"http:\/\/pedroleopoldo.mg.gov.br\/wp-content\/uploads\/2023\/09\/WhatsApp-Image-2023-09-05-at-11.13.11-1-1024x576.jpeg\" alt=\"\" class=\"wp-image-23556\" srcset=\"https:\/\/arquivo.pedroleopoldo.mg.gov.br\/wp-content\/uploads\/2023\/09\/WhatsApp-Image-2023-09-05-at-11.13.11-1-1024x576.jpeg 1024w, https:\/\/arquivo.pedroleopoldo.mg.gov.br\/wp-content\/uploads\/2023\/09\/WhatsApp-Image-2023-09-05-at-11.13.11-1-300x169.jpeg 300w, https:\/\/arquivo.pedroleopoldo.mg.gov.br\/wp-content\/uploads\/2023\/09\/WhatsApp-Image-2023-09-05-at-11.13.11-1-768x432.jpeg 768w, https:\/\/arquivo.pedroleopoldo.mg.gov.br\/wp-content\/uploads\/2023\/09\/WhatsApp-Image-2023-09-05-at-11.13.11-1.jpeg 1280w\" sizes=\"(max-width: 1024px) 100vw, 1024px\" \/><\/figure>\n","protected":false},"excerpt":{"rendered":"<p>Mais de 200 pessoas j\u00e1 recuperaram a boa vis\u00e3o gra\u00e7as \u00e0 iniciativa desta gest\u00e3o municipal No \u00faltimo domingo, 03 de setembro, a Prefeitura de Pedro Leopoldo realizou com sucesso a 5\u00aa edi\u00e7\u00e3o do Mutir\u00e3o de Catarata, na Maternidade Dr. Eug\u00eanio Gomes de Carvalho. Desta vez, 50 pessoas realizaram o procedimento, mas a iniciativa j\u00e1 beneficiou &hellip; <a href=\"https:\/\/arquivo.pedroleopoldo.mg.gov.br\/?p=23544\" class=\"more-link\">Continuar lendo <span class=\"screen-reader-text\">Prefeitura de Pedro Leopoldo realiza mais uma edi\u00e7\u00e3o do Mutir\u00e3o de Catarata<\/span><\/a><\/p>\n","protected":false},"author":1,"featured_media":23552,"comment_status":"closed","ping_status":"closed","sticky":false,"template":"","format":"standard","meta":{"footnotes":""},"categories":[4],"tags":[],"_links":{"self":[{"href":"https:\/\/arquivo.pedroleopoldo.mg.gov.br\/index.php?rest_route=\/wp\/v2\/posts\/23544"}],"collection":[{"href":"https:\/\/arquivo.pedroleopoldo.mg.gov.br\/index.php?rest_route=\/wp\/v2\/posts"}],"about":[{"href":"https:\/\/arquivo.pedroleopoldo.mg.gov.br\/index.php?rest_route=\/wp\/v2\/types\/post"}],"author":[{"embeddable":true,"href":"https:\/\/arquivo.pedroleopoldo.mg.gov.br\/index.php?rest_route=\/wp\/v2\/users\/1"}],"replies":[{"embeddable":true,"href":"https:\/\/arquivo.pedroleopoldo.mg.gov.br\/index.php?rest_route=%2Fwp%2Fv2%2Fcomments&post=23544"}],"version-history":[{"count":0,"href":"https:\/\/arquivo.pedroleopoldo.mg.gov.br\/index.php?rest_route=\/wp\/v2\/posts\/23544\/revisions"}],"wp:featuredmedia":[{"embeddable":true,"href":"https:\/\/arquivo.pedroleopoldo.mg.gov.br\/index.php?rest_route=\/wp\/v2\/media\/23552"}],"wp:attachment":[{"href":"https:\/\/arquivo.pedroleopoldo.mg.gov.br\/index.php?rest_route=%2Fwp%2Fv2%2Fmedia&parent=23544"}],"wp:term":[{"taxonomy":"category","embeddable":true,"href":"https:\/\/arquivo.pedroleopoldo.mg.gov.br\/index.php?rest_route=%2Fwp%2Fv2%2Fcategories&post=23544"},{"taxonomy":"post_tag","embeddable":true,"href":"https:\/\/arquivo.pedroleopoldo.mg.gov.br\/index.php?rest_route=%2Fwp%2Fv2%2Ftags&post=23544"}],"curies":[{"name":"wp","href":"https:\/\/api.w.org\/{rel}","templated":true}]}}