{"id":23542,"date":"2023-09-05T11:55:06","date_gmt":"2023-09-05T14:55:06","guid":{"rendered":"http:\/\/pedroleopoldo.mg.gov.br\/?p=23542"},"modified":"2023-09-05T11:55:10","modified_gmt":"2023-09-05T14:55:10","slug":"prefeitura-publica-programacao-das-comemoracoes-do-dia-07-de-setembro","status":"publish","type":"post","link":"https:\/\/arquivo.pedroleopoldo.mg.gov.br\/?p=23542","title":{"rendered":"Prefeitura publica programa\u00e7\u00e3o das comemora\u00e7\u00f5es do dia 07 de setembro"},"content":{"rendered":"\n<p><em>Momento c\u00edvico que come\u00e7a \u00e0s 8h ter\u00e1 apresenta\u00e7\u00f5es art\u00edsticas, presta\u00e7\u00e3o de servi\u00e7os, tradicional fanfarra e barracas com comidas t\u00edpicas<\/em><\/p>\n\n\n\n<p>Com o tema \u201cAmor \u00e0 P\u00e1tria\u201d, a Prefeitura de Pedro Leopoldo, por meio da Secretaria Municipal de Educa\u00e7\u00e3o, preparou uma vasta programa\u00e7\u00e3o para celebrar a Independ\u00eancia do Brasil, neste dia 07 de setembro. O evento, que come\u00e7a \u00e0s 08h, acontece na rua e na Pra\u00e7a da Prefeitura, e contar\u00e1 com 5 palcos, fanfarras, apresenta\u00e7\u00f5es art\u00edsticas, barracas com comidas t\u00edpicas e muito mais. <\/p>\n\n\n\n<p>\u201cOptamos por uma proposta diferente, sem perder o amor, respeito e civismo com a data que simboliza o 07 de setembro. Ainda, ser\u00e1 uma oportunidade de todas as crian\u00e7as e alunos da rede municipal de ensino apresentarem para a popula\u00e7\u00e3o os n\u00fameros que prepararam junto \u00e0s suas escolas\u201d, destacou a Secret\u00e1ria de Educa\u00e7\u00e3o, Cl\u00e1udia Resende.<\/p>\n\n\n\n<p>Segundo a programa\u00e7\u00e3o oficial da Secretaria Municipal de Educa\u00e7\u00e3o, o momento c\u00edvico tem o in\u00edcio previsto para \u00e0s 8h. O Coral da Escola Estadual Roberto Belis\u00e1rio Viana far\u00e1 a execu\u00e7\u00e3o do Hino Nacional Brasileiro e do Hino de Pedro Leopoldo, com hasteamento das bandeiras. A APAE-PL e outras institui\u00e7\u00f5es, dentre municipais, estaduais e particulares, far\u00e3o apresenta\u00e7\u00f5es com a fanfarra. Ainda, os alunos prepararam diversas apresenta\u00e7\u00f5es art\u00edsticas como bal\u00e9, instrumentos musicais e dan\u00e7a. A programa\u00e7\u00e3o contar\u00e1 ainda com apresenta\u00e7\u00e3o da tradicional Banda Civil Cachoeira Grande.<\/p>\n\n\n\n<p>A Prefeita Municipal, Eloisa Helena, fez quest\u00e3o de convidar toda a popula\u00e7\u00e3o a participar deste momento in\u00e9dito. \u201cTodos somos brasileiros, temos de valorizar nossa hist\u00f3ria, origem e conhecimento. Por esta raz\u00e3o, venho aqui convidar a popula\u00e7\u00e3o que prestigie este momento e nossos alunos. Ser\u00e1 um momento especial e de reflex\u00e3o\u201d, disse Eloisa Helena.<\/p>\n\n\n\n<p>A programa\u00e7\u00e3o completa est\u00e1 dispon\u00edvel tamb\u00e9m nas redes sociais do executivo: @prefeituradepedroleopoldo.<\/p>\n\n\n\n<figure class=\"wp-block-image size-large\"><img decoding=\"async\" loading=\"lazy\" width=\"1024\" height=\"1024\" src=\"http:\/\/pedroleopoldo.mg.gov.br\/wp-content\/uploads\/2023\/09\/1-1-1-1024x1024.png\" alt=\"\" class=\"wp-image-23549\" srcset=\"https:\/\/arquivo.pedroleopoldo.mg.gov.br\/wp-content\/uploads\/2023\/09\/1-1-1-1024x1024.png 1024w, https:\/\/arquivo.pedroleopoldo.mg.gov.br\/wp-content\/uploads\/2023\/09\/1-1-1-300x300.png 300w, https:\/\/arquivo.pedroleopoldo.mg.gov.br\/wp-content\/uploads\/2023\/09\/1-1-1-150x150.png 150w, https:\/\/arquivo.pedroleopoldo.mg.gov.br\/wp-content\/uploads\/2023\/09\/1-1-1-768x768.png 768w, https:\/\/arquivo.pedroleopoldo.mg.gov.br\/wp-content\/uploads\/2023\/09\/1-1-1.png 1080w\" sizes=\"(max-width: 1024px) 100vw, 1024px\" \/><\/figure>\n\n\n\n<figure class=\"wp-block-image size-large\"><img decoding=\"async\" loading=\"lazy\" width=\"1024\" height=\"1024\" src=\"http:\/\/pedroleopoldo.mg.gov.br\/wp-content\/uploads\/2023\/09\/2-1-1-1024x1024.png\" alt=\"\" class=\"wp-image-23550\" srcset=\"https:\/\/arquivo.pedroleopoldo.mg.gov.br\/wp-content\/uploads\/2023\/09\/2-1-1-1024x1024.png 1024w, https:\/\/arquivo.pedroleopoldo.mg.gov.br\/wp-content\/uploads\/2023\/09\/2-1-1-300x300.png 300w, https:\/\/arquivo.pedroleopoldo.mg.gov.br\/wp-content\/uploads\/2023\/09\/2-1-1-150x150.png 150w, https:\/\/arquivo.pedroleopoldo.mg.gov.br\/wp-content\/uploads\/2023\/09\/2-1-1-768x768.png 768w, https:\/\/arquivo.pedroleopoldo.mg.gov.br\/wp-content\/uploads\/2023\/09\/2-1-1.png 1080w\" sizes=\"(max-width: 1024px) 100vw, 1024px\" \/><\/figure>\n","protected":false},"excerpt":{"rendered":"<p>Momento c\u00edvico que come\u00e7a \u00e0s 8h ter\u00e1 apresenta\u00e7\u00f5es art\u00edsticas, presta\u00e7\u00e3o de servi\u00e7os, tradicional fanfarra e barracas com comidas t\u00edpicas Com o tema \u201cAmor \u00e0 P\u00e1tria\u201d, a Prefeitura de Pedro Leopoldo, por meio da Secretaria Municipal de Educa\u00e7\u00e3o, preparou uma vasta programa\u00e7\u00e3o para celebrar a Independ\u00eancia do Brasil, neste dia 07 de setembro. O evento, que &hellip; <a href=\"https:\/\/arquivo.pedroleopoldo.mg.gov.br\/?p=23542\" class=\"more-link\">Continuar lendo <span class=\"screen-reader-text\">Prefeitura publica programa\u00e7\u00e3o das comemora\u00e7\u00f5es do dia 07 de setembro<\/span><\/a><\/p>\n","protected":false},"author":1,"featured_media":23466,"comment_status":"closed","ping_status":"closed","sticky":false,"template":"","format":"standard","meta":{"footnotes":""},"categories":[4],"tags":[],"_links":{"self":[{"href":"https:\/\/arquivo.pedroleopoldo.mg.gov.br\/index.php?rest_route=\/wp\/v2\/posts\/23542"}],"collection":[{"href":"https:\/\/arquivo.pedroleopoldo.mg.gov.br\/index.php?rest_route=\/wp\/v2\/posts"}],"about":[{"href":"https:\/\/arquivo.pedroleopoldo.mg.gov.br\/index.php?rest_route=\/wp\/v2\/types\/post"}],"author":[{"embeddable":true,"href":"https:\/\/arquivo.pedroleopoldo.mg.gov.br\/index.php?rest_route=\/wp\/v2\/users\/1"}],"replies":[{"embeddable":true,"href":"https:\/\/arquivo.pedroleopoldo.mg.gov.br\/index.php?rest_route=%2Fwp%2Fv2%2Fcomments&post=23542"}],"version-history":[{"count":0,"href":"https:\/\/arquivo.pedroleopoldo.mg.gov.br\/index.php?rest_route=\/wp\/v2\/posts\/23542\/revisions"}],"wp:featuredmedia":[{"embeddable":true,"href":"https:\/\/arquivo.pedroleopoldo.mg.gov.br\/index.php?rest_route=\/wp\/v2\/media\/23466"}],"wp:attachment":[{"href":"https:\/\/arquivo.pedroleopoldo.mg.gov.br\/index.php?rest_route=%2Fwp%2Fv2%2Fmedia&parent=23542"}],"wp:term":[{"taxonomy":"category","embeddable":true,"href":"https:\/\/arquivo.pedroleopoldo.mg.gov.br\/index.php?rest_route=%2Fwp%2Fv2%2Fcategories&post=23542"},{"taxonomy":"post_tag","embeddable":true,"href":"https:\/\/arquivo.pedroleopoldo.mg.gov.br\/index.php?rest_route=%2Fwp%2Fv2%2Ftags&post=23542"}],"curies":[{"name":"wp","href":"https:\/\/api.w.org\/{rel}","templated":true}]}}