{"id":23468,"date":"2023-08-30T16:23:50","date_gmt":"2023-08-30T19:23:50","guid":{"rendered":"http:\/\/pedroleopoldo.mg.gov.br\/?p=23468"},"modified":"2023-08-30T16:23:54","modified_gmt":"2023-08-30T19:23:54","slug":"prefeitura-entrega-esf-dom-camilo-santa-tereza-totalmente-revitalizado-para-a-populacao","status":"publish","type":"post","link":"https:\/\/arquivo.pedroleopoldo.mg.gov.br\/?p=23468","title":{"rendered":"Prefeitura entrega ESF Dom Camilo\/Santa Tereza totalmente revitalizado para a popula\u00e7\u00e3o"},"content":{"rendered":"\n<p><em>Nova pintura, rampas de acessibilidade, amplia\u00e7\u00e3o dos servi\u00e7os e readequa\u00e7\u00e3o de alguns espa\u00e7os, s\u00e3o algumas das novidades no local. Em breve haver\u00e1 tamb\u00e9m salas de odontologia na unidade<\/em><\/p>\n\n\n\n<p>Na manh\u00e3 desta quarta-feira, 30 de agosto, a Prefeitura de Pedro Leopoldo, por meio das Secretarias Municipais de Sa\u00fade e Obras, entregou \u00e0 comunidade dos bairros Dom Camilo e Santa Tereza, a revitaliza\u00e7\u00e3o e amplia\u00e7\u00e3o de alguns servi\u00e7os da unidade de Estrat\u00e9gia de Sa\u00fade da Fam\u00edlia, dos bairros em quest\u00e3o.&nbsp;<\/p>\n\n\n\n<p>No local foram feitas algumas revitaliza\u00e7\u00f5es como nova pintura, instala\u00e7\u00e3o de cobertura em espa\u00e7os abertos, adequa\u00e7\u00e3o das rampas de acessibilidade, corrim\u00e3o, prote\u00e7\u00e3o de tela, novos lavabos e instala\u00e7\u00e3o de TV na sala de espera. Al\u00e9m destas melhorias, alguns servi\u00e7os tamb\u00e9m foram ampliados, com a instala\u00e7\u00e3o dos lavabos para atender \u00e0s crian\u00e7as com orienta\u00e7\u00f5es e a\u00e7\u00f5es de educa\u00e7\u00e3o em sa\u00fade bucal. E, segundo a Secretaria de Sa\u00fade, em cerca de um m\u00eas haver\u00e1, pela primeira vez, uma sala de odontologia no local. \u201cTenho muito a agradecer! A equipe daqui \u00e9 muito boa, tratam a gente com carinho e respeito e gra\u00e7as a Deus nunca tive problema aqui. O ESF estava precisando dessas melhorias, agora est\u00e1 tudo arrumadinho, ficou maravilhoso. Agrade\u00e7o a Prefeitura tamb\u00e9m, porque consegui fazer a cirurgia de catarata nos dois olhos. N\u00e3o tenho nada a reclamar, somente a agradecer\u201d, destacou a moradora Elizabeth Godoy.<\/p>\n\n\n\n<p>O ESF Dom Camilo\/Santa Tereza tem cerca de 20 especialidades, triagem, acolhimento, verifica\u00e7\u00e3o dos sinais vitais, medidas antropom\u00e9tricas, consultas m\u00e9dicas, consultas de enfermagem, atendimento multidisciplinar, acompanhamento de gestante com pr\u00e9-natal e puericultura, exames preventivos de c\u00e2ncer de colo de \u00fatero, coleta de exames laboratoriais, testes r\u00e1pidos de HIV, s\u00edfilis, hepatite B e C, visita domiciliares de m\u00e9dico, enfermeiro, ACS, pesagem do Bolsa Fam\u00edlia, vacina\u00e7\u00e3o, triagem neonatal, procedimentos, administra\u00e7\u00e3o de medicamentos, curativo, inala\u00e7\u00e3o, retirada de ponto, eletrocardiograma, regula\u00e7\u00e3o, encaminhamento para especialistas, sa\u00fade do homem e planejamento familiar. \u201c\u00c9 uma alegria imensa fazer mais esta entrega. Sabemos que outras unidades tamb\u00e9m precisam de melhorias e tudo est\u00e1 em nosso cronograma e ser\u00e1 feito. Nosso objetivo \u00e9 melhorar cada vez mais a presta\u00e7\u00e3o de servi\u00e7os e o ambiente de trabalho em todas as nossas unidades de sa\u00fade. Afinal, sa\u00fade \u00e9 primordial e um ambiente bem estruturado faz toda diferen\u00e7a para servidores e usu\u00e1rios\u201d, concluiu a Prefeita Eloisa Helena.<\/p>\n\n\n\n<figure class=\"wp-block-image size-large\"><img decoding=\"async\" loading=\"lazy\" width=\"1024\" height=\"768\" src=\"http:\/\/pedroleopoldo.mg.gov.br\/wp-content\/uploads\/2023\/08\/WhatsApp-Image-2023-08-30-at-15.39.38.jpeg\" alt=\"\" class=\"wp-image-23469\" srcset=\"https:\/\/arquivo.pedroleopoldo.mg.gov.br\/wp-content\/uploads\/2023\/08\/WhatsApp-Image-2023-08-30-at-15.39.38.jpeg 1024w, https:\/\/arquivo.pedroleopoldo.mg.gov.br\/wp-content\/uploads\/2023\/08\/WhatsApp-Image-2023-08-30-at-15.39.38-300x225.jpeg 300w, https:\/\/arquivo.pedroleopoldo.mg.gov.br\/wp-content\/uploads\/2023\/08\/WhatsApp-Image-2023-08-30-at-15.39.38-768x576.jpeg 768w\" sizes=\"(max-width: 1024px) 100vw, 1024px\" \/><\/figure>\n\n\n\n<figure class=\"wp-block-image size-large\"><img decoding=\"async\" loading=\"lazy\" width=\"1024\" height=\"768\" src=\"http:\/\/pedroleopoldo.mg.gov.br\/wp-content\/uploads\/2023\/08\/WhatsApp-Image-2023-08-30-at-15.39.40-1.jpeg\" alt=\"\" class=\"wp-image-23470\" srcset=\"https:\/\/arquivo.pedroleopoldo.mg.gov.br\/wp-content\/uploads\/2023\/08\/WhatsApp-Image-2023-08-30-at-15.39.40-1.jpeg 1024w, https:\/\/arquivo.pedroleopoldo.mg.gov.br\/wp-content\/uploads\/2023\/08\/WhatsApp-Image-2023-08-30-at-15.39.40-1-300x225.jpeg 300w, https:\/\/arquivo.pedroleopoldo.mg.gov.br\/wp-content\/uploads\/2023\/08\/WhatsApp-Image-2023-08-30-at-15.39.40-1-768x576.jpeg 768w\" sizes=\"(max-width: 1024px) 100vw, 1024px\" \/><\/figure>\n\n\n\n<figure class=\"wp-block-image size-large\"><img decoding=\"async\" loading=\"lazy\" width=\"1024\" height=\"768\" src=\"http:\/\/pedroleopoldo.mg.gov.br\/wp-content\/uploads\/2023\/08\/WhatsApp-Image-2023-08-30-at-15.39.40.jpeg\" alt=\"\" class=\"wp-image-23471\" srcset=\"https:\/\/arquivo.pedroleopoldo.mg.gov.br\/wp-content\/uploads\/2023\/08\/WhatsApp-Image-2023-08-30-at-15.39.40.jpeg 1024w, https:\/\/arquivo.pedroleopoldo.mg.gov.br\/wp-content\/uploads\/2023\/08\/WhatsApp-Image-2023-08-30-at-15.39.40-300x225.jpeg 300w, https:\/\/arquivo.pedroleopoldo.mg.gov.br\/wp-content\/uploads\/2023\/08\/WhatsApp-Image-2023-08-30-at-15.39.40-768x576.jpeg 768w\" sizes=\"(max-width: 1024px) 100vw, 1024px\" \/><\/figure>\n\n\n\n<figure class=\"wp-block-image size-large\"><img decoding=\"async\" loading=\"lazy\" width=\"1024\" height=\"768\" src=\"http:\/\/pedroleopoldo.mg.gov.br\/wp-content\/uploads\/2023\/08\/WhatsApp-Image-2023-08-30-at-15.39.39-4.jpeg\" alt=\"\" class=\"wp-image-23472\" srcset=\"https:\/\/arquivo.pedroleopoldo.mg.gov.br\/wp-content\/uploads\/2023\/08\/WhatsApp-Image-2023-08-30-at-15.39.39-4.jpeg 1024w, https:\/\/arquivo.pedroleopoldo.mg.gov.br\/wp-content\/uploads\/2023\/08\/WhatsApp-Image-2023-08-30-at-15.39.39-4-300x225.jpeg 300w, https:\/\/arquivo.pedroleopoldo.mg.gov.br\/wp-content\/uploads\/2023\/08\/WhatsApp-Image-2023-08-30-at-15.39.39-4-768x576.jpeg 768w\" sizes=\"(max-width: 1024px) 100vw, 1024px\" \/><\/figure>\n\n\n\n<figure class=\"wp-block-image size-large\"><img decoding=\"async\" loading=\"lazy\" width=\"1024\" height=\"768\" src=\"http:\/\/pedroleopoldo.mg.gov.br\/wp-content\/uploads\/2023\/08\/WhatsApp-Image-2023-08-30-at-15.39.39-3.jpeg\" alt=\"\" class=\"wp-image-23473\" srcset=\"https:\/\/arquivo.pedroleopoldo.mg.gov.br\/wp-content\/uploads\/2023\/08\/WhatsApp-Image-2023-08-30-at-15.39.39-3.jpeg 1024w, https:\/\/arquivo.pedroleopoldo.mg.gov.br\/wp-content\/uploads\/2023\/08\/WhatsApp-Image-2023-08-30-at-15.39.39-3-300x225.jpeg 300w, https:\/\/arquivo.pedroleopoldo.mg.gov.br\/wp-content\/uploads\/2023\/08\/WhatsApp-Image-2023-08-30-at-15.39.39-3-768x576.jpeg 768w\" sizes=\"(max-width: 1024px) 100vw, 1024px\" \/><\/figure>\n\n\n\n<figure class=\"wp-block-image size-large\"><img decoding=\"async\" loading=\"lazy\" width=\"1024\" height=\"768\" src=\"http:\/\/pedroleopoldo.mg.gov.br\/wp-content\/uploads\/2023\/08\/WhatsApp-Image-2023-08-30-at-15.39.40-6.jpeg\" alt=\"\" class=\"wp-image-23474\" srcset=\"https:\/\/arquivo.pedroleopoldo.mg.gov.br\/wp-content\/uploads\/2023\/08\/WhatsApp-Image-2023-08-30-at-15.39.40-6.jpeg 1024w, https:\/\/arquivo.pedroleopoldo.mg.gov.br\/wp-content\/uploads\/2023\/08\/WhatsApp-Image-2023-08-30-at-15.39.40-6-300x225.jpeg 300w, https:\/\/arquivo.pedroleopoldo.mg.gov.br\/wp-content\/uploads\/2023\/08\/WhatsApp-Image-2023-08-30-at-15.39.40-6-768x576.jpeg 768w\" sizes=\"(max-width: 1024px) 100vw, 1024px\" \/><\/figure>\n\n\n\n<figure class=\"wp-block-image size-large\"><img decoding=\"async\" loading=\"lazy\" width=\"1024\" height=\"768\" src=\"http:\/\/pedroleopoldo.mg.gov.br\/wp-content\/uploads\/2023\/08\/WhatsApp-Image-2023-08-30-at-15.39.40-5.jpeg\" alt=\"\" class=\"wp-image-23475\" srcset=\"https:\/\/arquivo.pedroleopoldo.mg.gov.br\/wp-content\/uploads\/2023\/08\/WhatsApp-Image-2023-08-30-at-15.39.40-5.jpeg 1024w, https:\/\/arquivo.pedroleopoldo.mg.gov.br\/wp-content\/uploads\/2023\/08\/WhatsApp-Image-2023-08-30-at-15.39.40-5-300x225.jpeg 300w, https:\/\/arquivo.pedroleopoldo.mg.gov.br\/wp-content\/uploads\/2023\/08\/WhatsApp-Image-2023-08-30-at-15.39.40-5-768x576.jpeg 768w\" sizes=\"(max-width: 1024px) 100vw, 1024px\" \/><\/figure>\n\n\n\n<figure class=\"wp-block-image size-large\"><img decoding=\"async\" loading=\"lazy\" width=\"768\" height=\"1024\" src=\"http:\/\/pedroleopoldo.mg.gov.br\/wp-content\/uploads\/2023\/08\/WhatsApp-Image-2023-08-30-at-15.39.40-4.jpeg\" alt=\"\" class=\"wp-image-23476\" srcset=\"https:\/\/arquivo.pedroleopoldo.mg.gov.br\/wp-content\/uploads\/2023\/08\/WhatsApp-Image-2023-08-30-at-15.39.40-4.jpeg 768w, https:\/\/arquivo.pedroleopoldo.mg.gov.br\/wp-content\/uploads\/2023\/08\/WhatsApp-Image-2023-08-30-at-15.39.40-4-225x300.jpeg 225w\" sizes=\"(max-width: 768px) 100vw, 768px\" \/><\/figure>\n\n\n\n<figure class=\"wp-block-image size-large\"><img decoding=\"async\" loading=\"lazy\" width=\"1024\" height=\"768\" src=\"http:\/\/pedroleopoldo.mg.gov.br\/wp-content\/uploads\/2023\/08\/WhatsApp-Image-2023-08-30-at-15.39.40-3.jpeg\" alt=\"\" class=\"wp-image-23477\" srcset=\"https:\/\/arquivo.pedroleopoldo.mg.gov.br\/wp-content\/uploads\/2023\/08\/WhatsApp-Image-2023-08-30-at-15.39.40-3.jpeg 1024w, https:\/\/arquivo.pedroleopoldo.mg.gov.br\/wp-content\/uploads\/2023\/08\/WhatsApp-Image-2023-08-30-at-15.39.40-3-300x225.jpeg 300w, https:\/\/arquivo.pedroleopoldo.mg.gov.br\/wp-content\/uploads\/2023\/08\/WhatsApp-Image-2023-08-30-at-15.39.40-3-768x576.jpeg 768w\" sizes=\"(max-width: 1024px) 100vw, 1024px\" \/><\/figure>\n\n\n\n<figure class=\"wp-block-image size-large\"><img decoding=\"async\" loading=\"lazy\" width=\"1024\" height=\"768\" src=\"http:\/\/pedroleopoldo.mg.gov.br\/wp-content\/uploads\/2023\/08\/WhatsApp-Image-2023-08-30-at-15.39.40-8.jpeg\" alt=\"\" class=\"wp-image-23478\" srcset=\"https:\/\/arquivo.pedroleopoldo.mg.gov.br\/wp-content\/uploads\/2023\/08\/WhatsApp-Image-2023-08-30-at-15.39.40-8.jpeg 1024w, https:\/\/arquivo.pedroleopoldo.mg.gov.br\/wp-content\/uploads\/2023\/08\/WhatsApp-Image-2023-08-30-at-15.39.40-8-300x225.jpeg 300w, https:\/\/arquivo.pedroleopoldo.mg.gov.br\/wp-content\/uploads\/2023\/08\/WhatsApp-Image-2023-08-30-at-15.39.40-8-768x576.jpeg 768w\" sizes=\"(max-width: 1024px) 100vw, 1024px\" \/><\/figure>\n\n\n\n<figure class=\"wp-block-image size-large\"><img decoding=\"async\" loading=\"lazy\" width=\"1024\" height=\"768\" src=\"http:\/\/pedroleopoldo.mg.gov.br\/wp-content\/uploads\/2023\/08\/WhatsApp-Image-2023-08-30-at-15.39.40-7.jpeg\" alt=\"\" class=\"wp-image-23479\" srcset=\"https:\/\/arquivo.pedroleopoldo.mg.gov.br\/wp-content\/uploads\/2023\/08\/WhatsApp-Image-2023-08-30-at-15.39.40-7.jpeg 1024w, https:\/\/arquivo.pedroleopoldo.mg.gov.br\/wp-content\/uploads\/2023\/08\/WhatsApp-Image-2023-08-30-at-15.39.40-7-300x225.jpeg 300w, https:\/\/arquivo.pedroleopoldo.mg.gov.br\/wp-content\/uploads\/2023\/08\/WhatsApp-Image-2023-08-30-at-15.39.40-7-768x576.jpeg 768w\" sizes=\"(max-width: 1024px) 100vw, 1024px\" \/><\/figure>\n\n\n\n<figure class=\"wp-block-image size-large\"><img decoding=\"async\" loading=\"lazy\" width=\"1024\" height=\"768\" src=\"http:\/\/pedroleopoldo.mg.gov.br\/wp-content\/uploads\/2023\/08\/WhatsApp-Image-2023-08-30-at-15.39.40-2.jpeg\" alt=\"\" class=\"wp-image-23480\" srcset=\"https:\/\/arquivo.pedroleopoldo.mg.gov.br\/wp-content\/uploads\/2023\/08\/WhatsApp-Image-2023-08-30-at-15.39.40-2.jpeg 1024w, https:\/\/arquivo.pedroleopoldo.mg.gov.br\/wp-content\/uploads\/2023\/08\/WhatsApp-Image-2023-08-30-at-15.39.40-2-300x225.jpeg 300w, https:\/\/arquivo.pedroleopoldo.mg.gov.br\/wp-content\/uploads\/2023\/08\/WhatsApp-Image-2023-08-30-at-15.39.40-2-768x576.jpeg 768w\" sizes=\"(max-width: 1024px) 100vw, 1024px\" \/><\/figure>\n\n\n\n<figure class=\"wp-block-image size-large\"><img decoding=\"async\" loading=\"lazy\" width=\"1024\" height=\"768\" src=\"http:\/\/pedroleopoldo.mg.gov.br\/wp-content\/uploads\/2023\/08\/WhatsApp-Image-2023-08-30-at-15.39.39-2.jpeg\" alt=\"\" class=\"wp-image-23481\" srcset=\"https:\/\/arquivo.pedroleopoldo.mg.gov.br\/wp-content\/uploads\/2023\/08\/WhatsApp-Image-2023-08-30-at-15.39.39-2.jpeg 1024w, https:\/\/arquivo.pedroleopoldo.mg.gov.br\/wp-content\/uploads\/2023\/08\/WhatsApp-Image-2023-08-30-at-15.39.39-2-300x225.jpeg 300w, https:\/\/arquivo.pedroleopoldo.mg.gov.br\/wp-content\/uploads\/2023\/08\/WhatsApp-Image-2023-08-30-at-15.39.39-2-768x576.jpeg 768w\" sizes=\"(max-width: 1024px) 100vw, 1024px\" \/><\/figure>\n\n\n\n<figure class=\"wp-block-image size-large\"><img decoding=\"async\" loading=\"lazy\" width=\"1024\" height=\"768\" src=\"http:\/\/pedroleopoldo.mg.gov.br\/wp-content\/uploads\/2023\/08\/WhatsApp-Image-2023-08-30-at-15.39.38-1.jpeg\" alt=\"\" class=\"wp-image-23482\" srcset=\"https:\/\/arquivo.pedroleopoldo.mg.gov.br\/wp-content\/uploads\/2023\/08\/WhatsApp-Image-2023-08-30-at-15.39.38-1.jpeg 1024w, https:\/\/arquivo.pedroleopoldo.mg.gov.br\/wp-content\/uploads\/2023\/08\/WhatsApp-Image-2023-08-30-at-15.39.38-1-300x225.jpeg 300w, https:\/\/arquivo.pedroleopoldo.mg.gov.br\/wp-content\/uploads\/2023\/08\/WhatsApp-Image-2023-08-30-at-15.39.38-1-768x576.jpeg 768w\" sizes=\"(max-width: 1024px) 100vw, 1024px\" \/><\/figure>\n\n\n\n<figure class=\"wp-block-image size-large\"><img decoding=\"async\" loading=\"lazy\" width=\"1024\" height=\"768\" src=\"http:\/\/pedroleopoldo.mg.gov.br\/wp-content\/uploads\/2023\/08\/WhatsApp-Image-2023-08-30-at-11.49.33-1-1024x768.jpeg\" alt=\"\" class=\"wp-image-23483\" srcset=\"https:\/\/arquivo.pedroleopoldo.mg.gov.br\/wp-content\/uploads\/2023\/08\/WhatsApp-Image-2023-08-30-at-11.49.33-1-1024x768.jpeg 1024w, https:\/\/arquivo.pedroleopoldo.mg.gov.br\/wp-content\/uploads\/2023\/08\/WhatsApp-Image-2023-08-30-at-11.49.33-1-300x225.jpeg 300w, https:\/\/arquivo.pedroleopoldo.mg.gov.br\/wp-content\/uploads\/2023\/08\/WhatsApp-Image-2023-08-30-at-11.49.33-1-768x576.jpeg 768w, https:\/\/arquivo.pedroleopoldo.mg.gov.br\/wp-content\/uploads\/2023\/08\/WhatsApp-Image-2023-08-30-at-11.49.33-1-1536x1152.jpeg 1536w, https:\/\/arquivo.pedroleopoldo.mg.gov.br\/wp-content\/uploads\/2023\/08\/WhatsApp-Image-2023-08-30-at-11.49.33-1.jpeg 1600w\" sizes=\"(max-width: 1024px) 100vw, 1024px\" \/><\/figure>\n\n\n\n<figure class=\"wp-block-image size-large\"><img decoding=\"async\" loading=\"lazy\" width=\"1024\" height=\"576\" src=\"http:\/\/pedroleopoldo.mg.gov.br\/wp-content\/uploads\/2023\/08\/WhatsApp-Image-2023-08-30-at-11.49.23-1-1024x576.jpeg\" alt=\"\" class=\"wp-image-23484\" srcset=\"https:\/\/arquivo.pedroleopoldo.mg.gov.br\/wp-content\/uploads\/2023\/08\/WhatsApp-Image-2023-08-30-at-11.49.23-1-1024x576.jpeg 1024w, https:\/\/arquivo.pedroleopoldo.mg.gov.br\/wp-content\/uploads\/2023\/08\/WhatsApp-Image-2023-08-30-at-11.49.23-1-300x169.jpeg 300w, https:\/\/arquivo.pedroleopoldo.mg.gov.br\/wp-content\/uploads\/2023\/08\/WhatsApp-Image-2023-08-30-at-11.49.23-1-768x432.jpeg 768w, https:\/\/arquivo.pedroleopoldo.mg.gov.br\/wp-content\/uploads\/2023\/08\/WhatsApp-Image-2023-08-30-at-11.49.23-1-1536x864.jpeg 1536w, https:\/\/arquivo.pedroleopoldo.mg.gov.br\/wp-content\/uploads\/2023\/08\/WhatsApp-Image-2023-08-30-at-11.49.23-1.jpeg 1600w\" sizes=\"(max-width: 1024px) 100vw, 1024px\" \/><\/figure>\n","protected":false},"excerpt":{"rendered":"<p>Nova pintura, rampas de acessibilidade, amplia\u00e7\u00e3o dos servi\u00e7os e readequa\u00e7\u00e3o de alguns espa\u00e7os, s\u00e3o algumas das novidades no local. Em breve haver\u00e1 tamb\u00e9m salas de odontologia na unidade Na manh\u00e3 desta quarta-feira, 30 de agosto, a Prefeitura de Pedro Leopoldo, por meio das Secretarias Municipais de Sa\u00fade e Obras, entregou \u00e0 comunidade dos bairros Dom &hellip; <a href=\"https:\/\/arquivo.pedroleopoldo.mg.gov.br\/?p=23468\" class=\"more-link\">Continuar lendo <span class=\"screen-reader-text\">Prefeitura entrega ESF Dom Camilo\/Santa Tereza totalmente revitalizado para a popula\u00e7\u00e3o<\/span><\/a><\/p>\n","protected":false},"author":1,"featured_media":23482,"comment_status":"closed","ping_status":"closed","sticky":false,"template":"","format":"standard","meta":{"footnotes":""},"categories":[4],"tags":[],"_links":{"self":[{"href":"https:\/\/arquivo.pedroleopoldo.mg.gov.br\/index.php?rest_route=\/wp\/v2\/posts\/23468"}],"collection":[{"href":"https:\/\/arquivo.pedroleopoldo.mg.gov.br\/index.php?rest_route=\/wp\/v2\/posts"}],"about":[{"href":"https:\/\/arquivo.pedroleopoldo.mg.gov.br\/index.php?rest_route=\/wp\/v2\/types\/post"}],"author":[{"embeddable":true,"href":"https:\/\/arquivo.pedroleopoldo.mg.gov.br\/index.php?rest_route=\/wp\/v2\/users\/1"}],"replies":[{"embeddable":true,"href":"https:\/\/arquivo.pedroleopoldo.mg.gov.br\/index.php?rest_route=%2Fwp%2Fv2%2Fcomments&post=23468"}],"version-history":[{"count":0,"href":"https:\/\/arquivo.pedroleopoldo.mg.gov.br\/index.php?rest_route=\/wp\/v2\/posts\/23468\/revisions"}],"wp:featuredmedia":[{"embeddable":true,"href":"https:\/\/arquivo.pedroleopoldo.mg.gov.br\/index.php?rest_route=\/wp\/v2\/media\/23482"}],"wp:attachment":[{"href":"https:\/\/arquivo.pedroleopoldo.mg.gov.br\/index.php?rest_route=%2Fwp%2Fv2%2Fmedia&parent=23468"}],"wp:term":[{"taxonomy":"category","embeddable":true,"href":"https:\/\/arquivo.pedroleopoldo.mg.gov.br\/index.php?rest_route=%2Fwp%2Fv2%2Fcategories&post=23468"},{"taxonomy":"post_tag","embeddable":true,"href":"https:\/\/arquivo.pedroleopoldo.mg.gov.br\/index.php?rest_route=%2Fwp%2Fv2%2Ftags&post=23468"}],"curies":[{"name":"wp","href":"https:\/\/api.w.org\/{rel}","templated":true}]}}