{"id":23420,"date":"2023-08-24T11:49:30","date_gmt":"2023-08-24T14:49:30","guid":{"rendered":"http:\/\/pedroleopoldo.mg.gov.br\/?p=23420"},"modified":"2023-08-24T11:49:34","modified_gmt":"2023-08-24T14:49:34","slug":"samu-em-pl-prefeitura-publica-licitacao-para-construcao-da-nova-base-do-servico-de-atendimento-movel-de-urgencia-no-municipio","status":"publish","type":"post","link":"https:\/\/arquivo.pedroleopoldo.mg.gov.br\/?p=23420","title":{"rendered":"Samu em PL: Prefeitura publica licita\u00e7\u00e3o para constru\u00e7\u00e3o da nova base do Servi\u00e7o de Atendimento M\u00f3vel de Urg\u00eancia no munic\u00edpio"},"content":{"rendered":"\n<p><em>A sess\u00e3o de licita\u00e7\u00e3o acontecer\u00e1 no dia 05 de setembro, para a defini\u00e7\u00e3o de uma empresa de engenharia que executar\u00e1 a obra<\/em><\/p>\n\n\n\n<p>A Prefeitura de Pedro Leopoldo vem se empenhando para angariar mais melhorias na \u00e1rea da sa\u00fade no munic\u00edpio. Al\u00e9m das reformas nos ESF\u00b4s, Cl\u00ednica Odontol\u00f3gica, reforma e amplia\u00e7\u00e3o do PA Lagoa, e outros, \u00e9 preciso dar um destaque agora aos esfor\u00e7os de constru\u00e7\u00e3o da base descentralizada do SAMU em Pedro Leopoldo. Ser\u00e1 a primeira vez que Pedro Leopoldo ter\u00e1 SAMU.<\/p>\n\n\n\n<p>O Servi\u00e7o de Atendimento M\u00f3vel de Urg\u00eancia, o SAMU, tem como finalidade articular e integrar todos os equipamentos de sa\u00fade, ampliando e qualificando o acesso humanizado, integral e \u00e1gil aos usu\u00e1rios em situa\u00e7\u00e3o de urg\u00eancia e emerg\u00eancia, garantindo assim, atendimento e transporte adequado. A base descentralizada de Pedro Leopoldo conter\u00e1 um ambiente adequado para descanso e a realiza\u00e7\u00e3o de refei\u00e7\u00f5es dos profissionais, sala para manuten\u00e7\u00e3o de equipamentos, almoxarifado com abastecimento farmac\u00eautico, \u00e1rea para estacionamento da ambul\u00e2ncia, dentre outras reparti\u00e7\u00f5es.&nbsp;<\/p>\n\n\n\n<p>\u201cO servi\u00e7o do SAMU para nossa cidade veio a partir da constru\u00e7\u00e3o da rede de urg\u00eancia e emerg\u00eancia da macrorregi\u00e3o e pela sua necessidade. Este ser\u00e1 um grande feito da nossa administra\u00e7\u00e3o, em prol da nossa comunidade. J\u00e1 realizamos os atendimentos de urg\u00eancia e emerg\u00eancia atrav\u00e9s do PA Central e temos a certeza que ser\u00e1 um facilitador no trabalho da sa\u00fade. Um grande ganho para todos.\u201d, disse a vice-prefeita, Ana Paula Santos.&nbsp;<\/p>\n\n\n\n<p>A princ\u00edpio, de acordo com o projeto b\u00e1sico, a base descentralizada do SAMU em Pedro Leopoldo ser\u00e1 sediada na rua Ant\u00f4nio Rodrigues Cardoso, Centro do munic\u00edpio.<\/p>\n\n\n\n<figure class=\"wp-block-image size-large\"><img decoding=\"async\" loading=\"lazy\" width=\"775\" height=\"485\" src=\"http:\/\/pedroleopoldo.mg.gov.br\/wp-content\/uploads\/2023\/08\/image-1-1.png\" alt=\"\" class=\"wp-image-23423\" srcset=\"https:\/\/arquivo.pedroleopoldo.mg.gov.br\/wp-content\/uploads\/2023\/08\/image-1-1.png 775w, https:\/\/arquivo.pedroleopoldo.mg.gov.br\/wp-content\/uploads\/2023\/08\/image-1-1-300x188.png 300w, https:\/\/arquivo.pedroleopoldo.mg.gov.br\/wp-content\/uploads\/2023\/08\/image-1-1-768x481.png 768w\" sizes=\"(max-width: 775px) 100vw, 775px\" \/><\/figure>\n","protected":false},"excerpt":{"rendered":"<p>A sess\u00e3o de licita\u00e7\u00e3o acontecer\u00e1 no dia 05 de setembro, para a defini\u00e7\u00e3o de uma empresa de engenharia que executar\u00e1 a obra A Prefeitura de Pedro Leopoldo vem se empenhando para angariar mais melhorias na \u00e1rea da sa\u00fade no munic\u00edpio. Al\u00e9m das reformas nos ESF\u00b4s, Cl\u00ednica Odontol\u00f3gica, reforma e amplia\u00e7\u00e3o do PA Lagoa, e outros, &hellip; <a href=\"https:\/\/arquivo.pedroleopoldo.mg.gov.br\/?p=23420\" class=\"more-link\">Continuar lendo <span class=\"screen-reader-text\">Samu em PL: Prefeitura publica licita\u00e7\u00e3o para constru\u00e7\u00e3o da nova base do Servi\u00e7o de Atendimento M\u00f3vel de Urg\u00eancia no munic\u00edpio<\/span><\/a><\/p>\n","protected":false},"author":1,"featured_media":23424,"comment_status":"closed","ping_status":"closed","sticky":false,"template":"","format":"standard","meta":{"footnotes":""},"categories":[4],"tags":[],"_links":{"self":[{"href":"https:\/\/arquivo.pedroleopoldo.mg.gov.br\/index.php?rest_route=\/wp\/v2\/posts\/23420"}],"collection":[{"href":"https:\/\/arquivo.pedroleopoldo.mg.gov.br\/index.php?rest_route=\/wp\/v2\/posts"}],"about":[{"href":"https:\/\/arquivo.pedroleopoldo.mg.gov.br\/index.php?rest_route=\/wp\/v2\/types\/post"}],"author":[{"embeddable":true,"href":"https:\/\/arquivo.pedroleopoldo.mg.gov.br\/index.php?rest_route=\/wp\/v2\/users\/1"}],"replies":[{"embeddable":true,"href":"https:\/\/arquivo.pedroleopoldo.mg.gov.br\/index.php?rest_route=%2Fwp%2Fv2%2Fcomments&post=23420"}],"version-history":[{"count":0,"href":"https:\/\/arquivo.pedroleopoldo.mg.gov.br\/index.php?rest_route=\/wp\/v2\/posts\/23420\/revisions"}],"wp:featuredmedia":[{"embeddable":true,"href":"https:\/\/arquivo.pedroleopoldo.mg.gov.br\/index.php?rest_route=\/wp\/v2\/media\/23424"}],"wp:attachment":[{"href":"https:\/\/arquivo.pedroleopoldo.mg.gov.br\/index.php?rest_route=%2Fwp%2Fv2%2Fmedia&parent=23420"}],"wp:term":[{"taxonomy":"category","embeddable":true,"href":"https:\/\/arquivo.pedroleopoldo.mg.gov.br\/index.php?rest_route=%2Fwp%2Fv2%2Fcategories&post=23420"},{"taxonomy":"post_tag","embeddable":true,"href":"https:\/\/arquivo.pedroleopoldo.mg.gov.br\/index.php?rest_route=%2Fwp%2Fv2%2Ftags&post=23420"}],"curies":[{"name":"wp","href":"https:\/\/api.w.org\/{rel}","templated":true}]}}