{"id":23399,"date":"2023-08-23T16:33:23","date_gmt":"2023-08-23T19:33:23","guid":{"rendered":"http:\/\/pedroleopoldo.mg.gov.br\/?p=23399"},"modified":"2023-08-23T16:33:28","modified_gmt":"2023-08-23T19:33:28","slug":"prefeitura-inaugura-nova-sala-recurso-multifuncionais","status":"publish","type":"post","link":"https:\/\/arquivo.pedroleopoldo.mg.gov.br\/?p=23399","title":{"rendered":"Prefeitura inaugura nova Sala Recurso Multifuncionais"},"content":{"rendered":"\n<p><em>Desta vez, quem recebeu a sala inclusiva foi a Escola Municipal Raimundo Salvador. Com a inaugura\u00e7\u00e3o, o munic\u00edpio agora conta com 5 espa\u00e7os de atendimento individualizado para alunos portadores de necessidades especiais<\/em><\/p>\n\n\n\n<p>Na tarde da \u00faltima quinta-feira, 10 de agosto, a Prefeitura de Pedro Leopoldo, por meio da Secretaria Municipal de Educa\u00e7\u00e3o, inaugurou a nova Sala de Recursos Multifuncionais na Escola Municipal Raimundo Salvador, no bairro Teot\u00f4nio Batista de Freitas. Cerca de 32 alunos ser\u00e3o atendidos<\/p>\n\n\n\n<p>\u201cCom muita alegria venho agradecer a Prefeitura de Pedro Leopoldo, que est\u00e1 inaugurando essa nova sala de inclus\u00e3o para os alunos do nosso bairro. Com a gra\u00e7a de Deus, essa conquista foi uma vit\u00f3ria para todas as fam\u00edlias que t\u00eam seus filhos que necessitam de uma aten\u00e7\u00e3o maior\u201d, comentou a Sra. Gilda F\u00e1tima, av\u00f3 do Miguel Enzo, um dos novos alunos da Sala Recurso.&nbsp;<\/p>\n\n\n\n<p>Este espa\u00e7o tem o objetivo de desenvolver atividades pedag\u00f3gicas visando o desenvolvimento da aprendizagem e ajudando o aluno do Atendimento Educacional Especializado (AEE) a vencer as dificuldades diagnosticadas, al\u00e9m de proporcionar autonomia, melhoria de sua capacidade cr\u00edtica, criatividade e mais acolhimento escolar. \u201cA nova sala vai ser \u00f3tima e vai ajudar muito no desenvolvimento do meu filho Arthur, que \u00e9 portador da S\u00edndrome de Down. Fiquei muito feliz pela chegada dessa nova sala\u201d, disse Ang\u00e9lica Cristina.&nbsp;<\/p>\n\n\n\n<p>A atual gest\u00e3o assumiu o compromisso de tornar Pedro Leopoldo uma cidade mais inclusiva e isto est\u00e1 sendo efetuado, principalmente no ambiente onde os principais aprendizados come\u00e7am, as escolas. At\u00e9 ent\u00e3o o munic\u00edpio j\u00e1 contava com quatro Salas Recursos, localizadas nas Escolas Municipais Luiz de Melo Viana Sobrinho, Jos\u00e9 Elias Da Costa, Izabel Gomes Teixeira e na Heitor Cl\u00e1udio de Sales. Agora com a da Escola Raimundo Salvador, s\u00e3o atendidos cerca de 140 alunos da educa\u00e7\u00e3o especial nestes locais.<\/p>\n\n\n\n<figure class=\"wp-block-gallery columns-1 is-cropped wp-block-gallery-1 is-layout-flex wp-block-gallery-is-layout-flex\"><ul class=\"blocks-gallery-grid\"><li class=\"blocks-gallery-item\"><figure><img decoding=\"async\" loading=\"lazy\" width=\"1024\" height=\"768\" src=\"http:\/\/pedroleopoldo.mg.gov.br\/wp-content\/uploads\/2023\/08\/WhatsApp-Image-2023-08-16-at-17.28.41-1-1.jpeg\" alt=\"\" data-id=\"23402\" data-full-url=\"http:\/\/pedroleopoldo.mg.gov.br\/wp-content\/uploads\/2023\/08\/WhatsApp-Image-2023-08-16-at-17.28.41-1-1.jpeg\" data-link=\"http:\/\/pedroleopoldo.mg.gov.br\/?attachment_id=23402\" class=\"wp-image-23402\" srcset=\"https:\/\/arquivo.pedroleopoldo.mg.gov.br\/wp-content\/uploads\/2023\/08\/WhatsApp-Image-2023-08-16-at-17.28.41-1-1.jpeg 1024w, https:\/\/arquivo.pedroleopoldo.mg.gov.br\/wp-content\/uploads\/2023\/08\/WhatsApp-Image-2023-08-16-at-17.28.41-1-1-300x225.jpeg 300w, https:\/\/arquivo.pedroleopoldo.mg.gov.br\/wp-content\/uploads\/2023\/08\/WhatsApp-Image-2023-08-16-at-17.28.41-1-1-768x576.jpeg 768w\" sizes=\"(max-width: 1024px) 100vw, 1024px\" \/><\/figure><\/li><li class=\"blocks-gallery-item\"><figure><img decoding=\"async\" loading=\"lazy\" width=\"1024\" height=\"768\" src=\"http:\/\/pedroleopoldo.mg.gov.br\/wp-content\/uploads\/2023\/08\/WhatsApp-Image-2023-08-16-at-17.28.42-3.jpeg\" alt=\"\" data-id=\"23403\" data-full-url=\"http:\/\/pedroleopoldo.mg.gov.br\/wp-content\/uploads\/2023\/08\/WhatsApp-Image-2023-08-16-at-17.28.42-3.jpeg\" data-link=\"http:\/\/pedroleopoldo.mg.gov.br\/?attachment_id=23403\" class=\"wp-image-23403\" srcset=\"https:\/\/arquivo.pedroleopoldo.mg.gov.br\/wp-content\/uploads\/2023\/08\/WhatsApp-Image-2023-08-16-at-17.28.42-3.jpeg 1024w, https:\/\/arquivo.pedroleopoldo.mg.gov.br\/wp-content\/uploads\/2023\/08\/WhatsApp-Image-2023-08-16-at-17.28.42-3-300x225.jpeg 300w, https:\/\/arquivo.pedroleopoldo.mg.gov.br\/wp-content\/uploads\/2023\/08\/WhatsApp-Image-2023-08-16-at-17.28.42-3-768x576.jpeg 768w\" sizes=\"(max-width: 1024px) 100vw, 1024px\" \/><\/figure><\/li><li class=\"blocks-gallery-item\"><figure><img decoding=\"async\" loading=\"lazy\" width=\"1024\" height=\"768\" src=\"http:\/\/pedroleopoldo.mg.gov.br\/wp-content\/uploads\/2023\/08\/WhatsApp-Image-2023-08-16-at-17.28.42-2-1.jpeg\" alt=\"\" data-id=\"23404\" data-full-url=\"http:\/\/pedroleopoldo.mg.gov.br\/wp-content\/uploads\/2023\/08\/WhatsApp-Image-2023-08-16-at-17.28.42-2-1.jpeg\" data-link=\"http:\/\/pedroleopoldo.mg.gov.br\/?attachment_id=23404\" class=\"wp-image-23404\" srcset=\"https:\/\/arquivo.pedroleopoldo.mg.gov.br\/wp-content\/uploads\/2023\/08\/WhatsApp-Image-2023-08-16-at-17.28.42-2-1.jpeg 1024w, https:\/\/arquivo.pedroleopoldo.mg.gov.br\/wp-content\/uploads\/2023\/08\/WhatsApp-Image-2023-08-16-at-17.28.42-2-1-300x225.jpeg 300w, https:\/\/arquivo.pedroleopoldo.mg.gov.br\/wp-content\/uploads\/2023\/08\/WhatsApp-Image-2023-08-16-at-17.28.42-2-1-768x576.jpeg 768w\" sizes=\"(max-width: 1024px) 100vw, 1024px\" \/><\/figure><\/li><li class=\"blocks-gallery-item\"><figure><img decoding=\"async\" loading=\"lazy\" width=\"1024\" height=\"768\" src=\"http:\/\/pedroleopoldo.mg.gov.br\/wp-content\/uploads\/2023\/08\/WhatsApp-Image-2023-08-16-at-17.28.41-2-1.jpeg\" alt=\"\" data-id=\"23401\" data-full-url=\"http:\/\/pedroleopoldo.mg.gov.br\/wp-content\/uploads\/2023\/08\/WhatsApp-Image-2023-08-16-at-17.28.41-2-1.jpeg\" data-link=\"http:\/\/pedroleopoldo.mg.gov.br\/?attachment_id=23401\" class=\"wp-image-23401\" srcset=\"https:\/\/arquivo.pedroleopoldo.mg.gov.br\/wp-content\/uploads\/2023\/08\/WhatsApp-Image-2023-08-16-at-17.28.41-2-1.jpeg 1024w, https:\/\/arquivo.pedroleopoldo.mg.gov.br\/wp-content\/uploads\/2023\/08\/WhatsApp-Image-2023-08-16-at-17.28.41-2-1-300x225.jpeg 300w, https:\/\/arquivo.pedroleopoldo.mg.gov.br\/wp-content\/uploads\/2023\/08\/WhatsApp-Image-2023-08-16-at-17.28.41-2-1-768x576.jpeg 768w\" sizes=\"(max-width: 1024px) 100vw, 1024px\" \/><\/figure><\/li><\/ul><\/figure>\n","protected":false},"excerpt":{"rendered":"<p>Desta vez, quem recebeu a sala inclusiva foi a Escola Municipal Raimundo Salvador. Com a inaugura\u00e7\u00e3o, o munic\u00edpio agora conta com 5 espa\u00e7os de atendimento individualizado para alunos portadores de necessidades especiais Na tarde da \u00faltima quinta-feira, 10 de agosto, a Prefeitura de Pedro Leopoldo, por meio da Secretaria Municipal de Educa\u00e7\u00e3o, inaugurou a nova &hellip; <a href=\"https:\/\/arquivo.pedroleopoldo.mg.gov.br\/?p=23399\" class=\"more-link\">Continuar lendo <span class=\"screen-reader-text\">Prefeitura inaugura nova Sala Recurso Multifuncionais<\/span><\/a><\/p>\n","protected":false},"author":1,"featured_media":23400,"comment_status":"closed","ping_status":"closed","sticky":false,"template":"","format":"standard","meta":{"footnotes":""},"categories":[4],"tags":[],"_links":{"self":[{"href":"https:\/\/arquivo.pedroleopoldo.mg.gov.br\/index.php?rest_route=\/wp\/v2\/posts\/23399"}],"collection":[{"href":"https:\/\/arquivo.pedroleopoldo.mg.gov.br\/index.php?rest_route=\/wp\/v2\/posts"}],"about":[{"href":"https:\/\/arquivo.pedroleopoldo.mg.gov.br\/index.php?rest_route=\/wp\/v2\/types\/post"}],"author":[{"embeddable":true,"href":"https:\/\/arquivo.pedroleopoldo.mg.gov.br\/index.php?rest_route=\/wp\/v2\/users\/1"}],"replies":[{"embeddable":true,"href":"https:\/\/arquivo.pedroleopoldo.mg.gov.br\/index.php?rest_route=%2Fwp%2Fv2%2Fcomments&post=23399"}],"version-history":[{"count":0,"href":"https:\/\/arquivo.pedroleopoldo.mg.gov.br\/index.php?rest_route=\/wp\/v2\/posts\/23399\/revisions"}],"wp:featuredmedia":[{"embeddable":true,"href":"https:\/\/arquivo.pedroleopoldo.mg.gov.br\/index.php?rest_route=\/wp\/v2\/media\/23400"}],"wp:attachment":[{"href":"https:\/\/arquivo.pedroleopoldo.mg.gov.br\/index.php?rest_route=%2Fwp%2Fv2%2Fmedia&parent=23399"}],"wp:term":[{"taxonomy":"category","embeddable":true,"href":"https:\/\/arquivo.pedroleopoldo.mg.gov.br\/index.php?rest_route=%2Fwp%2Fv2%2Fcategories&post=23399"},{"taxonomy":"post_tag","embeddable":true,"href":"https:\/\/arquivo.pedroleopoldo.mg.gov.br\/index.php?rest_route=%2Fwp%2Fv2%2Ftags&post=23399"}],"curies":[{"name":"wp","href":"https:\/\/api.w.org\/{rel}","templated":true}]}}