{"id":23396,"date":"2023-08-23T16:30:05","date_gmt":"2023-08-23T19:30:05","guid":{"rendered":"http:\/\/pedroleopoldo.mg.gov.br\/?p=23396"},"modified":"2023-08-23T16:30:10","modified_gmt":"2023-08-23T19:30:10","slug":"prefeitura-de-pl-realiza-diversas-acoes-contra-a-febre-maculosa","status":"publish","type":"post","link":"https:\/\/arquivo.pedroleopoldo.mg.gov.br\/?p=23396","title":{"rendered":"Prefeitura de PL realiza diversas a\u00e7\u00f5es contra a Febre Maculosa"},"content":{"rendered":"\n<p>A Prefeitura de Pedro Leopoldo, atrav\u00e9s da Secretaria Municipal de Sa\u00fade, est\u00e1 alertando os moradores sobre os cuidados contra a Febre Maculosa por meio de diversas a\u00e7\u00f5es preventivas. Em 2023, foram&nbsp;20&nbsp;casos notificados, 08 descartados e 12 em investiga\u00e7\u00e3o. Estes n\u00fameros foram atualizados nesta quarta-feira, 16 de agosto de 2023, pela Secretaria Municipal de Sa\u00fade.&nbsp;<\/p>\n\n\n\n<p>Durante o per\u00edodo sazonal da doen\u00e7a, que abrange os meses de maio a novembro, a Prefeitura destaca a import\u00e2ncia de reconhecer os sintomas, como febre, dor no corpo, dor de cabe\u00e7a e manchas avermelhadas na pele. Especial aten\u00e7\u00e3o \u00e9 dada aos indiv\u00edduos que estiveram em \u00e1reas com carrapatos nos \u00faltimos 14 dias.<\/p>\n\n\n\n<p>Para prevenir a febre maculosa, a Prefeitura realiza v\u00e1rias iniciativas, como educa\u00e7\u00e3o em sa\u00fade nas unidades b\u00e1sicas e espa\u00e7os tur\u00edsticos, capacita\u00e7\u00e3o de agentes de endemias, al\u00e9m de atualiza\u00e7\u00e3o de profissionais m\u00e9dicos e enfermeiros.<\/p>\n\n\n\n<p>Os cuidados preventivos s\u00e3o essenciais dada a gravidade da doen\u00e7a, transmitida por carrapatos infectados, que pode levar a complica\u00e7\u00f5es s\u00e9rias e at\u00e9 \u00e0 morte. Adotando medidas como evitar \u00e1reas infestadas, usar roupas protetoras e verificar o corpo ap\u00f3s exposi\u00e7\u00e3o, \u00e9 poss\u00edvel reduzir consideravelmente o risco de infec\u00e7\u00e3o. Reconhecimento precoce dos sintomas e busca por tratamento m\u00e9dico s\u00e3o fundamentais para diagn\u00f3stico e manejo adequados, minimizando impactos negativos na sa\u00fade. Assim, os cuidados contra a febre maculosa beneficiam tanto a prote\u00e7\u00e3o individual quanto a coletiva, ajudando a controlar sua dissemina\u00e7\u00e3o na comunidade.<\/p>\n\n\n\n<p><\/p>\n","protected":false},"excerpt":{"rendered":"<p>A Prefeitura de Pedro Leopoldo, atrav\u00e9s da Secretaria Municipal de Sa\u00fade, est\u00e1 alertando os moradores sobre os cuidados contra a Febre Maculosa por meio de diversas a\u00e7\u00f5es preventivas. Em 2023, foram&nbsp;20&nbsp;casos notificados, 08 descartados e 12 em investiga\u00e7\u00e3o. Estes n\u00fameros foram atualizados nesta quarta-feira, 16 de agosto de 2023, pela Secretaria Municipal de Sa\u00fade.&nbsp; Durante &hellip; <a href=\"https:\/\/arquivo.pedroleopoldo.mg.gov.br\/?p=23396\" class=\"more-link\">Continuar lendo <span class=\"screen-reader-text\">Prefeitura de PL realiza diversas a\u00e7\u00f5es contra a Febre Maculosa<\/span><\/a><\/p>\n","protected":false},"author":1,"featured_media":23397,"comment_status":"closed","ping_status":"closed","sticky":false,"template":"","format":"standard","meta":{"footnotes":""},"categories":[4],"tags":[],"_links":{"self":[{"href":"https:\/\/arquivo.pedroleopoldo.mg.gov.br\/index.php?rest_route=\/wp\/v2\/posts\/23396"}],"collection":[{"href":"https:\/\/arquivo.pedroleopoldo.mg.gov.br\/index.php?rest_route=\/wp\/v2\/posts"}],"about":[{"href":"https:\/\/arquivo.pedroleopoldo.mg.gov.br\/index.php?rest_route=\/wp\/v2\/types\/post"}],"author":[{"embeddable":true,"href":"https:\/\/arquivo.pedroleopoldo.mg.gov.br\/index.php?rest_route=\/wp\/v2\/users\/1"}],"replies":[{"embeddable":true,"href":"https:\/\/arquivo.pedroleopoldo.mg.gov.br\/index.php?rest_route=%2Fwp%2Fv2%2Fcomments&post=23396"}],"version-history":[{"count":0,"href":"https:\/\/arquivo.pedroleopoldo.mg.gov.br\/index.php?rest_route=\/wp\/v2\/posts\/23396\/revisions"}],"wp:featuredmedia":[{"embeddable":true,"href":"https:\/\/arquivo.pedroleopoldo.mg.gov.br\/index.php?rest_route=\/wp\/v2\/media\/23397"}],"wp:attachment":[{"href":"https:\/\/arquivo.pedroleopoldo.mg.gov.br\/index.php?rest_route=%2Fwp%2Fv2%2Fmedia&parent=23396"}],"wp:term":[{"taxonomy":"category","embeddable":true,"href":"https:\/\/arquivo.pedroleopoldo.mg.gov.br\/index.php?rest_route=%2Fwp%2Fv2%2Fcategories&post=23396"},{"taxonomy":"post_tag","embeddable":true,"href":"https:\/\/arquivo.pedroleopoldo.mg.gov.br\/index.php?rest_route=%2Fwp%2Fv2%2Ftags&post=23396"}],"curies":[{"name":"wp","href":"https:\/\/api.w.org\/{rel}","templated":true}]}}