{"id":23282,"date":"2023-07-28T15:07:57","date_gmt":"2023-07-28T18:07:57","guid":{"rendered":"http:\/\/pedroleopoldo.mg.gov.br\/?p=23282"},"modified":"2023-07-28T15:13:25","modified_gmt":"2023-07-28T18:13:25","slug":"pedro-leopoldo-sedia-audiencia-publica-sobre-atualizacao-do-plano-diretor-da-rmbh","status":"publish","type":"post","link":"https:\/\/arquivo.pedroleopoldo.mg.gov.br\/?p=23282","title":{"rendered":"Pedro Leopoldo sedia Audi\u00eancia P\u00fablica sobre atualiza\u00e7\u00e3o do Plano Diretor da RMBH"},"content":{"rendered":"\n<p>Link para inscri\u00e7\u00e3o: <\/p>\n\n\n\n<p><a href=\"https:\/\/www.sympla.com.br\/evento\/pddi-rmbh-1-ciclo-de-audiencias-publicas\/2075722\">https:\/\/www.sympla.com.br\/evento\/pddi-rmbh-1-ciclo-de-audiencias-publicas\/2075722<\/a><\/p>\n\n\n\n<figure class=\"wp-block-image size-large\"><img decoding=\"async\" loading=\"lazy\" width=\"1024\" height=\"1024\" src=\"http:\/\/pedroleopoldo.mg.gov.br\/wp-content\/uploads\/2023\/07\/post_convite_pddi-01-1024x1024.jpg\" alt=\"\" class=\"wp-image-23283\" srcset=\"https:\/\/arquivo.pedroleopoldo.mg.gov.br\/wp-content\/uploads\/2023\/07\/post_convite_pddi-01-1024x1024.jpg 1024w, https:\/\/arquivo.pedroleopoldo.mg.gov.br\/wp-content\/uploads\/2023\/07\/post_convite_pddi-01-300x300.jpg 300w, https:\/\/arquivo.pedroleopoldo.mg.gov.br\/wp-content\/uploads\/2023\/07\/post_convite_pddi-01-150x150.jpg 150w, https:\/\/arquivo.pedroleopoldo.mg.gov.br\/wp-content\/uploads\/2023\/07\/post_convite_pddi-01-768x768.jpg 768w, https:\/\/arquivo.pedroleopoldo.mg.gov.br\/wp-content\/uploads\/2023\/07\/post_convite_pddi-01-1536x1536.jpg 1536w, https:\/\/arquivo.pedroleopoldo.mg.gov.br\/wp-content\/uploads\/2023\/07\/post_convite_pddi-01-2048x2048.jpg 2048w\" sizes=\"(max-width: 1024px) 100vw, 1024px\" \/><\/figure>\n\n\n\n<p><\/p>\n","protected":false},"excerpt":{"rendered":"<p>Link para inscri\u00e7\u00e3o: https:\/\/www.sympla.com.br\/evento\/pddi-rmbh-1-ciclo-de-audiencias-publicas\/2075722<\/p>\n","protected":false},"author":1,"featured_media":23287,"comment_status":"closed","ping_status":"closed","sticky":false,"template":"","format":"standard","meta":{"footnotes":""},"categories":[4],"tags":[],"_links":{"self":[{"href":"https:\/\/arquivo.pedroleopoldo.mg.gov.br\/index.php?rest_route=\/wp\/v2\/posts\/23282"}],"collection":[{"href":"https:\/\/arquivo.pedroleopoldo.mg.gov.br\/index.php?rest_route=\/wp\/v2\/posts"}],"about":[{"href":"https:\/\/arquivo.pedroleopoldo.mg.gov.br\/index.php?rest_route=\/wp\/v2\/types\/post"}],"author":[{"embeddable":true,"href":"https:\/\/arquivo.pedroleopoldo.mg.gov.br\/index.php?rest_route=\/wp\/v2\/users\/1"}],"replies":[{"embeddable":true,"href":"https:\/\/arquivo.pedroleopoldo.mg.gov.br\/index.php?rest_route=%2Fwp%2Fv2%2Fcomments&post=23282"}],"version-history":[{"count":0,"href":"https:\/\/arquivo.pedroleopoldo.mg.gov.br\/index.php?rest_route=\/wp\/v2\/posts\/23282\/revisions"}],"wp:featuredmedia":[{"embeddable":true,"href":"https:\/\/arquivo.pedroleopoldo.mg.gov.br\/index.php?rest_route=\/wp\/v2\/media\/23287"}],"wp:attachment":[{"href":"https:\/\/arquivo.pedroleopoldo.mg.gov.br\/index.php?rest_route=%2Fwp%2Fv2%2Fmedia&parent=23282"}],"wp:term":[{"taxonomy":"category","embeddable":true,"href":"https:\/\/arquivo.pedroleopoldo.mg.gov.br\/index.php?rest_route=%2Fwp%2Fv2%2Fcategories&post=23282"},{"taxonomy":"post_tag","embeddable":true,"href":"https:\/\/arquivo.pedroleopoldo.mg.gov.br\/index.php?rest_route=%2Fwp%2Fv2%2Ftags&post=23282"}],"curies":[{"name":"wp","href":"https:\/\/api.w.org\/{rel}","templated":true}]}}