{"id":23273,"date":"2023-07-27T14:33:31","date_gmt":"2023-07-27T17:33:31","guid":{"rendered":"http:\/\/pedroleopoldo.mg.gov.br\/?p=23273"},"modified":"2026-03-19T11:25:38","modified_gmt":"2026-03-19T14:25:38","slug":"acordo-de-cooperacao-tecnica-001-2023-defensoria-publica-do-estado-de-minas-gerais","status":"publish","type":"post","link":"https:\/\/arquivo.pedroleopoldo.mg.gov.br\/?p=23273","title":{"rendered":"Acordo de Coopera\u00e7\u00e3o T\u00e9cnica 001-2023 &#8211; Defensoria P\u00fablica do Estado de Minas Gerais"},"content":{"rendered":"<a href=\"https:\/\/arquivo.pedroleopoldo.mg.gov.br\/wp-content\/uploads\/2023\/07\/Acordo-de-Coopera\u00e7\u00e3o-T\u00e9cnica-n\u00ba-030-2023-Defensoria-P\u00fablica-do-Estado-de-Minas-Gerais.pdf\" class=\"pdfemb-viewer\" style=\"\" data-width=\"max\" data-height=\"max\" data-toolbar=\"both\" data-toolbar-fixed=\"on\">Acordo-de-Coopera\u00e7\u00e3o-T\u00e9cnica-n\u00ba-030-2023-Defensoria-P\u00fablica-do-Estado-de-Minas-Gerais<\/a>\n<p class=\"wp-block-pdfemb-pdf-embedder-viewer\"><\/p>\n","protected":false},"excerpt":{"rendered":"","protected":false},"author":5,"featured_media":0,"comment_status":"closed","ping_status":"closed","sticky":false,"template":"","format":"standard","meta":{"footnotes":""},"categories":[44,29],"tags":[],"_links":{"self":[{"href":"https:\/\/arquivo.pedroleopoldo.mg.gov.br\/index.php?rest_route=\/wp\/v2\/posts\/23273"}],"collection":[{"href":"https:\/\/arquivo.pedroleopoldo.mg.gov.br\/index.php?rest_route=\/wp\/v2\/posts"}],"about":[{"href":"https:\/\/arquivo.pedroleopoldo.mg.gov.br\/index.php?rest_route=\/wp\/v2\/types\/post"}],"author":[{"embeddable":true,"href":"https:\/\/arquivo.pedroleopoldo.mg.gov.br\/index.php?rest_route=\/wp\/v2\/users\/5"}],"replies":[{"embeddable":true,"href":"https:\/\/arquivo.pedroleopoldo.mg.gov.br\/index.php?rest_route=%2Fwp%2Fv2%2Fcomments&post=23273"}],"version-history":[{"count":0,"href":"https:\/\/arquivo.pedroleopoldo.mg.gov.br\/index.php?rest_route=\/wp\/v2\/posts\/23273\/revisions"}],"wp:attachment":[{"href":"https:\/\/arquivo.pedroleopoldo.mg.gov.br\/index.php?rest_route=%2Fwp%2Fv2%2Fmedia&parent=23273"}],"wp:term":[{"taxonomy":"category","embeddable":true,"href":"https:\/\/arquivo.pedroleopoldo.mg.gov.br\/index.php?rest_route=%2Fwp%2Fv2%2Fcategories&post=23273"},{"taxonomy":"post_tag","embeddable":true,"href":"https:\/\/arquivo.pedroleopoldo.mg.gov.br\/index.php?rest_route=%2Fwp%2Fv2%2Ftags&post=23273"}],"curies":[{"name":"wp","href":"https:\/\/api.w.org\/{rel}","templated":true}]}}