{"id":23258,"date":"2023-07-26T15:40:53","date_gmt":"2023-07-26T18:40:53","guid":{"rendered":"http:\/\/pedroleopoldo.mg.gov.br\/?p=23258"},"modified":"2023-07-26T15:40:57","modified_gmt":"2023-07-26T18:40:57","slug":"prefeitura-de-pedro-leopoldo-adquire-nova-frota-de-carros-para-o-municipio","status":"publish","type":"post","link":"https:\/\/arquivo.pedroleopoldo.mg.gov.br\/?p=23258","title":{"rendered":"Prefeitura de Pedro Leopoldo adquire nova frota de carros para o munic\u00edpio"},"content":{"rendered":"\n<p><em>16 novos ve\u00edculos v\u00e3o atender \u00e0s necessidades da administra\u00e7\u00e3o e da popula\u00e7\u00e3o nas \u00e1reas da Sa\u00fade, Educa\u00e7\u00e3o, Obras, Seguran\u00e7a P\u00fablica, Desenvolvimento Social e Meio Ambiente<\/em><\/p>\n\n\n\n<p>No \u00faltimo s\u00e1bado, 22 de julho, a Prefeitura de Pedro Leopoldo apresentou a nova frota de carros adquirida pela atual administra\u00e7\u00e3o. No total, 16 novos ve\u00edculos v\u00e3o suprir com mais agilidade as demandas da administra\u00e7\u00e3o e do cidad\u00e3o. As \u00e1reas da Sa\u00fade, Educa\u00e7\u00e3o, Obras, Seguran\u00e7a P\u00fablica, Desenvolvimento Social e Meio Ambiente contam agora com carros modernos e equipados, o que garante a todos um servi\u00e7o de mais qualidade. Praticamente 90% da nova frota foi adquirida pela atual administra\u00e7\u00e3o e o restante contou com a ajuda de emendas parlamentares.&nbsp;<\/p>\n\n\n\n<p>\u201cEstou muito feliz de apresentar todos estes ve\u00edculos. Estamos aqui para mostrar o nosso trabalho! Todo mundo sabe o quanto \u00e9 dif\u00edcil adquirir as coisas na Prefeitura e em qualquer \u00f3rg\u00e3o p\u00fablico. Mas gra\u00e7as a Deus, n\u00f3s, com apoio de deputados e com nosso trabalho, estamos com uma frota linda que vai atender mais e melhor a popula\u00e7\u00e3o. Faremos um trabalho mais \u00e1gil porque esse \u00e9 o nosso objetivo: trabalhar para todos e atend\u00ea-los com muito carinho\u201d, disse a Prefeita Eloisa Helena.<\/p>\n\n\n\n<p>O Secret\u00e1rio de Governo, \u00c2ngelo Tadeu, lembrou que quando a gest\u00e3o Eloisa assumiu, encontrou uma frota completamente danificada. \u201cRecuperamos os carros que tinham condi\u00e7\u00f5es de serem recuperados, porque muitos nem tinham como dar manuten\u00e7\u00e3o de t\u00e3o estragados. Por isto, a reestrutura\u00e7\u00e3o da frota e aquisi\u00e7\u00e3o de novos ve\u00edculos eram necess\u00e1rias para atender melhor \u00e0 popula\u00e7\u00e3o\u201d, destacou.<\/p>\n\n\n\n<p>Na sa\u00fade, entre outros carros, destaque para um ganho muito importante, a Hilux ano 2023, equipada com a nova ambul\u00e2ncia que ficar\u00e1 \u00e0 disposi\u00e7\u00e3o para atender as demandas do Hospital Municipal Francisco Gon\u00e7alves no atendimento de urg\u00eancia e emerg\u00eancia intra-hospitalar. Ainda, um outro modelo de ambul\u00e2ncia, a Citroen Jumpy, est\u00e1 a servi\u00e7o da sa\u00fade, al\u00e9m de outro ve\u00edculo que \u00e9 respons\u00e1vel pelo transporte a Belo Horizonte de pessoas com dificuldade de locomo\u00e7\u00e3o.<\/p>\n\n\n\n<p>Na Secretaria de Obras, a nova motoniveladora, conhecida popularmente como Patrol, j\u00e1 entrou em pleno funcionamento. Este ve\u00edculo \u00e9 um facilitador no dia a dia de manuten\u00e7\u00e3o de estradas rurais e at\u00e9 mesmo na \u00e1rea urbana. Educa\u00e7\u00e3o, Seguran\u00e7a P\u00fablica, Desenvolvimento Social e Meio Ambiente agora t\u00eam ve\u00edculos que atender\u00e3o demandas administrativas e de patrulhamento.<\/p>\n\n\n\n<figure class=\"wp-block-gallery columns-3 is-cropped wp-block-gallery-1 is-layout-flex wp-block-gallery-is-layout-flex\"><ul class=\"blocks-gallery-grid\"><li class=\"blocks-gallery-item\"><figure><img decoding=\"async\" loading=\"lazy\" width=\"1024\" height=\"768\" src=\"http:\/\/pedroleopoldo.mg.gov.br\/wp-content\/uploads\/2023\/07\/WhatsApp-Image-2023-07-26-at-14.28.36.jpeg\" alt=\"\" data-id=\"23260\" data-full-url=\"http:\/\/pedroleopoldo.mg.gov.br\/wp-content\/uploads\/2023\/07\/WhatsApp-Image-2023-07-26-at-14.28.36.jpeg\" data-link=\"http:\/\/pedroleopoldo.mg.gov.br\/?attachment_id=23260\" class=\"wp-image-23260\" srcset=\"https:\/\/arquivo.pedroleopoldo.mg.gov.br\/wp-content\/uploads\/2023\/07\/WhatsApp-Image-2023-07-26-at-14.28.36.jpeg 1024w, https:\/\/arquivo.pedroleopoldo.mg.gov.br\/wp-content\/uploads\/2023\/07\/WhatsApp-Image-2023-07-26-at-14.28.36-300x225.jpeg 300w, https:\/\/arquivo.pedroleopoldo.mg.gov.br\/wp-content\/uploads\/2023\/07\/WhatsApp-Image-2023-07-26-at-14.28.36-768x576.jpeg 768w\" sizes=\"(max-width: 1024px) 100vw, 1024px\" \/><\/figure><\/li><li class=\"blocks-gallery-item\"><figure><img decoding=\"async\" loading=\"lazy\" width=\"1024\" height=\"768\" src=\"http:\/\/pedroleopoldo.mg.gov.br\/wp-content\/uploads\/2023\/07\/WhatsApp-Image-2023-07-26-at-14.28.37-1.jpeg\" alt=\"\" data-id=\"23261\" data-full-url=\"http:\/\/pedroleopoldo.mg.gov.br\/wp-content\/uploads\/2023\/07\/WhatsApp-Image-2023-07-26-at-14.28.37-1.jpeg\" data-link=\"http:\/\/pedroleopoldo.mg.gov.br\/?attachment_id=23261\" class=\"wp-image-23261\" srcset=\"https:\/\/arquivo.pedroleopoldo.mg.gov.br\/wp-content\/uploads\/2023\/07\/WhatsApp-Image-2023-07-26-at-14.28.37-1.jpeg 1024w, https:\/\/arquivo.pedroleopoldo.mg.gov.br\/wp-content\/uploads\/2023\/07\/WhatsApp-Image-2023-07-26-at-14.28.37-1-300x225.jpeg 300w, https:\/\/arquivo.pedroleopoldo.mg.gov.br\/wp-content\/uploads\/2023\/07\/WhatsApp-Image-2023-07-26-at-14.28.37-1-768x576.jpeg 768w\" sizes=\"(max-width: 1024px) 100vw, 1024px\" \/><\/figure><\/li><li class=\"blocks-gallery-item\"><figure><img decoding=\"async\" loading=\"lazy\" width=\"1024\" height=\"768\" src=\"http:\/\/pedroleopoldo.mg.gov.br\/wp-content\/uploads\/2023\/07\/WhatsApp-Image-2023-07-26-at-14.28.37-2.jpeg\" alt=\"\" data-id=\"23262\" data-full-url=\"http:\/\/pedroleopoldo.mg.gov.br\/wp-content\/uploads\/2023\/07\/WhatsApp-Image-2023-07-26-at-14.28.37-2.jpeg\" data-link=\"http:\/\/pedroleopoldo.mg.gov.br\/?attachment_id=23262\" class=\"wp-image-23262\" srcset=\"https:\/\/arquivo.pedroleopoldo.mg.gov.br\/wp-content\/uploads\/2023\/07\/WhatsApp-Image-2023-07-26-at-14.28.37-2.jpeg 1024w, https:\/\/arquivo.pedroleopoldo.mg.gov.br\/wp-content\/uploads\/2023\/07\/WhatsApp-Image-2023-07-26-at-14.28.37-2-300x225.jpeg 300w, https:\/\/arquivo.pedroleopoldo.mg.gov.br\/wp-content\/uploads\/2023\/07\/WhatsApp-Image-2023-07-26-at-14.28.37-2-768x576.jpeg 768w\" sizes=\"(max-width: 1024px) 100vw, 1024px\" \/><\/figure><\/li><li class=\"blocks-gallery-item\"><figure><img decoding=\"async\" loading=\"lazy\" width=\"1024\" height=\"768\" src=\"http:\/\/pedroleopoldo.mg.gov.br\/wp-content\/uploads\/2023\/07\/WhatsApp-Image-2023-07-26-at-14.28.37-3.jpeg\" alt=\"\" data-id=\"23263\" data-full-url=\"http:\/\/pedroleopoldo.mg.gov.br\/wp-content\/uploads\/2023\/07\/WhatsApp-Image-2023-07-26-at-14.28.37-3.jpeg\" data-link=\"http:\/\/pedroleopoldo.mg.gov.br\/?attachment_id=23263\" class=\"wp-image-23263\" srcset=\"https:\/\/arquivo.pedroleopoldo.mg.gov.br\/wp-content\/uploads\/2023\/07\/WhatsApp-Image-2023-07-26-at-14.28.37-3.jpeg 1024w, https:\/\/arquivo.pedroleopoldo.mg.gov.br\/wp-content\/uploads\/2023\/07\/WhatsApp-Image-2023-07-26-at-14.28.37-3-300x225.jpeg 300w, https:\/\/arquivo.pedroleopoldo.mg.gov.br\/wp-content\/uploads\/2023\/07\/WhatsApp-Image-2023-07-26-at-14.28.37-3-768x576.jpeg 768w\" sizes=\"(max-width: 1024px) 100vw, 1024px\" \/><\/figure><\/li><li class=\"blocks-gallery-item\"><figure><img decoding=\"async\" loading=\"lazy\" width=\"1024\" height=\"768\" src=\"http:\/\/pedroleopoldo.mg.gov.br\/wp-content\/uploads\/2023\/07\/WhatsApp-Image-2023-07-26-at-14.28.37.jpeg\" alt=\"\" data-id=\"23265\" data-full-url=\"http:\/\/pedroleopoldo.mg.gov.br\/wp-content\/uploads\/2023\/07\/WhatsApp-Image-2023-07-26-at-14.28.37.jpeg\" data-link=\"http:\/\/pedroleopoldo.mg.gov.br\/?attachment_id=23265\" class=\"wp-image-23265\" srcset=\"https:\/\/arquivo.pedroleopoldo.mg.gov.br\/wp-content\/uploads\/2023\/07\/WhatsApp-Image-2023-07-26-at-14.28.37.jpeg 1024w, https:\/\/arquivo.pedroleopoldo.mg.gov.br\/wp-content\/uploads\/2023\/07\/WhatsApp-Image-2023-07-26-at-14.28.37-300x225.jpeg 300w, https:\/\/arquivo.pedroleopoldo.mg.gov.br\/wp-content\/uploads\/2023\/07\/WhatsApp-Image-2023-07-26-at-14.28.37-768x576.jpeg 768w\" sizes=\"(max-width: 1024px) 100vw, 1024px\" \/><\/figure><\/li><li class=\"blocks-gallery-item\"><figure><img decoding=\"async\" loading=\"lazy\" width=\"1024\" height=\"768\" src=\"http:\/\/pedroleopoldo.mg.gov.br\/wp-content\/uploads\/2023\/07\/WhatsApp-Image-2023-07-26-at-14.27.44-1-1024x768.jpeg\" alt=\"\" data-id=\"23266\" data-full-url=\"http:\/\/pedroleopoldo.mg.gov.br\/wp-content\/uploads\/2023\/07\/WhatsApp-Image-2023-07-26-at-14.27.44-1.jpeg\" data-link=\"http:\/\/pedroleopoldo.mg.gov.br\/?attachment_id=23266\" class=\"wp-image-23266\" srcset=\"https:\/\/arquivo.pedroleopoldo.mg.gov.br\/wp-content\/uploads\/2023\/07\/WhatsApp-Image-2023-07-26-at-14.27.44-1-1024x768.jpeg 1024w, https:\/\/arquivo.pedroleopoldo.mg.gov.br\/wp-content\/uploads\/2023\/07\/WhatsApp-Image-2023-07-26-at-14.27.44-1-300x225.jpeg 300w, https:\/\/arquivo.pedroleopoldo.mg.gov.br\/wp-content\/uploads\/2023\/07\/WhatsApp-Image-2023-07-26-at-14.27.44-1-768x576.jpeg 768w, https:\/\/arquivo.pedroleopoldo.mg.gov.br\/wp-content\/uploads\/2023\/07\/WhatsApp-Image-2023-07-26-at-14.27.44-1-1536x1152.jpeg 1536w, https:\/\/arquivo.pedroleopoldo.mg.gov.br\/wp-content\/uploads\/2023\/07\/WhatsApp-Image-2023-07-26-at-14.27.44-1.jpeg 1600w\" sizes=\"(max-width: 1024px) 100vw, 1024px\" \/><\/figure><\/li><li class=\"blocks-gallery-item\"><figure><img decoding=\"async\" loading=\"lazy\" width=\"1024\" height=\"768\" src=\"http:\/\/pedroleopoldo.mg.gov.br\/wp-content\/uploads\/2023\/07\/WhatsApp-Image-2023-07-26-at-14.27.44-1024x768.jpeg\" alt=\"\" data-id=\"23267\" data-full-url=\"http:\/\/pedroleopoldo.mg.gov.br\/wp-content\/uploads\/2023\/07\/WhatsApp-Image-2023-07-26-at-14.27.44.jpeg\" data-link=\"http:\/\/pedroleopoldo.mg.gov.br\/?attachment_id=23267\" class=\"wp-image-23267\" srcset=\"https:\/\/arquivo.pedroleopoldo.mg.gov.br\/wp-content\/uploads\/2023\/07\/WhatsApp-Image-2023-07-26-at-14.27.44-1024x768.jpeg 1024w, https:\/\/arquivo.pedroleopoldo.mg.gov.br\/wp-content\/uploads\/2023\/07\/WhatsApp-Image-2023-07-26-at-14.27.44-300x225.jpeg 300w, https:\/\/arquivo.pedroleopoldo.mg.gov.br\/wp-content\/uploads\/2023\/07\/WhatsApp-Image-2023-07-26-at-14.27.44-768x576.jpeg 768w, https:\/\/arquivo.pedroleopoldo.mg.gov.br\/wp-content\/uploads\/2023\/07\/WhatsApp-Image-2023-07-26-at-14.27.44-1536x1152.jpeg 1536w, https:\/\/arquivo.pedroleopoldo.mg.gov.br\/wp-content\/uploads\/2023\/07\/WhatsApp-Image-2023-07-26-at-14.27.44.jpeg 1600w\" sizes=\"(max-width: 1024px) 100vw, 1024px\" \/><\/figure><\/li><\/ul><\/figure>\n","protected":false},"excerpt":{"rendered":"<p>16 novos ve\u00edculos v\u00e3o atender \u00e0s necessidades da administra\u00e7\u00e3o e da popula\u00e7\u00e3o nas \u00e1reas da Sa\u00fade, Educa\u00e7\u00e3o, Obras, Seguran\u00e7a P\u00fablica, Desenvolvimento Social e Meio Ambiente No \u00faltimo s\u00e1bado, 22 de julho, a Prefeitura de Pedro Leopoldo apresentou a nova frota de carros adquirida pela atual administra\u00e7\u00e3o. No total, 16 novos ve\u00edculos v\u00e3o suprir com mais &hellip; <a href=\"https:\/\/arquivo.pedroleopoldo.mg.gov.br\/?p=23258\" class=\"more-link\">Continuar lendo <span class=\"screen-reader-text\">Prefeitura de Pedro Leopoldo adquire nova frota de carros para o munic\u00edpio<\/span><\/a><\/p>\n","protected":false},"author":1,"featured_media":23267,"comment_status":"closed","ping_status":"closed","sticky":false,"template":"","format":"standard","meta":{"footnotes":""},"categories":[4],"tags":[],"_links":{"self":[{"href":"https:\/\/arquivo.pedroleopoldo.mg.gov.br\/index.php?rest_route=\/wp\/v2\/posts\/23258"}],"collection":[{"href":"https:\/\/arquivo.pedroleopoldo.mg.gov.br\/index.php?rest_route=\/wp\/v2\/posts"}],"about":[{"href":"https:\/\/arquivo.pedroleopoldo.mg.gov.br\/index.php?rest_route=\/wp\/v2\/types\/post"}],"author":[{"embeddable":true,"href":"https:\/\/arquivo.pedroleopoldo.mg.gov.br\/index.php?rest_route=\/wp\/v2\/users\/1"}],"replies":[{"embeddable":true,"href":"https:\/\/arquivo.pedroleopoldo.mg.gov.br\/index.php?rest_route=%2Fwp%2Fv2%2Fcomments&post=23258"}],"version-history":[{"count":0,"href":"https:\/\/arquivo.pedroleopoldo.mg.gov.br\/index.php?rest_route=\/wp\/v2\/posts\/23258\/revisions"}],"wp:featuredmedia":[{"embeddable":true,"href":"https:\/\/arquivo.pedroleopoldo.mg.gov.br\/index.php?rest_route=\/wp\/v2\/media\/23267"}],"wp:attachment":[{"href":"https:\/\/arquivo.pedroleopoldo.mg.gov.br\/index.php?rest_route=%2Fwp%2Fv2%2Fmedia&parent=23258"}],"wp:term":[{"taxonomy":"category","embeddable":true,"href":"https:\/\/arquivo.pedroleopoldo.mg.gov.br\/index.php?rest_route=%2Fwp%2Fv2%2Fcategories&post=23258"},{"taxonomy":"post_tag","embeddable":true,"href":"https:\/\/arquivo.pedroleopoldo.mg.gov.br\/index.php?rest_route=%2Fwp%2Fv2%2Ftags&post=23258"}],"curies":[{"name":"wp","href":"https:\/\/api.w.org\/{rel}","templated":true}]}}