{"id":23250,"date":"2023-07-26T15:40:27","date_gmt":"2023-07-26T18:40:27","guid":{"rendered":"http:\/\/pedroleopoldo.mg.gov.br\/?p=23250"},"modified":"2023-07-26T15:40:30","modified_gmt":"2023-07-26T18:40:30","slug":"prefeitura-anuncia-tao-sonhado-sistema-de-abastecimento-de-agua-em-quinta-das-palmeiras","status":"publish","type":"post","link":"https:\/\/arquivo.pedroleopoldo.mg.gov.br\/?p=23250","title":{"rendered":"Prefeitura anuncia t\u00e3o sonhado Sistema de Abastecimento de \u00c1gua em Quinta das Palmeiras"},"content":{"rendered":"\n<p><em>No \u00faltimo s\u00e1bado, 22 de julho, representantes da Prefeitura de Pedro Leopoldo e da Copasa estiveram no bairro Quinta das Palmeiras para dar a \u00f3tima not\u00edcia aos moradores da regi\u00e3o<\/em><\/p>\n\n\n\n<p>Ao lado de agentes da COPASA, a Prefeita Eloisa Helena, a vice Ana Paula Santos e o Secret\u00e1rio de Governo, \u00c2ngelo Tadeu, anunciaram que come\u00e7aram as obras de implanta\u00e7\u00e3o do Sistema de Abastecimento de \u00c1gua no bairro, um antigo pedido da comunidade local. A novidade foi motivo de comemora\u00e7\u00e3o e isso s\u00f3 foi poss\u00edvel gra\u00e7as ao empenho da atual administra\u00e7\u00e3o.<\/p>\n\n\n\n<p>A obra vai otimizar a vida de todos, com mais praticidade, sa\u00fade e qualidade no dia a dia. A reuni\u00e3o teve o intuito de explicar \u00e0 popula\u00e7\u00e3o como ser\u00e1 o processo de extens\u00e3o e quais localidades poder\u00e3o ser atendidas. At\u00e9 ent\u00e3o, o abastecimento de \u00e1gua do bairro \u00e9 feito por meio dos po\u00e7os artesianos que foram constru\u00eddos pelos moradores e por caminh\u00f5es pipas que s\u00e3o fornecidos pela Prefeitura. A Prefeita Eloisa Helena ressaltou alguns benef\u00edcios da conquista. \u201cA implanta\u00e7\u00e3o do Sistema de Abastecimento de \u00c1gua \u00e9 super importante para os cidad\u00e3os, pois auxilia na preven\u00e7\u00e3o de doen\u00e7as, facilita a limpeza p\u00fablica, propicia conforto aos moradores, al\u00e9m de aumentar a expectativa de vida da popula\u00e7\u00e3o. Este trabalho \u00e9 essencial, porque todos merecemos dignidade e este \u00e9 meu objetivo como prefeita, viabilizar cada vez mais qualidade de vida para os pedroleopoldenses\u201d, afirmou.<\/p>\n\n\n\n<p>Ap\u00f3s reuni\u00f5es, pedidos e todos os esfor\u00e7os necess\u00e1rios, a atual administra\u00e7\u00e3o consegue que a obra seja iniciada, e a partir da\u00ed o servi\u00e7o ser\u00e1 de responsabilidade da COPASA. Elisa Batista, moradora de Quinta das Palmeiras, agradeceu a administra\u00e7\u00e3o pelo empenho em trazer mais estas melhorias para a regi\u00e3o. \u201cEu moro em Quinta das Palmeiras h\u00e1 um bom tempo e aguardamos demais essa not\u00edcia boa que \u00e9 da \u00e1gua da COPASA, essa viabiliza\u00e7\u00e3o para nossa regi\u00e3o. Quero agradecer a atual administra\u00e7\u00e3o pelo companheirismo, pelo projeto, por desenvolver isso para gente\u201d, disse.<\/p>\n\n\n\n<p>Para Henrique Silva, tamb\u00e9m morador do bairro, a import\u00e2ncia do trabalho conjunto entre Prefeitura e COPASA \u00e9 fundamental. \u201cAcredito que a sintonia entre a COPASA e a Prefeitura ir\u00e1 viabilizar a entrega desta obra este ano ainda. A gente precisa muito, quero agradecer, isso \u00e9 muito necess\u00e1rio. \u00c1gua \u00e9 desenvolvimento, \u00e9 algo muito importante. Muito obrigado\u201d, agradeceu.<\/p>\n\n\n\n<p>O Secret\u00e1rio de Governo, \u00c2ngelo Tadeu, tamb\u00e9m comemorou a conquista para a regi\u00e3o. \u201c\u00c9 sempre um prazer estar aqui nesta comunidade e melhor ainda trazendo boas not\u00edcias como esta de que o representante da Copasa, a pedido desta gest\u00e3o, assumiu o compromisso de colocar \u00e1gua neste bairro. Lembrando ainda que, a partir de agora, com a nova aquisi\u00e7\u00e3o da Prefeitura &#8211; uma patrol zero KM &#8211; a manuten\u00e7\u00e3o das estradas da Quinta das Palmeiras ser\u00e1 ainda mais constante. Queremos \u00e9 trabalhar muito e cada dia mais pelo melhor de toda nossa cidade\u201d, concluiu.<\/p>\n\n\n\n<figure class=\"wp-block-gallery columns-3 is-cropped wp-block-gallery-1 is-layout-flex wp-block-gallery-is-layout-flex\"><ul class=\"blocks-gallery-grid\"><li class=\"blocks-gallery-item\"><figure><img decoding=\"async\" loading=\"lazy\" width=\"1024\" height=\"768\" src=\"http:\/\/pedroleopoldo.mg.gov.br\/wp-content\/uploads\/2023\/07\/WhatsApp-Image-2023-07-26-at-11.53.35-1-1024x768.jpeg\" alt=\"\" data-id=\"23255\" data-full-url=\"http:\/\/pedroleopoldo.mg.gov.br\/wp-content\/uploads\/2023\/07\/WhatsApp-Image-2023-07-26-at-11.53.35-1.jpeg\" data-link=\"http:\/\/pedroleopoldo.mg.gov.br\/?attachment_id=23255\" class=\"wp-image-23255\" srcset=\"https:\/\/arquivo.pedroleopoldo.mg.gov.br\/wp-content\/uploads\/2023\/07\/WhatsApp-Image-2023-07-26-at-11.53.35-1-1024x768.jpeg 1024w, https:\/\/arquivo.pedroleopoldo.mg.gov.br\/wp-content\/uploads\/2023\/07\/WhatsApp-Image-2023-07-26-at-11.53.35-1-300x225.jpeg 300w, https:\/\/arquivo.pedroleopoldo.mg.gov.br\/wp-content\/uploads\/2023\/07\/WhatsApp-Image-2023-07-26-at-11.53.35-1-768x576.jpeg 768w, https:\/\/arquivo.pedroleopoldo.mg.gov.br\/wp-content\/uploads\/2023\/07\/WhatsApp-Image-2023-07-26-at-11.53.35-1.jpeg 1280w\" sizes=\"(max-width: 1024px) 100vw, 1024px\" \/><\/figure><\/li><li class=\"blocks-gallery-item\"><figure><img decoding=\"async\" loading=\"lazy\" width=\"1024\" height=\"768\" src=\"http:\/\/pedroleopoldo.mg.gov.br\/wp-content\/uploads\/2023\/07\/WhatsApp-Image-2023-07-26-at-11.53.37-1-1024x768.jpeg\" alt=\"\" data-id=\"23256\" data-full-url=\"http:\/\/pedroleopoldo.mg.gov.br\/wp-content\/uploads\/2023\/07\/WhatsApp-Image-2023-07-26-at-11.53.37-1.jpeg\" data-link=\"http:\/\/pedroleopoldo.mg.gov.br\/?attachment_id=23256\" class=\"wp-image-23256\" srcset=\"https:\/\/arquivo.pedroleopoldo.mg.gov.br\/wp-content\/uploads\/2023\/07\/WhatsApp-Image-2023-07-26-at-11.53.37-1-1024x768.jpeg 1024w, https:\/\/arquivo.pedroleopoldo.mg.gov.br\/wp-content\/uploads\/2023\/07\/WhatsApp-Image-2023-07-26-at-11.53.37-1-300x225.jpeg 300w, https:\/\/arquivo.pedroleopoldo.mg.gov.br\/wp-content\/uploads\/2023\/07\/WhatsApp-Image-2023-07-26-at-11.53.37-1-768x576.jpeg 768w, https:\/\/arquivo.pedroleopoldo.mg.gov.br\/wp-content\/uploads\/2023\/07\/WhatsApp-Image-2023-07-26-at-11.53.37-1.jpeg 1280w\" sizes=\"(max-width: 1024px) 100vw, 1024px\" \/><\/figure><\/li><li class=\"blocks-gallery-item\"><figure><img decoding=\"async\" loading=\"lazy\" width=\"1024\" height=\"768\" src=\"http:\/\/pedroleopoldo.mg.gov.br\/wp-content\/uploads\/2023\/07\/WhatsApp-Image-2023-07-26-at-11.53.38-1-1-1024x768.jpeg\" alt=\"\" data-id=\"23257\" data-full-url=\"http:\/\/pedroleopoldo.mg.gov.br\/wp-content\/uploads\/2023\/07\/WhatsApp-Image-2023-07-26-at-11.53.38-1-1.jpeg\" data-link=\"http:\/\/pedroleopoldo.mg.gov.br\/?attachment_id=23257\" class=\"wp-image-23257\" srcset=\"https:\/\/arquivo.pedroleopoldo.mg.gov.br\/wp-content\/uploads\/2023\/07\/WhatsApp-Image-2023-07-26-at-11.53.38-1-1-1024x768.jpeg 1024w, https:\/\/arquivo.pedroleopoldo.mg.gov.br\/wp-content\/uploads\/2023\/07\/WhatsApp-Image-2023-07-26-at-11.53.38-1-1-300x225.jpeg 300w, https:\/\/arquivo.pedroleopoldo.mg.gov.br\/wp-content\/uploads\/2023\/07\/WhatsApp-Image-2023-07-26-at-11.53.38-1-1-768x576.jpeg 768w, https:\/\/arquivo.pedroleopoldo.mg.gov.br\/wp-content\/uploads\/2023\/07\/WhatsApp-Image-2023-07-26-at-11.53.38-1-1-1536x1152.jpeg 1536w, https:\/\/arquivo.pedroleopoldo.mg.gov.br\/wp-content\/uploads\/2023\/07\/WhatsApp-Image-2023-07-26-at-11.53.38-1-1.jpeg 1600w\" sizes=\"(max-width: 1024px) 100vw, 1024px\" \/><\/figure><\/li><li class=\"blocks-gallery-item\"><figure><img decoding=\"async\" loading=\"lazy\" width=\"768\" height=\"1024\" src=\"http:\/\/pedroleopoldo.mg.gov.br\/wp-content\/uploads\/2023\/07\/WhatsApp-Image-2023-07-26-at-11.53.38-2-768x1024.jpeg\" alt=\"\" data-id=\"23259\" data-full-url=\"http:\/\/pedroleopoldo.mg.gov.br\/wp-content\/uploads\/2023\/07\/WhatsApp-Image-2023-07-26-at-11.53.38-2.jpeg\" data-link=\"http:\/\/pedroleopoldo.mg.gov.br\/?attachment_id=23259\" class=\"wp-image-23259\" srcset=\"https:\/\/arquivo.pedroleopoldo.mg.gov.br\/wp-content\/uploads\/2023\/07\/WhatsApp-Image-2023-07-26-at-11.53.38-2-768x1024.jpeg 768w, https:\/\/arquivo.pedroleopoldo.mg.gov.br\/wp-content\/uploads\/2023\/07\/WhatsApp-Image-2023-07-26-at-11.53.38-2-225x300.jpeg 225w, https:\/\/arquivo.pedroleopoldo.mg.gov.br\/wp-content\/uploads\/2023\/07\/WhatsApp-Image-2023-07-26-at-11.53.38-2.jpeg 960w\" sizes=\"(max-width: 768px) 100vw, 768px\" \/><\/figure><\/li><\/ul><\/figure>\n","protected":false},"excerpt":{"rendered":"<p>No \u00faltimo s\u00e1bado, 22 de julho, representantes da Prefeitura de Pedro Leopoldo e da Copasa estiveram no bairro Quinta das Palmeiras para dar a \u00f3tima not\u00edcia aos moradores da regi\u00e3o Ao lado de agentes da COPASA, a Prefeita Eloisa Helena, a vice Ana Paula Santos e o Secret\u00e1rio de Governo, \u00c2ngelo Tadeu, anunciaram que come\u00e7aram &hellip; <a href=\"https:\/\/arquivo.pedroleopoldo.mg.gov.br\/?p=23250\" class=\"more-link\">Continuar lendo <span class=\"screen-reader-text\">Prefeitura anuncia t\u00e3o sonhado Sistema de Abastecimento de \u00c1gua em Quinta das Palmeiras<\/span><\/a><\/p>\n","protected":false},"author":1,"featured_media":23253,"comment_status":"closed","ping_status":"closed","sticky":false,"template":"","format":"standard","meta":{"footnotes":""},"categories":[4],"tags":[],"_links":{"self":[{"href":"https:\/\/arquivo.pedroleopoldo.mg.gov.br\/index.php?rest_route=\/wp\/v2\/posts\/23250"}],"collection":[{"href":"https:\/\/arquivo.pedroleopoldo.mg.gov.br\/index.php?rest_route=\/wp\/v2\/posts"}],"about":[{"href":"https:\/\/arquivo.pedroleopoldo.mg.gov.br\/index.php?rest_route=\/wp\/v2\/types\/post"}],"author":[{"embeddable":true,"href":"https:\/\/arquivo.pedroleopoldo.mg.gov.br\/index.php?rest_route=\/wp\/v2\/users\/1"}],"replies":[{"embeddable":true,"href":"https:\/\/arquivo.pedroleopoldo.mg.gov.br\/index.php?rest_route=%2Fwp%2Fv2%2Fcomments&post=23250"}],"version-history":[{"count":0,"href":"https:\/\/arquivo.pedroleopoldo.mg.gov.br\/index.php?rest_route=\/wp\/v2\/posts\/23250\/revisions"}],"wp:featuredmedia":[{"embeddable":true,"href":"https:\/\/arquivo.pedroleopoldo.mg.gov.br\/index.php?rest_route=\/wp\/v2\/media\/23253"}],"wp:attachment":[{"href":"https:\/\/arquivo.pedroleopoldo.mg.gov.br\/index.php?rest_route=%2Fwp%2Fv2%2Fmedia&parent=23250"}],"wp:term":[{"taxonomy":"category","embeddable":true,"href":"https:\/\/arquivo.pedroleopoldo.mg.gov.br\/index.php?rest_route=%2Fwp%2Fv2%2Fcategories&post=23250"},{"taxonomy":"post_tag","embeddable":true,"href":"https:\/\/arquivo.pedroleopoldo.mg.gov.br\/index.php?rest_route=%2Fwp%2Fv2%2Ftags&post=23250"}],"curies":[{"name":"wp","href":"https:\/\/api.w.org\/{rel}","templated":true}]}}