{"id":23231,"date":"2023-07-26T15:21:59","date_gmt":"2023-07-26T18:21:59","guid":{"rendered":"http:\/\/pedroleopoldo.mg.gov.br\/?p=23231"},"modified":"2023-07-26T15:22:02","modified_gmt":"2023-07-26T18:22:02","slug":"prefeitura-apoia-agricultura-familiar-e-fomenta-economia-local","status":"publish","type":"post","link":"https:\/\/arquivo.pedroleopoldo.mg.gov.br\/?p=23231","title":{"rendered":"Prefeitura apoia agricultura familiar e fomenta economia local"},"content":{"rendered":"\n<p><em>Pedro Leopoldo conta com 34 produtores rurais que fornecem alimentos para a rede de ensino, CEASA e para o com\u00e9rcio local<\/em><\/p>\n\n\n\n<p>Comemorado no \u00faltimo dia 25 de julho, o Dia Mundial da Agricultura Familiar destaca o papel fundamental que estes profissionais desempenham, principalmente em nosso munic\u00edpio. Atualmente, Pedro Leopoldo conta com 34 agricultores, fornecendo alimentos saud\u00e1veis e de alta qualidade para as escolas municipais e estaduais, CEMAI\u00b4s, com\u00e9rcio local, at\u00e9 a Central de Abastecimento, o CEASA.<\/p>\n\n\n\n<p>Como forma de homenagear e de conhecer mais de perto este belo trabalho, a Prefeita Eloisa Helena e a vice Ana Paula Santos, visitaram, esta semana, a tr\u00eas de diversas propriedades que praticam a agricultura familiar. \u201cFomos, por exemplo, na regi\u00e3o de Pedra Branca, onde visitamos a fam\u00edlia do Sr. \u00c9lio Gomes, a do Sr. Geraldo Campos, conhecido como \u2018Nen\u00e9m\u2019, e a fam\u00edlia do Sr. Pedro Reinaldo. Todos nos receberam com muito carinho e fizeram quest\u00e3o de mostrar cada detalhe de suas planta\u00e7\u00f5es. Ficamos impressionadas com a grandeza do trabalho\u201d, destacou a Prefeita.<\/p>\n\n\n\n<p>Desde 2008 a Prefeitura mant\u00e9m uma parceria de sucesso com a AAFAPEL (Associa\u00e7\u00e3o da Agroind\u00fastria Familiar de Pedro Leopoldo), impulsionando melhores condi\u00e7\u00f5es de comercializa\u00e7\u00e3o da produ\u00e7\u00e3o. A loja da AAFAPEL, que comercializa os produtos dos agricultores locais, fica localizada na Rua Santa Luzia, n\u00ba 612, no Centro de Pedro Leopoldo.<\/p>\n\n\n\n<p>Valorizar a agricultura familiar \u00e9 essencial, pois al\u00e9m de fortalecer a economia local, promove a produ\u00e7\u00e3o sustent\u00e1vel de alimentos, preserva a cultura regional e fortalece os la\u00e7os comunit\u00e1rios.<\/p>\n\n\n\n<div class=\"wp-block-jetpack-tiled-gallery aligncenter is-style-square\"><div class=\"tiled-gallery__gallery\"><div class=\"tiled-gallery__row columns-1\"><div class=\"tiled-gallery__col\"><figure class=\"tiled-gallery__item\"><img decoding=\"async\" alt=\"\" data-height=\"960\" data-id=\"23240\" data-link=\"http:\/\/pedroleopoldo.mg.gov.br\/?attachment_id=23240\" data-url=\"http:\/\/pedroleopoldo.mg.gov.br\/wp-content\/uploads\/2023\/07\/WhatsApp-Image-2023-07-25-at-12.08.26.jpeg\" data-width=\"1280\" src=\"https:\/\/i1.wp.com\/pedroleopoldo.mg.gov.br\/wp-content\/uploads\/2023\/07\/WhatsApp-Image-2023-07-25-at-12.08.26.jpeg?resize=960%2C960\" layout=\"responsive\"\/><\/figure><\/div><\/div><div class=\"tiled-gallery__row columns-2\"><div class=\"tiled-gallery__col\"><figure class=\"tiled-gallery__item\"><img decoding=\"async\" alt=\"\" data-height=\"768\" data-id=\"23235\" data-link=\"http:\/\/pedroleopoldo.mg.gov.br\/?attachment_id=23235\" data-url=\"http:\/\/pedroleopoldo.mg.gov.br\/wp-content\/uploads\/2023\/07\/WhatsApp-Image-2023-07-26-at-14.39.54.jpeg\" data-width=\"1024\" src=\"https:\/\/i2.wp.com\/pedroleopoldo.mg.gov.br\/wp-content\/uploads\/2023\/07\/WhatsApp-Image-2023-07-26-at-14.39.54.jpeg?resize=768%2C768\" layout=\"responsive\"\/><\/figure><\/div><div class=\"tiled-gallery__col\"><figure class=\"tiled-gallery__item\"><img decoding=\"async\" alt=\"\" data-height=\"768\" data-id=\"23236\" data-link=\"http:\/\/pedroleopoldo.mg.gov.br\/?attachment_id=23236\" data-url=\"http:\/\/pedroleopoldo.mg.gov.br\/wp-content\/uploads\/2023\/07\/WhatsApp-Image-2023-07-26-at-14.39.55-1.jpeg\" data-width=\"1024\" src=\"https:\/\/i2.wp.com\/pedroleopoldo.mg.gov.br\/wp-content\/uploads\/2023\/07\/WhatsApp-Image-2023-07-26-at-14.39.55-1.jpeg?resize=768%2C768\" layout=\"responsive\"\/><\/figure><\/div><\/div><div class=\"tiled-gallery__row columns-2\"><div class=\"tiled-gallery__col\"><figure class=\"tiled-gallery__item\"><img decoding=\"async\" alt=\"\" data-height=\"768\" data-id=\"23237\" data-link=\"http:\/\/pedroleopoldo.mg.gov.br\/?attachment_id=23237\" data-url=\"http:\/\/pedroleopoldo.mg.gov.br\/wp-content\/uploads\/2023\/07\/WhatsApp-Image-2023-07-26-at-14.39.55-2.jpeg\" data-width=\"1024\" src=\"https:\/\/i1.wp.com\/pedroleopoldo.mg.gov.br\/wp-content\/uploads\/2023\/07\/WhatsApp-Image-2023-07-26-at-14.39.55-2.jpeg?resize=768%2C768\" layout=\"responsive\"\/><\/figure><\/div><div class=\"tiled-gallery__col\"><figure class=\"tiled-gallery__item\"><img decoding=\"async\" alt=\"\" data-height=\"768\" data-id=\"23238\" data-link=\"http:\/\/pedroleopoldo.mg.gov.br\/?attachment_id=23238\" data-url=\"http:\/\/pedroleopoldo.mg.gov.br\/wp-content\/uploads\/2023\/07\/WhatsApp-Image-2023-07-26-at-14.39.55-3.jpeg\" data-width=\"1024\" src=\"https:\/\/i0.wp.com\/pedroleopoldo.mg.gov.br\/wp-content\/uploads\/2023\/07\/WhatsApp-Image-2023-07-26-at-14.39.55-3.jpeg?resize=768%2C768\" layout=\"responsive\"\/><\/figure><\/div><\/div><div class=\"tiled-gallery__row columns-2\"><div class=\"tiled-gallery__col\"><figure class=\"tiled-gallery__item\"><img decoding=\"async\" alt=\"\" data-height=\"1024\" data-id=\"23239\" data-link=\"http:\/\/pedroleopoldo.mg.gov.br\/?attachment_id=23239\" data-url=\"http:\/\/pedroleopoldo.mg.gov.br\/wp-content\/uploads\/2023\/07\/WhatsApp-Image-2023-07-26-at-14.39.55.jpeg\" data-width=\"768\" src=\"https:\/\/i0.wp.com\/pedroleopoldo.mg.gov.br\/wp-content\/uploads\/2023\/07\/WhatsApp-Image-2023-07-26-at-14.39.55.jpeg?resize=768%2C768\" layout=\"responsive\"\/><\/figure><\/div><div class=\"tiled-gallery__col\"><figure class=\"tiled-gallery__item\"><img decoding=\"async\" alt=\"\" data-height=\"1024\" data-id=\"23234\" data-link=\"http:\/\/pedroleopoldo.mg.gov.br\/?attachment_id=23234\" data-url=\"http:\/\/pedroleopoldo.mg.gov.br\/wp-content\/uploads\/2023\/07\/WhatsApp-Image-2023-07-26-at-14.39.54-1.jpeg\" data-width=\"768\" src=\"https:\/\/i1.wp.com\/pedroleopoldo.mg.gov.br\/wp-content\/uploads\/2023\/07\/WhatsApp-Image-2023-07-26-at-14.39.54-1.jpeg?resize=768%2C768\" layout=\"responsive\"\/><\/figure><\/div><\/div><\/div><\/div>\n","protected":false},"excerpt":{"rendered":"<p>Pedro Leopoldo conta com 34 produtores rurais que fornecem alimentos para a rede de ensino, CEASA e para o com\u00e9rcio local Comemorado no \u00faltimo dia 25 de julho, o Dia Mundial da Agricultura Familiar destaca o papel fundamental que estes profissionais desempenham, principalmente em nosso munic\u00edpio. Atualmente, Pedro Leopoldo conta com 34 agricultores, fornecendo alimentos &hellip; <a href=\"https:\/\/arquivo.pedroleopoldo.mg.gov.br\/?p=23231\" class=\"more-link\">Continuar lendo <span class=\"screen-reader-text\">Prefeitura apoia agricultura familiar e fomenta economia local<\/span><\/a><\/p>\n","protected":false},"author":1,"featured_media":23232,"comment_status":"closed","ping_status":"closed","sticky":false,"template":"","format":"standard","meta":{"footnotes":""},"categories":[4],"tags":[],"_links":{"self":[{"href":"https:\/\/arquivo.pedroleopoldo.mg.gov.br\/index.php?rest_route=\/wp\/v2\/posts\/23231"}],"collection":[{"href":"https:\/\/arquivo.pedroleopoldo.mg.gov.br\/index.php?rest_route=\/wp\/v2\/posts"}],"about":[{"href":"https:\/\/arquivo.pedroleopoldo.mg.gov.br\/index.php?rest_route=\/wp\/v2\/types\/post"}],"author":[{"embeddable":true,"href":"https:\/\/arquivo.pedroleopoldo.mg.gov.br\/index.php?rest_route=\/wp\/v2\/users\/1"}],"replies":[{"embeddable":true,"href":"https:\/\/arquivo.pedroleopoldo.mg.gov.br\/index.php?rest_route=%2Fwp%2Fv2%2Fcomments&post=23231"}],"version-history":[{"count":0,"href":"https:\/\/arquivo.pedroleopoldo.mg.gov.br\/index.php?rest_route=\/wp\/v2\/posts\/23231\/revisions"}],"wp:featuredmedia":[{"embeddable":true,"href":"https:\/\/arquivo.pedroleopoldo.mg.gov.br\/index.php?rest_route=\/wp\/v2\/media\/23232"}],"wp:attachment":[{"href":"https:\/\/arquivo.pedroleopoldo.mg.gov.br\/index.php?rest_route=%2Fwp%2Fv2%2Fmedia&parent=23231"}],"wp:term":[{"taxonomy":"category","embeddable":true,"href":"https:\/\/arquivo.pedroleopoldo.mg.gov.br\/index.php?rest_route=%2Fwp%2Fv2%2Fcategories&post=23231"},{"taxonomy":"post_tag","embeddable":true,"href":"https:\/\/arquivo.pedroleopoldo.mg.gov.br\/index.php?rest_route=%2Fwp%2Fv2%2Ftags&post=23231"}],"curies":[{"name":"wp","href":"https:\/\/api.w.org\/{rel}","templated":true}]}}