{"id":23171,"date":"2023-07-19T16:53:17","date_gmt":"2023-07-19T19:53:17","guid":{"rendered":"http:\/\/pedroleopoldo.mg.gov.br\/?p=23171"},"modified":"2023-07-19T16:53:21","modified_gmt":"2023-07-19T19:53:21","slug":"prefeitura-de-pedro-leopoldo-comemora-resultado-do-trabalho-da-gestao-contra-a-pedagio-na-mg-424","status":"publish","type":"post","link":"https:\/\/arquivo.pedroleopoldo.mg.gov.br\/?p=23171","title":{"rendered":"Prefeitura de Pedro Leopoldo comemora resultado do trabalho da gest\u00e3o contra a ped\u00e1gio na MG-424"},"content":{"rendered":"\n<p><em>Desde o in\u00edcio da atual administra\u00e7\u00e3o, esfor\u00e7os n\u00e3o foram medidos para que o ped\u00e1gio n\u00e3o prejudicasse os pedroleopoldenses. Contrato foi cancelado<\/em><\/p>\n\n\n\n<figure class=\"wp-block-image size-large\"><img decoding=\"async\" loading=\"lazy\" width=\"1024\" height=\"1024\" src=\"http:\/\/pedroleopoldo.mg.gov.br\/wp-content\/uploads\/2023\/07\/Screenshot_20230719_164906_Gallery-1-1024x1024.jpg\" alt=\"\" class=\"wp-image-23173\" srcset=\"https:\/\/arquivo.pedroleopoldo.mg.gov.br\/wp-content\/uploads\/2023\/07\/Screenshot_20230719_164906_Gallery-1-1024x1024.jpg 1024w, https:\/\/arquivo.pedroleopoldo.mg.gov.br\/wp-content\/uploads\/2023\/07\/Screenshot_20230719_164906_Gallery-1-300x300.jpg 300w, https:\/\/arquivo.pedroleopoldo.mg.gov.br\/wp-content\/uploads\/2023\/07\/Screenshot_20230719_164906_Gallery-1-150x150.jpg 150w, https:\/\/arquivo.pedroleopoldo.mg.gov.br\/wp-content\/uploads\/2023\/07\/Screenshot_20230719_164906_Gallery-1-768x767.jpg 768w, https:\/\/arquivo.pedroleopoldo.mg.gov.br\/wp-content\/uploads\/2023\/07\/Screenshot_20230719_164906_Gallery-1.jpg 1440w\" sizes=\"(max-width: 1024px) 100vw, 1024px\" \/><\/figure>\n\n\n\n<p>A Prefeitura de Pedro Leopoldo, por meio de sua Procuradoria Jur\u00eddica, obteve \u00eaxito em sua luta pelo cancelamento do contrato de concess\u00e3o da MG-424, que traria a cobran\u00e7a de ped\u00e1gio entre PL e BH. A atual administra\u00e7\u00e3o se empenhou muito nos \u00faltimos anos para que os moradores de Pedro Leopoldo n\u00e3o fossem prejudicados. Agora, com o cancelamento do contrato, novas medidas de infraestrutura, mais condizentes com a realidade da regi\u00e3o, ser\u00e3o analisadas pelo Governo do Estado.<\/p>\n\n\n\n<p>\u201cContinuaremos firmes, pois, nosso trecho necessita de melhorias que cabem ao Governo Estadual executar, mas n\u00e3o como estavam querendo, com um grande preju\u00edzo para os pedroleopoldenses. Isso n\u00f3s n\u00e3o aceitamos, n\u00e3o aceitaremos e vamos bater o p\u00e9! Eu, minha vice-prefeita, Ana Paula, nossa Procuradoria, atrav\u00e9s do Dr. Cristiano Fonseca, e toda nossa equipe de governo estaremos atentos\u201d, afirmou a Prefeita Eloisa Helena.<\/p>\n\n\n\n<p>Pedro Leopoldo precisou enfrentar lideran\u00e7as pol\u00edticas de v\u00e1rios outros munic\u00edpios, inclusive vizinhos, al\u00e9m do pr\u00f3prio Estado de Minas Gerais. &#8220;No futuro, se outra concess\u00e3o da rodovia for proposta, a gest\u00e3o Eloisa n\u00e3o medir\u00e1 esfor\u00e7os para, novamente, defender os interesses de nossos cidad\u00e3os&#8221;, disse Dr. Cristiano Fonseca.<\/p>\n\n\n\n<p>De acordo com o governo do Estado, o DER-MG ir\u00e1 licitar a recupera\u00e7\u00e3o funcional da rodovia para garantir a melhoria do pavimento e da sinaliza\u00e7\u00e3o, trazendo mais seguran\u00e7a aos usu\u00e1rios.<\/p>\n","protected":false},"excerpt":{"rendered":"<p>Desde o in\u00edcio da atual administra\u00e7\u00e3o, esfor\u00e7os n\u00e3o foram medidos para que o ped\u00e1gio n\u00e3o prejudicasse os pedroleopoldenses. Contrato foi cancelado A Prefeitura de Pedro Leopoldo, por meio de sua Procuradoria Jur\u00eddica, obteve \u00eaxito em sua luta pelo cancelamento do contrato de concess\u00e3o da MG-424, que traria a cobran\u00e7a de ped\u00e1gio entre PL e BH. &hellip; <a href=\"https:\/\/arquivo.pedroleopoldo.mg.gov.br\/?p=23171\" class=\"more-link\">Continuar lendo <span class=\"screen-reader-text\">Prefeitura de Pedro Leopoldo comemora resultado do trabalho da gest\u00e3o contra a ped\u00e1gio na MG-424<\/span><\/a><\/p>\n","protected":false},"author":1,"featured_media":23173,"comment_status":"closed","ping_status":"closed","sticky":false,"template":"","format":"standard","meta":{"footnotes":""},"categories":[4],"tags":[],"_links":{"self":[{"href":"https:\/\/arquivo.pedroleopoldo.mg.gov.br\/index.php?rest_route=\/wp\/v2\/posts\/23171"}],"collection":[{"href":"https:\/\/arquivo.pedroleopoldo.mg.gov.br\/index.php?rest_route=\/wp\/v2\/posts"}],"about":[{"href":"https:\/\/arquivo.pedroleopoldo.mg.gov.br\/index.php?rest_route=\/wp\/v2\/types\/post"}],"author":[{"embeddable":true,"href":"https:\/\/arquivo.pedroleopoldo.mg.gov.br\/index.php?rest_route=\/wp\/v2\/users\/1"}],"replies":[{"embeddable":true,"href":"https:\/\/arquivo.pedroleopoldo.mg.gov.br\/index.php?rest_route=%2Fwp%2Fv2%2Fcomments&post=23171"}],"version-history":[{"count":0,"href":"https:\/\/arquivo.pedroleopoldo.mg.gov.br\/index.php?rest_route=\/wp\/v2\/posts\/23171\/revisions"}],"wp:featuredmedia":[{"embeddable":true,"href":"https:\/\/arquivo.pedroleopoldo.mg.gov.br\/index.php?rest_route=\/wp\/v2\/media\/23173"}],"wp:attachment":[{"href":"https:\/\/arquivo.pedroleopoldo.mg.gov.br\/index.php?rest_route=%2Fwp%2Fv2%2Fmedia&parent=23171"}],"wp:term":[{"taxonomy":"category","embeddable":true,"href":"https:\/\/arquivo.pedroleopoldo.mg.gov.br\/index.php?rest_route=%2Fwp%2Fv2%2Fcategories&post=23171"},{"taxonomy":"post_tag","embeddable":true,"href":"https:\/\/arquivo.pedroleopoldo.mg.gov.br\/index.php?rest_route=%2Fwp%2Fv2%2Ftags&post=23171"}],"curies":[{"name":"wp","href":"https:\/\/api.w.org\/{rel}","templated":true}]}}