{"id":23137,"date":"2023-07-17T15:09:05","date_gmt":"2023-07-17T18:09:05","guid":{"rendered":"http:\/\/pedroleopoldo.mg.gov.br\/?p=23137"},"modified":"2023-07-17T15:09:09","modified_gmt":"2023-07-17T18:09:09","slug":"pracas-do-municipio-estao-recebendo-varias-melhorias-da-prefeitura-de-pl","status":"publish","type":"post","link":"https:\/\/arquivo.pedroleopoldo.mg.gov.br\/?p=23137","title":{"rendered":"Pra\u00e7as do munic\u00edpio est\u00e3o recebendo v\u00e1rias melhorias da Prefeitura de PL"},"content":{"rendered":"\n<p><em>Novos parquinhos, ilumina\u00e7\u00e3o de Led, limpeza geral, reformas e internet gr\u00e1tis s\u00e3o algumas das melhorias feitas pela atual gest\u00e3o para tornar os espa\u00e7os mais aconchegantes e atrativos para as fam\u00edlias<\/em><\/p>\n\n\n\n<p>Quem nunca sentou em uma pra\u00e7a para bater um papo com os amigos, para usar a internet ou at\u00e9 mesmo para esperar o tempo passar? E quem tem crian\u00e7a em casa adora ter um espa\u00e7o p\u00fablico seguro para garantir o lazer da garotada, n\u00e3o \u00e9? Pensando nisso, a Prefeitura de Pedro Leopoldo est\u00e1 investindo para deixar as pra\u00e7as p\u00fablicas mais bonitas, seguras, atraentes e aconchegantes para receber a popula\u00e7\u00e3o da melhor forma poss\u00edvel.<\/p>\n\n\n\n<p>Na programa\u00e7\u00e3o da Secretaria de Obras, a poda, capina, despraguejamento de gramado e varri\u00e7\u00e3o s\u00e3o servi\u00e7os que acontecem frequentemente em todas as pra\u00e7as do munic\u00edpio, nos quatro cantos de Pedro Leopoldo. Al\u00e9m disso, parquinhos foram implantados por esta gest\u00e3o em alguns pontos da cidade como Centro, Lagoa de Santo Ant\u00f4nio, Santo Ant\u00f4nio da Barra e Ad\u00e9lia Issa. \u201cNosso munic\u00edpio avan\u00e7a cada dia mais e isso \u00e9 resultado de um trabalho baseado no nosso compromisso com a popula\u00e7\u00e3o, com nossas fam\u00edlias. Cuidar desses espa\u00e7os \u00e9 uma forma de entregar mais bem-estar e qualidade de vida para os pedroleopoldenses. E n\u00e3o para por a\u00ed, queremos e vamos fazer muito mais\u201d, destacou a Prefeita Eloisa Helena.<\/p>\n\n\n\n<p>Carla Pereira, moradora do bairro Lagoa de Santo Ant\u00f4nio, agradeceu a Prefeitura pela frequente limpeza realizada na pra\u00e7a Jos\u00e9 dos Anjos e pela implanta\u00e7\u00e3o do novo parquinho. \u201cDireto vejo o pessoal da Prefeitura aqui cortando a grama, varrendo a pra\u00e7a e esses dias estiveram recolhendo entulho tamb\u00e9m. Isso \u00e9 muito importante, porque mant\u00e9m a beleza da pra\u00e7a e nosso conforto, n\u00e9? Ningu\u00e9m gosta de ficar em lugar sujo. Colocaram brinquedo tamb\u00e9m, eu gostei demais, trago minha filha para brincar e todos adoram\u201d, disse.<\/p>\n\n\n\n<p>Um dos pontos que tamb\u00e9m recebeu melhorias recentemente foi a pra\u00e7a Jaci Viana, no bairro Dom Camilo. Os servi\u00e7os realizados no local foram constru\u00e7\u00e3o de mesas e bancos, pintura geral, plantio de novo jardim e implanta\u00e7\u00e3o de ilumina\u00e7\u00e3o de Led. A pracinha ficou de cara nova e rendeu elogios. \u201cFicou bonita mesmo, eu moro a\u00ed perto\u201d. \u201cNossa, que lugar maravilhoso\u201d. \u201cFicou linda\u201d. Estes foram alguns coment\u00e1rios que a gest\u00e3o recebeu nas redes sociais ap\u00f3s o trabalho.<\/p>\n\n\n\n<p>Para a vice-prefeita Ana Paula Santos, a principal meta vem sendo alcan\u00e7ada. \u201cTudo que fazemos \u00e9 para ver nossa popula\u00e7\u00e3o feliz e satisfeita. Ver que nossa gente aprova o resultado n\u00e3o tem pre\u00e7o, pois tudo que fazemos \u00e9 para eles\u201d, destacou.<\/p>\n\n\n\n<figure class=\"wp-block-gallery columns-3 is-cropped wp-block-gallery-1 is-layout-flex wp-block-gallery-is-layout-flex\"><ul class=\"blocks-gallery-grid\"><li class=\"blocks-gallery-item\"><figure><img decoding=\"async\" loading=\"lazy\" width=\"1024\" height=\"768\" src=\"http:\/\/pedroleopoldo.mg.gov.br\/wp-content\/uploads\/2023\/07\/WhatsApp-Image-2023-07-17-at-15.07.00-1024x768.jpeg\" alt=\"\" data-id=\"23139\" data-full-url=\"http:\/\/pedroleopoldo.mg.gov.br\/wp-content\/uploads\/2023\/07\/WhatsApp-Image-2023-07-17-at-15.07.00.jpeg\" data-link=\"http:\/\/pedroleopoldo.mg.gov.br\/?attachment_id=23139\" class=\"wp-image-23139\" srcset=\"https:\/\/arquivo.pedroleopoldo.mg.gov.br\/wp-content\/uploads\/2023\/07\/WhatsApp-Image-2023-07-17-at-15.07.00-1024x768.jpeg 1024w, https:\/\/arquivo.pedroleopoldo.mg.gov.br\/wp-content\/uploads\/2023\/07\/WhatsApp-Image-2023-07-17-at-15.07.00-300x225.jpeg 300w, https:\/\/arquivo.pedroleopoldo.mg.gov.br\/wp-content\/uploads\/2023\/07\/WhatsApp-Image-2023-07-17-at-15.07.00-768x576.jpeg 768w, https:\/\/arquivo.pedroleopoldo.mg.gov.br\/wp-content\/uploads\/2023\/07\/WhatsApp-Image-2023-07-17-at-15.07.00-1536x1152.jpeg 1536w, https:\/\/arquivo.pedroleopoldo.mg.gov.br\/wp-content\/uploads\/2023\/07\/WhatsApp-Image-2023-07-17-at-15.07.00.jpeg 1600w\" sizes=\"(max-width: 1024px) 100vw, 1024px\" \/><\/figure><\/li><li class=\"blocks-gallery-item\"><figure><img decoding=\"async\" loading=\"lazy\" width=\"1024\" height=\"750\" src=\"http:\/\/pedroleopoldo.mg.gov.br\/wp-content\/uploads\/2023\/07\/WhatsApp-Image-2023-07-17-at-15.07.12-1-1024x750.jpeg\" alt=\"\" data-id=\"23140\" data-full-url=\"http:\/\/pedroleopoldo.mg.gov.br\/wp-content\/uploads\/2023\/07\/WhatsApp-Image-2023-07-17-at-15.07.12-1.jpeg\" data-link=\"http:\/\/pedroleopoldo.mg.gov.br\/?attachment_id=23140\" class=\"wp-image-23140\" srcset=\"https:\/\/arquivo.pedroleopoldo.mg.gov.br\/wp-content\/uploads\/2023\/07\/WhatsApp-Image-2023-07-17-at-15.07.12-1-1024x750.jpeg 1024w, https:\/\/arquivo.pedroleopoldo.mg.gov.br\/wp-content\/uploads\/2023\/07\/WhatsApp-Image-2023-07-17-at-15.07.12-1-300x220.jpeg 300w, https:\/\/arquivo.pedroleopoldo.mg.gov.br\/wp-content\/uploads\/2023\/07\/WhatsApp-Image-2023-07-17-at-15.07.12-1-768x563.jpeg 768w, https:\/\/arquivo.pedroleopoldo.mg.gov.br\/wp-content\/uploads\/2023\/07\/WhatsApp-Image-2023-07-17-at-15.07.12-1.jpeg 1170w\" sizes=\"(max-width: 1024px) 100vw, 1024px\" \/><\/figure><\/li><li class=\"blocks-gallery-item\"><figure><img decoding=\"async\" loading=\"lazy\" width=\"1024\" height=\"759\" src=\"http:\/\/pedroleopoldo.mg.gov.br\/wp-content\/uploads\/2023\/07\/WhatsApp-Image-2023-07-17-at-15.07.19-1024x759.jpeg\" alt=\"\" data-id=\"23141\" data-full-url=\"http:\/\/pedroleopoldo.mg.gov.br\/wp-content\/uploads\/2023\/07\/WhatsApp-Image-2023-07-17-at-15.07.19.jpeg\" data-link=\"http:\/\/pedroleopoldo.mg.gov.br\/?attachment_id=23141\" class=\"wp-image-23141\" srcset=\"https:\/\/arquivo.pedroleopoldo.mg.gov.br\/wp-content\/uploads\/2023\/07\/WhatsApp-Image-2023-07-17-at-15.07.19-1024x759.jpeg 1024w, https:\/\/arquivo.pedroleopoldo.mg.gov.br\/wp-content\/uploads\/2023\/07\/WhatsApp-Image-2023-07-17-at-15.07.19-300x222.jpeg 300w, https:\/\/arquivo.pedroleopoldo.mg.gov.br\/wp-content\/uploads\/2023\/07\/WhatsApp-Image-2023-07-17-at-15.07.19-768x569.jpeg 768w, https:\/\/arquivo.pedroleopoldo.mg.gov.br\/wp-content\/uploads\/2023\/07\/WhatsApp-Image-2023-07-17-at-15.07.19.jpeg 1170w\" sizes=\"(max-width: 1024px) 100vw, 1024px\" \/><\/figure><\/li><\/ul><\/figure>\n","protected":false},"excerpt":{"rendered":"<p>Novos parquinhos, ilumina\u00e7\u00e3o de Led, limpeza geral, reformas e internet gr\u00e1tis s\u00e3o algumas das melhorias feitas pela atual gest\u00e3o para tornar os espa\u00e7os mais aconchegantes e atrativos para as fam\u00edlias Quem nunca sentou em uma pra\u00e7a para bater um papo com os amigos, para usar a internet ou at\u00e9 mesmo para esperar o tempo passar? &hellip; <a href=\"https:\/\/arquivo.pedroleopoldo.mg.gov.br\/?p=23137\" class=\"more-link\">Continuar lendo <span class=\"screen-reader-text\">Pra\u00e7as do munic\u00edpio est\u00e3o recebendo v\u00e1rias melhorias da Prefeitura de PL<\/span><\/a><\/p>\n","protected":false},"author":1,"featured_media":23138,"comment_status":"closed","ping_status":"closed","sticky":false,"template":"","format":"standard","meta":{"footnotes":""},"categories":[4],"tags":[],"_links":{"self":[{"href":"https:\/\/arquivo.pedroleopoldo.mg.gov.br\/index.php?rest_route=\/wp\/v2\/posts\/23137"}],"collection":[{"href":"https:\/\/arquivo.pedroleopoldo.mg.gov.br\/index.php?rest_route=\/wp\/v2\/posts"}],"about":[{"href":"https:\/\/arquivo.pedroleopoldo.mg.gov.br\/index.php?rest_route=\/wp\/v2\/types\/post"}],"author":[{"embeddable":true,"href":"https:\/\/arquivo.pedroleopoldo.mg.gov.br\/index.php?rest_route=\/wp\/v2\/users\/1"}],"replies":[{"embeddable":true,"href":"https:\/\/arquivo.pedroleopoldo.mg.gov.br\/index.php?rest_route=%2Fwp%2Fv2%2Fcomments&post=23137"}],"version-history":[{"count":0,"href":"https:\/\/arquivo.pedroleopoldo.mg.gov.br\/index.php?rest_route=\/wp\/v2\/posts\/23137\/revisions"}],"wp:featuredmedia":[{"embeddable":true,"href":"https:\/\/arquivo.pedroleopoldo.mg.gov.br\/index.php?rest_route=\/wp\/v2\/media\/23138"}],"wp:attachment":[{"href":"https:\/\/arquivo.pedroleopoldo.mg.gov.br\/index.php?rest_route=%2Fwp%2Fv2%2Fmedia&parent=23137"}],"wp:term":[{"taxonomy":"category","embeddable":true,"href":"https:\/\/arquivo.pedroleopoldo.mg.gov.br\/index.php?rest_route=%2Fwp%2Fv2%2Fcategories&post=23137"},{"taxonomy":"post_tag","embeddable":true,"href":"https:\/\/arquivo.pedroleopoldo.mg.gov.br\/index.php?rest_route=%2Fwp%2Fv2%2Ftags&post=23137"}],"curies":[{"name":"wp","href":"https:\/\/api.w.org\/{rel}","templated":true}]}}