{"id":23131,"date":"2023-07-17T15:05:51","date_gmt":"2023-07-17T18:05:51","guid":{"rendered":"http:\/\/pedroleopoldo.mg.gov.br\/?p=23131"},"modified":"2023-07-17T15:05:54","modified_gmt":"2023-07-17T18:05:54","slug":"2a-etapa-do-campeonato-mineiro-de-skate-street-na-pista-de-pl-foi-um-sucesso","status":"publish","type":"post","link":"https:\/\/arquivo.pedroleopoldo.mg.gov.br\/?p=23131","title":{"rendered":"2\u00aa Etapa do Campeonato Mineiro de Skate Street na Pista de PL foi um sucesso"},"content":{"rendered":"\n<p><em>O evento, que tem repercuss\u00e3o em todo o Estado, recebeu muitos elogios e foi realizado pela 1\u00aa vez na cidade, com total apoio da Prefeitura. O pedroleopoldense Samuel Victor, da Fam\u00edlia Pr\u00f3 Skate, passou para a pr\u00f3xima fase e tem a chance de disputar o Campeonato Nacional<\/em><\/p>\n\n\n\n<p>No \u00faltimo fim de semana, durante os dias 8 e 9 de julho, aconteceu a 2\u00aa Etapa do Campeonato Mineiro de Skate Street, em Pedro Leopoldo. O evento foi realizado com total apoio da Prefeitura, em parceria com a Federa\u00e7\u00e3o Mineira de Skate e Fam\u00edlia Pr\u00f3 Skate. Os dois dias foram muito especiais, com um show de talentos dos atletas e muito apoio ao esporte.<\/p>\n\n\n\n<p>De acordo com o ranking, junto \u00e0 somat\u00f3ria da primeira etapa, realizada em Tr\u00eas Cora\u00e7\u00f5es\/Mg, e a 2\u00aa etapa, em Pedro Leopoldo, ficaram definidos os atletas mineiros que seguem para a pr\u00f3xima fase, que dar\u00e1 vaga para o Campeonato Brasileiro de Skate. Na categoria feminino foram oferecidas as modalidades iniciante, at\u00e9 16 anos, e amador, idade livre. J\u00e1 no masculino, al\u00e9m de iniciante e amador, tamb\u00e9m foi ofertada a master, para homens a partir de 30 anos.<\/p>\n\n\n\n<p>Pedro Leopoldo teve um de seus representantes classificados, Samuel Victor Rocha Fraga, 22 anos, que passou para a pr\u00f3xima fase e tem a chance de integrar o grupo de atletas que disputar\u00e3o o Campeonato Nacional. Para Samuel, Pedro Leopoldo ter sediado esta etapa da competi\u00e7\u00e3o foi de extrema import\u00e2ncia. &#8220;Al\u00e9m de movimentar o com\u00e9rcio local, aumenta a visibilidade da nossa cidade e de nossos atletas, promovendo associa\u00e7\u00f5es entre os skatistas de v\u00e1rias cidades. Ter mais eventos e campeonatos na nossa cidade \u00e9 muito importante para que o preconceito seja quebrado e que mais pessoas possam conhecer de verdade o nosso esporte, possibilitando que crian\u00e7as e adolescentes participem ainda mais\u201d, destacou.<\/p>\n\n\n\n<p>O skatista ainda destacou o privil\u00e9gio que hoje os praticantes do skate t\u00eam em Pedro Leopoldo, tendo uma das melhores pistas da regi\u00e3o. \u201cNossa pista \u00e9 uma das melhores da regi\u00e3o e gra\u00e7as aos cuidados que ela recebe frequentemente da Prefeitura e dos skatistas locais ela se mant\u00e9m assim, boa e em condi\u00e7\u00f5es de receber grandes campeonatos. Por isso, \u00e9 t\u00e3o importante sempre termos essas revitaliza\u00e7\u00f5es e adequa\u00e7\u00f5es na pista para que ela esteja sempre evoluindo. Assim, vamos receber outros eventos e campeonatos por mais tempo e nossos atletas v\u00e3o conseguir continuar tendo alto rendimento\u201d, pontuou.<\/p>\n\n\n\n<p>Samuel ir\u00e1 para a Seletiva em Teres\u00f3polis\/RJ. Esta \u00e9 uma oportunidade para participar de um campeonato nacional, levando o nome de Pedro Leopoldo para o Brasil.<\/p>\n\n\n\n<p>A Prefeitura de Pedro Leopoldo apoia e promove melhorias constantemente em prol deste e de outros esportes no munic\u00edpio. Uma s\u00e9rie de mudan\u00e7as foram realizadas na Pista de Skate recentemente, como reparos estruturais, pintura geral, constru\u00e7\u00e3o da \u00e1rea de seguran\u00e7a, melhorias na entrada da pista e instala\u00e7\u00e3o de ilumina\u00e7\u00e3o de Led. Hoje \u00e9 uma das melhores da regi\u00e3o e se tornou refer\u00eancia em Minas Gerais.<\/p>\n\n\n\n<p>Al\u00e9m disso, h\u00e1 pouco tempo, a Prefeitura disponibilizou novos uniformes para a escolinha \u201cFam\u00edlia Pr\u00f3 Skate\u201d e tamb\u00e9m ofereceu transporte para participa\u00e7\u00e3o na 1\u00aa edi\u00e7\u00e3o do Circuito Mineiro deste ano. \u201cN\u00f3s queremos melhorar a cada dia o est\u00edmulo \u00e0 pr\u00e1tica de atividades f\u00edsicas aqui em nosso munic\u00edpio, seja dos esportes mais populares ou dos menos comuns. O que queremos \u00e9 ver nossos habitantes felizes e saud\u00e1veis. Acompanhar essa garotada t\u00e3o feliz e empolgada neste campeonato me gerou ainda mais vontade de fazer com que a modalidade cres\u00e7a cada dia mais em Pedro Leopoldo\u201d, destacou a prefeita Eloisa Helena, que fez quest\u00e3o de prestigiar o campeonato.<\/p>\n\n\n\n<figure class=\"wp-block-gallery columns-3 is-cropped wp-block-gallery-1 is-layout-flex wp-block-gallery-is-layout-flex\"><ul class=\"blocks-gallery-grid\"><li class=\"blocks-gallery-item\"><figure><img decoding=\"async\" loading=\"lazy\" width=\"1024\" height=\"682\" src=\"http:\/\/pedroleopoldo.mg.gov.br\/wp-content\/uploads\/2023\/07\/WhatsApp-Image-2023-07-17-at-15.03.56-1024x682.jpeg\" alt=\"\" data-id=\"23133\" data-full-url=\"http:\/\/pedroleopoldo.mg.gov.br\/wp-content\/uploads\/2023\/07\/WhatsApp-Image-2023-07-17-at-15.03.56.jpeg\" data-link=\"http:\/\/pedroleopoldo.mg.gov.br\/?attachment_id=23133\" class=\"wp-image-23133\" srcset=\"https:\/\/arquivo.pedroleopoldo.mg.gov.br\/wp-content\/uploads\/2023\/07\/WhatsApp-Image-2023-07-17-at-15.03.56-1024x682.jpeg 1024w, https:\/\/arquivo.pedroleopoldo.mg.gov.br\/wp-content\/uploads\/2023\/07\/WhatsApp-Image-2023-07-17-at-15.03.56-300x200.jpeg 300w, https:\/\/arquivo.pedroleopoldo.mg.gov.br\/wp-content\/uploads\/2023\/07\/WhatsApp-Image-2023-07-17-at-15.03.56-768x512.jpeg 768w, https:\/\/arquivo.pedroleopoldo.mg.gov.br\/wp-content\/uploads\/2023\/07\/WhatsApp-Image-2023-07-17-at-15.03.56-1536x1023.jpeg 1536w, https:\/\/arquivo.pedroleopoldo.mg.gov.br\/wp-content\/uploads\/2023\/07\/WhatsApp-Image-2023-07-17-at-15.03.56.jpeg 1600w\" sizes=\"(max-width: 1024px) 100vw, 1024px\" \/><\/figure><\/li><li class=\"blocks-gallery-item\"><figure><img decoding=\"async\" loading=\"lazy\" width=\"1024\" height=\"682\" src=\"http:\/\/pedroleopoldo.mg.gov.br\/wp-content\/uploads\/2023\/07\/WhatsApp-Image-2023-07-17-at-15.04.11-1-1024x682.jpeg\" alt=\"\" data-id=\"23134\" data-full-url=\"http:\/\/pedroleopoldo.mg.gov.br\/wp-content\/uploads\/2023\/07\/WhatsApp-Image-2023-07-17-at-15.04.11-1.jpeg\" data-link=\"http:\/\/pedroleopoldo.mg.gov.br\/?attachment_id=23134\" class=\"wp-image-23134\" srcset=\"https:\/\/arquivo.pedroleopoldo.mg.gov.br\/wp-content\/uploads\/2023\/07\/WhatsApp-Image-2023-07-17-at-15.04.11-1-1024x682.jpeg 1024w, https:\/\/arquivo.pedroleopoldo.mg.gov.br\/wp-content\/uploads\/2023\/07\/WhatsApp-Image-2023-07-17-at-15.04.11-1-300x200.jpeg 300w, https:\/\/arquivo.pedroleopoldo.mg.gov.br\/wp-content\/uploads\/2023\/07\/WhatsApp-Image-2023-07-17-at-15.04.11-1-768x512.jpeg 768w, https:\/\/arquivo.pedroleopoldo.mg.gov.br\/wp-content\/uploads\/2023\/07\/WhatsApp-Image-2023-07-17-at-15.04.11-1-1536x1023.jpeg 1536w, https:\/\/arquivo.pedroleopoldo.mg.gov.br\/wp-content\/uploads\/2023\/07\/WhatsApp-Image-2023-07-17-at-15.04.11-1.jpeg 1600w\" sizes=\"(max-width: 1024px) 100vw, 1024px\" \/><\/figure><\/li><li class=\"blocks-gallery-item\"><figure><img decoding=\"async\" loading=\"lazy\" width=\"1024\" height=\"682\" src=\"http:\/\/pedroleopoldo.mg.gov.br\/wp-content\/uploads\/2023\/07\/WhatsApp-Image-2023-07-17-at-15.04.23-1024x682.jpeg\" alt=\"\" data-id=\"23135\" data-full-url=\"http:\/\/pedroleopoldo.mg.gov.br\/wp-content\/uploads\/2023\/07\/WhatsApp-Image-2023-07-17-at-15.04.23.jpeg\" data-link=\"http:\/\/pedroleopoldo.mg.gov.br\/?attachment_id=23135\" class=\"wp-image-23135\" srcset=\"https:\/\/arquivo.pedroleopoldo.mg.gov.br\/wp-content\/uploads\/2023\/07\/WhatsApp-Image-2023-07-17-at-15.04.23-1024x682.jpeg 1024w, https:\/\/arquivo.pedroleopoldo.mg.gov.br\/wp-content\/uploads\/2023\/07\/WhatsApp-Image-2023-07-17-at-15.04.23-300x200.jpeg 300w, https:\/\/arquivo.pedroleopoldo.mg.gov.br\/wp-content\/uploads\/2023\/07\/WhatsApp-Image-2023-07-17-at-15.04.23-768x512.jpeg 768w, https:\/\/arquivo.pedroleopoldo.mg.gov.br\/wp-content\/uploads\/2023\/07\/WhatsApp-Image-2023-07-17-at-15.04.23-1536x1023.jpeg 1536w, https:\/\/arquivo.pedroleopoldo.mg.gov.br\/wp-content\/uploads\/2023\/07\/WhatsApp-Image-2023-07-17-at-15.04.23.jpeg 1600w\" sizes=\"(max-width: 1024px) 100vw, 1024px\" \/><\/figure><\/li><\/ul><\/figure>\n","protected":false},"excerpt":{"rendered":"<p>O evento, que tem repercuss\u00e3o em todo o Estado, recebeu muitos elogios e foi realizado pela 1\u00aa vez na cidade, com total apoio da Prefeitura. O pedroleopoldense Samuel Victor, da Fam\u00edlia Pr\u00f3 Skate, passou para a pr\u00f3xima fase e tem a chance de disputar o Campeonato Nacional No \u00faltimo fim de semana, durante os dias &hellip; <a href=\"https:\/\/arquivo.pedroleopoldo.mg.gov.br\/?p=23131\" class=\"more-link\">Continuar lendo <span class=\"screen-reader-text\">2\u00aa Etapa do Campeonato Mineiro de Skate Street na Pista de PL foi um sucesso<\/span><\/a><\/p>\n","protected":false},"author":1,"featured_media":23132,"comment_status":"closed","ping_status":"closed","sticky":false,"template":"","format":"standard","meta":{"footnotes":""},"categories":[4],"tags":[],"_links":{"self":[{"href":"https:\/\/arquivo.pedroleopoldo.mg.gov.br\/index.php?rest_route=\/wp\/v2\/posts\/23131"}],"collection":[{"href":"https:\/\/arquivo.pedroleopoldo.mg.gov.br\/index.php?rest_route=\/wp\/v2\/posts"}],"about":[{"href":"https:\/\/arquivo.pedroleopoldo.mg.gov.br\/index.php?rest_route=\/wp\/v2\/types\/post"}],"author":[{"embeddable":true,"href":"https:\/\/arquivo.pedroleopoldo.mg.gov.br\/index.php?rest_route=\/wp\/v2\/users\/1"}],"replies":[{"embeddable":true,"href":"https:\/\/arquivo.pedroleopoldo.mg.gov.br\/index.php?rest_route=%2Fwp%2Fv2%2Fcomments&post=23131"}],"version-history":[{"count":0,"href":"https:\/\/arquivo.pedroleopoldo.mg.gov.br\/index.php?rest_route=\/wp\/v2\/posts\/23131\/revisions"}],"wp:featuredmedia":[{"embeddable":true,"href":"https:\/\/arquivo.pedroleopoldo.mg.gov.br\/index.php?rest_route=\/wp\/v2\/media\/23132"}],"wp:attachment":[{"href":"https:\/\/arquivo.pedroleopoldo.mg.gov.br\/index.php?rest_route=%2Fwp%2Fv2%2Fmedia&parent=23131"}],"wp:term":[{"taxonomy":"category","embeddable":true,"href":"https:\/\/arquivo.pedroleopoldo.mg.gov.br\/index.php?rest_route=%2Fwp%2Fv2%2Fcategories&post=23131"},{"taxonomy":"post_tag","embeddable":true,"href":"https:\/\/arquivo.pedroleopoldo.mg.gov.br\/index.php?rest_route=%2Fwp%2Fv2%2Ftags&post=23131"}],"curies":[{"name":"wp","href":"https:\/\/api.w.org\/{rel}","templated":true}]}}