{"id":22985,"date":"2023-06-28T16:58:13","date_gmt":"2023-06-28T19:58:13","guid":{"rendered":"http:\/\/pedroleopoldo.mg.gov.br\/?p=22985"},"modified":"2023-06-28T16:58:18","modified_gmt":"2023-06-28T19:58:18","slug":"prefeitura-inicia-periodo-de-matriculas-para-a-eja","status":"publish","type":"post","link":"https:\/\/arquivo.pedroleopoldo.mg.gov.br\/?p=22985","title":{"rendered":"Prefeitura inicia per\u00edodo de matr\u00edculas para a EJA"},"content":{"rendered":"\n<p><em>O per\u00edodo de inscri\u00e7\u00e3o come\u00e7ou no dia 26 de junho e vai at\u00e9 o dia 05 de julho. As aulas acontecer\u00e3o na Escola Municipal Jos\u00e9 Elias da Costa, o NEEC<\/em><\/p>\n\n\n\n<p>A\u00a0Prefeitura de Pedro Leopoldo, por meio da Secretaria Municipal de Educa\u00e7\u00e3o, deu in\u00edcio \u00e0s inscri\u00e7\u00f5es para a Educa\u00e7\u00e3o de Jovens e Adultos, a EJA. As aulas previstas para come\u00e7arem no 2\u00b0 semestre deste ano v\u00e3o contemplar do 1\u00b0 ao 8\u00b0 per\u00edodo do Ensino Fundamental. O prazo para garantir uma vaga nas aulas come\u00e7ou no dia 26 de junho e vai at\u00e9 o dia 05 de julho. As inscri\u00e7\u00f5es acontecem na Escola Municipal Jos\u00e9 Elias da Costa, no hor\u00e1rio de 07h \u00e0s 20h. A institui\u00e7\u00e3o fica localizada na rua Geraldo Tavares, n\u00b0 116, bairro Santo Ant\u00f4nio (Cascavel).<\/p>\n\n\n\n<p>Para a matr\u00edcula, s\u00e3o necess\u00e1rios os documentos, originais e c\u00f3pias, da carteira de identidade e CPF, se houver. Caso n\u00e3o, deve apresentar a Certid\u00e3o de Nascimento. Al\u00e9m do T\u00edtulo de Eleitor, para maiores de 18 anos \u00e9 necess\u00e1rio ainda documento militar para educandos do sexo masculino, 01 foto 3X4, cart\u00e3o do SUS, comprovante de endere\u00e7o, cart\u00e3o de vacina\u00e7\u00e3o atualizado, Declara\u00e7\u00e3o de Transfer\u00eancia (v\u00e1lida apenas se tiver at\u00e9 30 dias ap\u00f3s a data de emiss\u00e3o), Hist\u00f3rico Escolar original e a apresenta\u00e7\u00e3o de relat\u00f3rios m\u00e9dicos do aluno, caso tenha. Alunos menores de 18 anos devem apresentar documenta\u00e7\u00e3o dos pais ou respons\u00e1veis.<\/p>\n\n\n\n<p>A EJA tem o objetivo de proporcionar o acesso ao ensino \u00e0quelas pessoas que n\u00e3o conclu\u00edram a Educa\u00e7\u00e3o B\u00e1sica na idade prevista. Para a Prefeita Eloisa Helena, todo Governo tem a obriga\u00e7\u00e3o de oportunizar acesso \u00e0 educa\u00e7\u00e3o para todos. \u201cQuem acompanha nossa administra\u00e7\u00e3o, sabe que um dos nossos maiores investimentos \u00e9 na educa\u00e7\u00e3o. \u00c9 atrav\u00e9s dela que constru\u00edmos pessoas melhores e cidad\u00e3os preparados para tra\u00e7arem um futuro de qualidade. Por isso, a EJA. Dar oportunidade para as pessoas, que por algum motivo, n\u00e3o conseguiram terminar os estudos no tempo correto\u201d, pontuou.&nbsp;<\/p>\n\n\n\n<p>Para outras informa\u00e7\u00f5es, entre em contato pelo telefone (31) 3662-3765.<\/p>\n\n\n\n<figure class=\"wp-block-image size-large\"><img decoding=\"async\" loading=\"lazy\" width=\"1024\" height=\"1024\" src=\"http:\/\/pedroleopoldo.mg.gov.br\/wp-content\/uploads\/2023\/06\/image-3-1024x1024.png\" alt=\"\" class=\"wp-image-22986\" srcset=\"https:\/\/arquivo.pedroleopoldo.mg.gov.br\/wp-content\/uploads\/2023\/06\/image-3-1024x1024.png 1024w, https:\/\/arquivo.pedroleopoldo.mg.gov.br\/wp-content\/uploads\/2023\/06\/image-3-300x300.png 300w, https:\/\/arquivo.pedroleopoldo.mg.gov.br\/wp-content\/uploads\/2023\/06\/image-3-150x150.png 150w, https:\/\/arquivo.pedroleopoldo.mg.gov.br\/wp-content\/uploads\/2023\/06\/image-3-768x768.png 768w, https:\/\/arquivo.pedroleopoldo.mg.gov.br\/wp-content\/uploads\/2023\/06\/image-3.png 1080w\" sizes=\"(max-width: 1024px) 100vw, 1024px\" \/><\/figure>\n\n\n\n<figure class=\"wp-block-image size-large\"><img decoding=\"async\" loading=\"lazy\" width=\"1024\" height=\"1024\" src=\"http:\/\/pedroleopoldo.mg.gov.br\/wp-content\/uploads\/2023\/06\/image-4-1024x1024.png\" alt=\"\" class=\"wp-image-22987\" srcset=\"https:\/\/arquivo.pedroleopoldo.mg.gov.br\/wp-content\/uploads\/2023\/06\/image-4-1024x1024.png 1024w, https:\/\/arquivo.pedroleopoldo.mg.gov.br\/wp-content\/uploads\/2023\/06\/image-4-300x300.png 300w, https:\/\/arquivo.pedroleopoldo.mg.gov.br\/wp-content\/uploads\/2023\/06\/image-4-150x150.png 150w, https:\/\/arquivo.pedroleopoldo.mg.gov.br\/wp-content\/uploads\/2023\/06\/image-4-768x768.png 768w, https:\/\/arquivo.pedroleopoldo.mg.gov.br\/wp-content\/uploads\/2023\/06\/image-4.png 1080w\" sizes=\"(max-width: 1024px) 100vw, 1024px\" \/><\/figure>\n","protected":false},"excerpt":{"rendered":"<p>O per\u00edodo de inscri\u00e7\u00e3o come\u00e7ou no dia 26 de junho e vai at\u00e9 o dia 05 de julho. As aulas acontecer\u00e3o na Escola Municipal Jos\u00e9 Elias da Costa, o NEEC A\u00a0Prefeitura de Pedro Leopoldo, por meio da Secretaria Municipal de Educa\u00e7\u00e3o, deu in\u00edcio \u00e0s inscri\u00e7\u00f5es para a Educa\u00e7\u00e3o de Jovens e Adultos, a EJA. As &hellip; <a href=\"https:\/\/arquivo.pedroleopoldo.mg.gov.br\/?p=22985\" class=\"more-link\">Continuar lendo <span class=\"screen-reader-text\">Prefeitura inicia per\u00edodo de matr\u00edculas para a EJA<\/span><\/a><\/p>\n","protected":false},"author":1,"featured_media":22992,"comment_status":"closed","ping_status":"closed","sticky":false,"template":"","format":"standard","meta":{"footnotes":""},"categories":[4],"tags":[],"_links":{"self":[{"href":"https:\/\/arquivo.pedroleopoldo.mg.gov.br\/index.php?rest_route=\/wp\/v2\/posts\/22985"}],"collection":[{"href":"https:\/\/arquivo.pedroleopoldo.mg.gov.br\/index.php?rest_route=\/wp\/v2\/posts"}],"about":[{"href":"https:\/\/arquivo.pedroleopoldo.mg.gov.br\/index.php?rest_route=\/wp\/v2\/types\/post"}],"author":[{"embeddable":true,"href":"https:\/\/arquivo.pedroleopoldo.mg.gov.br\/index.php?rest_route=\/wp\/v2\/users\/1"}],"replies":[{"embeddable":true,"href":"https:\/\/arquivo.pedroleopoldo.mg.gov.br\/index.php?rest_route=%2Fwp%2Fv2%2Fcomments&post=22985"}],"version-history":[{"count":0,"href":"https:\/\/arquivo.pedroleopoldo.mg.gov.br\/index.php?rest_route=\/wp\/v2\/posts\/22985\/revisions"}],"wp:featuredmedia":[{"embeddable":true,"href":"https:\/\/arquivo.pedroleopoldo.mg.gov.br\/index.php?rest_route=\/wp\/v2\/media\/22992"}],"wp:attachment":[{"href":"https:\/\/arquivo.pedroleopoldo.mg.gov.br\/index.php?rest_route=%2Fwp%2Fv2%2Fmedia&parent=22985"}],"wp:term":[{"taxonomy":"category","embeddable":true,"href":"https:\/\/arquivo.pedroleopoldo.mg.gov.br\/index.php?rest_route=%2Fwp%2Fv2%2Fcategories&post=22985"},{"taxonomy":"post_tag","embeddable":true,"href":"https:\/\/arquivo.pedroleopoldo.mg.gov.br\/index.php?rest_route=%2Fwp%2Fv2%2Ftags&post=22985"}],"curies":[{"name":"wp","href":"https:\/\/api.w.org\/{rel}","templated":true}]}}