{"id":22970,"date":"2023-06-26T13:48:52","date_gmt":"2023-06-26T16:48:52","guid":{"rendered":"http:\/\/pedroleopoldo.mg.gov.br\/?p=22970"},"modified":"2023-06-26T13:48:56","modified_gmt":"2023-06-26T16:48:56","slug":"prefeitura-continua-investindo-em-melhorias-nas-escolas-e-unidades-de-saude-de-pedro-leopoldo","status":"publish","type":"post","link":"https:\/\/arquivo.pedroleopoldo.mg.gov.br\/?p=22970","title":{"rendered":"Prefeitura continua investindo em melhorias nas escolas e unidades de sa\u00fade de Pedro Leopoldo"},"content":{"rendered":"\n<p><em>Dez institui\u00e7\u00f5es de ensino j\u00e1 passaram por revitaliza\u00e7\u00e3o, atendendo a pedidos da comunidade escolar. Al\u00e9m das reformas, quadros-negros foram substitu\u00eddos por lousas brancas e todas as institui\u00e7\u00f5es municipais de ensino j\u00e1 haviam recebido novos mobili\u00e1rios, parquinhos e brinquedos pedag\u00f3gicos<\/em><\/p>\n\n\n\n<p>A atual gest\u00e3o d\u00e1 uma aten\u00e7\u00e3o mais que especial nos equipamentos p\u00fablicos constantemente. Entre as muitas melhorias est\u00e3o as reformas e revitaliza\u00e7\u00f5es destes locais. Alguns dos espa\u00e7os que t\u00eam recebido importantes investimentos s\u00e3o as institui\u00e7\u00f5es escolares do munic\u00edpio e os equipamentos de sa\u00fade p\u00fablica.&nbsp;<\/p>\n\n\n\n<p>At\u00e9 o momento j\u00e1 receberam servi\u00e7os de revitaliza\u00e7\u00e3o as Escolas Municipais Rosalino Marques dos Reis, Tia Bendoca, Raimundo Salvador, Pedro Leopoldo, Alice Lobato, Dona Nhazinha Carvalho e CEMAI Tia Nunuca. Atualmente as obras est\u00e3o acontecendo nas Escolas Municipais Carmem Barroso, Heitor Cl\u00e1udio de Sales, Escola Cantinho Feliz e Cemai Vov\u00f4 Hil\u00e1rio.&nbsp;<\/p>\n\n\n\n<p>Cada local obteve modifica\u00e7\u00f5es de acordo com sua necessidade, como troca de telhado e piso, pintura, drenagem pluvial, reforma de salas e banheiros e troca de ilumina\u00e7\u00e3o. O servi\u00e7o \u00e9 executado com o objetivo de levar mais qualidade no dia a dia dos alunos e servidores, al\u00e9m de refor\u00e7ar a seguran\u00e7a dos estudantes dentro da escola.&nbsp;<\/p>\n\n\n\n<p>Al\u00e9m disso, os quadros-negros foram substitu\u00eddos por lousas brancas, que t\u00eam diversos benef\u00edcios, como menor risco de alergias respirat\u00f3rias, maior durabilidade e mais engajamento entre professores e alunos. Todas as institui\u00e7\u00f5es municipais de ensino j\u00e1 haviam recebido novos mobili\u00e1rios, parquinhos e brinquedos pedag\u00f3gicos.<\/p>\n\n\n\n<p>A administra\u00e7\u00e3o acredita que estes locais devem ser sempre bem cuidados e acolhedores, para incentivar os estudos e promover conhecimento de forma mais atrativa.<\/p>\n\n\n\n<p>Fl\u00e1via Oliveira, m\u00e3e da Amanda, estudante da Carmem Barroso, no bairro Teot\u00f4nio Batista de Freitas, est\u00e1 muito feliz com as melhorias feitas na escola. \u201c\u00c9 muito gratificante para a gente entrar no nosso bairro e ver como a escola est\u00e1 linda, e n\u00e3o \u00e9 s\u00f3 por fora, por dentro tamb\u00e9m, com m\u00f3veis novos, pintura nova, telhado novo. A reforma da escola \u00e9 muito importante para o bem-estar dos alunos, professores e para n\u00f3s, pais, tamb\u00e9m. Eu, como m\u00e3e de aluna e moradora do bairro, s\u00f3 tenho a agradecer a esta gest\u00e3o\u201d, afirmou.&nbsp;<\/p>\n\n\n\n<p>A prefeita Eloisa Helena pontua que a Secretaria de Obras tem um cronograma e todas as escolas receber\u00e3o melhorias. \u201cN\u00f3s temos muito cuidado quando o assunto \u00e9 educa\u00e7\u00e3o, pois estamos falando de investir no futuro dos nossos alunos. Nossas crian\u00e7as e adolescentes merecem o melhor e estamos trabalhando para isso. Reformas nas escolas, entrega de material escolar e uniforme e merenda de qualidade s\u00e3o algumas a\u00e7\u00f5es realizadas por n\u00f3s para garantir uma educa\u00e7\u00e3o de qualidade aos nossos estudantes. E com certeza n\u00e3o para por a\u00ed. Queremos e vamos melhorar cada dia mais\u201d, disse.&nbsp;<\/p>\n\n\n\n<p><strong>Unidades de sa\u00fade tamb\u00e9m recebem melhorias<\/strong><\/p>\n\n\n\n<p>Os equipamentos de sa\u00fade tamb\u00e9m est\u00e3o recebendo melhorias. O PA Lagoa se tornou um espa\u00e7o completo de aten\u00e7\u00e3o \u00e0 sa\u00fade, tendo a estrutura e as especialidades m\u00e9dicas ampliadas, se tornando refer\u00eancia em atendimento e conforto para os usu\u00e1rios.&nbsp;<\/p>\n\n\n\n<p>Outro exemplo \u00e9 o Centro Especializado de Odontologia no Romero de Carvalho, que foi reativado na atual gest\u00e3o, passou por reforma geral e aquisi\u00e7\u00e3o de novos equipamentos.&nbsp;<\/p>\n\n\n\n<p>Atualmente o ESF Dom Camilo\/Santa Tereza est\u00e1 passando por adequa\u00e7\u00e3o do pr\u00e9dio com acessibilidade e melhorias gerais. E os servi\u00e7os n\u00e3o v\u00e3o parar. A Prefeitura est\u00e1 em processo licitat\u00f3rio para a realiza\u00e7\u00e3o de mais obras e melhorias para a popula\u00e7\u00e3o, em todos os ESF\u2019s do munic\u00edpio.<\/p>\n\n\n\n<figure class=\"wp-block-image\"><img decoding=\"async\" src=\"https:\/\/mail.google.com\/mail\/u\/0?ui=2&amp;ik=3dcfc5f1e2&amp;attid=0.1&amp;permmsgid=msg-a:r9151498813576634179&amp;th=188e3889edc48318&amp;view=fimg&amp;fur=ip&amp;sz=s0-l75-ft&amp;attbid=ANGjdJ_4zEjWc2DUPaIJQMXKninOVLywmOx6zz87W50ATknXvufDUGgOskkxfzm7dwCqjwX1MJTawSeisI5ouIRbjB7vRfCaTtVQWwtIH9l7sswN4ohDQc3C0U2Z3kk&amp;disp=emb&amp;realattid=ii_lj78asfq0\" alt=\"image.png\"\/><figcaption>Escola Municipal Carmem Barroso<br><br><strong><img decoding=\"async\" src=\"https:\/\/mail.google.com\/mail\/u\/0?ui=2&amp;ik=3dcfc5f1e2&amp;attid=0.2&amp;permmsgid=msg-a:r9151498813576634179&amp;th=188e3889edc48318&amp;view=fimg&amp;fur=ip&amp;sz=s0-l75-ft&amp;attbid=ANGjdJ9mIRAqyf-R_5XFVouCV-Xwqu7YLg8330Hvd5Bad4yxgxV7iF1p3MlIC1EkwTrPGGVh_3KCgYB7OnLWxyEZeriuzY1dSaqsTK6IEpOnbsxYkSX8xJkdOHlkNgo&amp;disp=emb&amp;realattid=ii_lj78b4tk1\" alt=\"image.png\"><\/strong><br>Escola Municipal Carmem Barroso<\/figcaption><\/figure>\n\n\n\n<figure class=\"wp-block-image\"><img decoding=\"async\" src=\"https:\/\/mail.google.com\/mail\/u\/0?ui=2&amp;ik=3dcfc5f1e2&amp;attid=0.3&amp;permmsgid=msg-a:r9151498813576634179&amp;th=188e3889edc48318&amp;view=fimg&amp;fur=ip&amp;sz=s0-l75-ft&amp;attbid=ANGjdJ-ndVruJpKKSFmG9fR7ECj_Qs4W2OXAgQVya__Nr6LNRFd3eTImpZzuPFs5LtlENRkfL38NCNlEBbivAZiUtNI74S_uS5u9i7XPJ9hlbBRbAuPiA8EjrdSEsU0&amp;disp=emb&amp;realattid=ii_lj78bw2j2\" alt=\"image.png\"\/><figcaption>ESF Dom Camilo\/Santa Tereza<\/figcaption><\/figure>\n\n\n\n<figure class=\"wp-block-image\"><img decoding=\"async\" src=\"https:\/\/mail.google.com\/mail\/u\/0?ui=2&amp;ik=3dcfc5f1e2&amp;attid=0.5&amp;permmsgid=msg-a:r9151498813576634179&amp;th=188e3889edc48318&amp;view=fimg&amp;fur=ip&amp;sz=s0-l75-ft&amp;attbid=ANGjdJ_lRSZXegwnzkkFdbmwwwp9FGQe6jDsYZqNTyY9hK1nACW3uriNzwubefF6HadpUy3eB78JdCPRTld5XtopyF_t8237ij3ce6WKcO4fcie1FhRXBFCXO4TJe1c&amp;disp=emb&amp;realattid=ii_lj78e6md4\" alt=\"image.png\"\/><figcaption>ESF Dom Camilo\/Santa Tereza<\/figcaption><\/figure>\n\n\n\n<figure class=\"wp-block-image\"><img decoding=\"async\" src=\"https:\/\/mail.google.com\/mail\/u\/0?ui=2&amp;ik=3dcfc5f1e2&amp;attid=0.4&amp;permmsgid=msg-a:r9151498813576634179&amp;th=188e3889edc48318&amp;view=fimg&amp;fur=ip&amp;sz=s0-l75-ft&amp;attbid=ANGjdJ8EMHlT_FW2si7CzRBo6uYoW6ri6RHzccGa_IOkTfxHjzsbwmyox4Um2APC9SSTGchCrWgkpW1Vhw7oSDaRJikFwwfNuxku5nVXWD2T-Vbe74rsprRATWFUdzk&amp;disp=emb&amp;realattid=ii_lj78cpmk3\" alt=\"image.png\"\/><\/figure>\n","protected":false},"excerpt":{"rendered":"<p>Dez institui\u00e7\u00f5es de ensino j\u00e1 passaram por revitaliza\u00e7\u00e3o, atendendo a pedidos da comunidade escolar. Al\u00e9m das reformas, quadros-negros foram substitu\u00eddos por lousas brancas e todas as institui\u00e7\u00f5es municipais de ensino j\u00e1 haviam recebido novos mobili\u00e1rios, parquinhos e brinquedos pedag\u00f3gicos A atual gest\u00e3o d\u00e1 uma aten\u00e7\u00e3o mais que especial nos equipamentos p\u00fablicos constantemente. Entre as muitas &hellip; <a href=\"https:\/\/arquivo.pedroleopoldo.mg.gov.br\/?p=22970\" class=\"more-link\">Continuar lendo <span class=\"screen-reader-text\">Prefeitura continua investindo em melhorias nas escolas e unidades de sa\u00fade de Pedro Leopoldo<\/span><\/a><\/p>\n","protected":false},"author":1,"featured_media":22971,"comment_status":"closed","ping_status":"closed","sticky":false,"template":"","format":"standard","meta":{"footnotes":""},"categories":[4],"tags":[],"_links":{"self":[{"href":"https:\/\/arquivo.pedroleopoldo.mg.gov.br\/index.php?rest_route=\/wp\/v2\/posts\/22970"}],"collection":[{"href":"https:\/\/arquivo.pedroleopoldo.mg.gov.br\/index.php?rest_route=\/wp\/v2\/posts"}],"about":[{"href":"https:\/\/arquivo.pedroleopoldo.mg.gov.br\/index.php?rest_route=\/wp\/v2\/types\/post"}],"author":[{"embeddable":true,"href":"https:\/\/arquivo.pedroleopoldo.mg.gov.br\/index.php?rest_route=\/wp\/v2\/users\/1"}],"replies":[{"embeddable":true,"href":"https:\/\/arquivo.pedroleopoldo.mg.gov.br\/index.php?rest_route=%2Fwp%2Fv2%2Fcomments&post=22970"}],"version-history":[{"count":0,"href":"https:\/\/arquivo.pedroleopoldo.mg.gov.br\/index.php?rest_route=\/wp\/v2\/posts\/22970\/revisions"}],"wp:featuredmedia":[{"embeddable":true,"href":"https:\/\/arquivo.pedroleopoldo.mg.gov.br\/index.php?rest_route=\/wp\/v2\/media\/22971"}],"wp:attachment":[{"href":"https:\/\/arquivo.pedroleopoldo.mg.gov.br\/index.php?rest_route=%2Fwp%2Fv2%2Fmedia&parent=22970"}],"wp:term":[{"taxonomy":"category","embeddable":true,"href":"https:\/\/arquivo.pedroleopoldo.mg.gov.br\/index.php?rest_route=%2Fwp%2Fv2%2Fcategories&post=22970"},{"taxonomy":"post_tag","embeddable":true,"href":"https:\/\/arquivo.pedroleopoldo.mg.gov.br\/index.php?rest_route=%2Fwp%2Fv2%2Ftags&post=22970"}],"curies":[{"name":"wp","href":"https:\/\/api.w.org\/{rel}","templated":true}]}}