{"id":22918,"date":"2023-06-15T10:44:10","date_gmt":"2023-06-15T13:44:10","guid":{"rendered":"http:\/\/pedroleopoldo.mg.gov.br\/?p=22918"},"modified":"2023-06-15T15:59:15","modified_gmt":"2023-06-15T18:59:15","slug":"prefeitura-de-pedro-leopoldo-investe-em-uma-merenda-escolar-de-otima-qualidade","status":"publish","type":"post","link":"https:\/\/arquivo.pedroleopoldo.mg.gov.br\/?p=22918","title":{"rendered":"Prefeitura de Pedro Leopoldo investe em uma merenda escolar de \u00f3tima qualidade"},"content":{"rendered":"\n<p><em><strong>Com um investimento mensal de cerca de 500 mil reais, as institui\u00e7\u00f5es contam com um card\u00e1pio saboroso, variado e nutritivo<\/strong><\/em><\/p>\n\n\n\n<div class=\"wp-block-image\"><figure class=\"aligncenter size-large is-resized\"><img decoding=\"async\" loading=\"lazy\" src=\"http:\/\/pedroleopoldo.mg.gov.br\/wp-content\/uploads\/2023\/06\/38630fa2-0949-49cc-a300-1f26099b459d-1024x682.jpg\" alt=\"\" class=\"wp-image-22920\" width=\"233\" height=\"155\" srcset=\"https:\/\/arquivo.pedroleopoldo.mg.gov.br\/wp-content\/uploads\/2023\/06\/38630fa2-0949-49cc-a300-1f26099b459d-1024x682.jpg 1024w, https:\/\/arquivo.pedroleopoldo.mg.gov.br\/wp-content\/uploads\/2023\/06\/38630fa2-0949-49cc-a300-1f26099b459d-300x200.jpg 300w, https:\/\/arquivo.pedroleopoldo.mg.gov.br\/wp-content\/uploads\/2023\/06\/38630fa2-0949-49cc-a300-1f26099b459d-768x512.jpg 768w, https:\/\/arquivo.pedroleopoldo.mg.gov.br\/wp-content\/uploads\/2023\/06\/38630fa2-0949-49cc-a300-1f26099b459d-1536x1023.jpg 1536w, https:\/\/arquivo.pedroleopoldo.mg.gov.br\/wp-content\/uploads\/2023\/06\/38630fa2-0949-49cc-a300-1f26099b459d.jpg 1600w\" sizes=\"(max-width: 233px) 100vw, 233px\" \/><\/figure><\/div>\n\n\n\n<p>A fome \u00e9 cen\u00e1rio real no Brasil. Crian\u00e7as e alunos muitas das vezes fazem suas \u00fanicas refei\u00e7\u00f5es no ambiente escolar. Com o objetivo de levar qualidade, n\u00e3o somente no ensino, mas tamb\u00e9m na alimenta\u00e7\u00e3o dos alunos pedroleopoldenses, a Prefeitura de Pedro Leopoldo, por meio da Secretaria Municipal de Educa\u00e7\u00e3o, faz quest\u00e3o de investir em uma merenda escolar de qualidade para as crian\u00e7as dos CEMAI\u00b4s e alunos das escolas municipais.<br>O primeiro procedimento padr\u00e3o \u00e9 a elabora\u00e7\u00e3o de um card\u00e1pio feito por uma profissional da rede municipal, que leva em considera\u00e7\u00e3o as recomenda\u00e7\u00f5es nutricionais por modalidade de ensino, faixa et\u00e1ria e tempo de perman\u00eancia do aluno na institui\u00e7\u00e3o. Em Pedro Leopoldo h\u00e1 institui\u00e7\u00f5es com tempo parcial e integral, al\u00e9m de outros projetos educacionais. Ap\u00f3s este primeiro procedimento, as escolas e CEMAI\u00b4s recebem mensalmente os itens n\u00e3o perec\u00edveis, como por exemplo, arroz, feij\u00e3o, a\u00e7\u00facar, macarr\u00e3o e outros. Semanalmente as frutas, hortali\u00e7as e verduras, sendo que cerca de 30% s\u00e3o provenientes da Agricultura Familiar local. Quinzenalmente, chegam as carnes.<br>Segundo a Nutricionista respons\u00e1vel, La\u00eds Marques, o trabalho \u00e9 planejado para que os alunos tenham prazer em comer e que aprendam a ingerir desde cedo uma alimenta\u00e7\u00e3o balanceada. \u201cSabemos que \u00e9 dif\u00edcil educar para comer bem. Organizamos o card\u00e1pio com o objetivo de ensinar as crian\u00e7as a terem prazer em comer aquilo que \u00e9 saud\u00e1vel. Al\u00e9m disso, os card\u00e1pios contam com a inclus\u00e3o de alimentos fonte de ferro, fonte de vitamina A e de vitamina C\u201d, destacou.<br>\u201cAlimenta\u00e7\u00e3o \u00e9 prioridade! Boa educa\u00e7\u00e3o n\u00e3o se faz somente com infraestrutura, uniforme, material escolar e o transporte como n\u00f3s oferecemos. Tamb\u00e9m \u00e9 necess\u00e1rio que tenhamos uma alimenta\u00e7\u00e3o saud\u00e1vel para que nossos alunos e crian\u00e7as tenham condi\u00e7\u00f5es de absorver tudo que aprendem em sala de aula\u201d, destacou a Prefeita Eloisa Helena.<br>Ainda de acordo com a Secretaria de Educa\u00e7\u00e3o, outros trabalhos s\u00e3o realizados voltados para a educa\u00e7\u00e3o alimentar e nutricional com o objetivo de limitar a presen\u00e7a de alimentos ultra processados e de baixo valor nutricional, visando \u00e0 preserva\u00e7\u00e3o da obesidade, a promo\u00e7\u00e3o da sa\u00fade e a constru\u00e7\u00e3o de h\u00e1bitos alimentares mais saud\u00e1veis no ambiente escolar. Internamente, existe um esfor\u00e7o para identificar os alunos com necessidades especiais como os autistas, diab\u00e9ticos e hipertensos, para que os mesmos possam receber acolhimento e card\u00e1pios especiais para a necessidade do aluno em quest\u00e3o.<\/p>\n\n\n\n<div class=\"wp-block-image\"><figure class=\"aligncenter size-large is-resized\"><img decoding=\"async\" loading=\"lazy\" src=\"http:\/\/pedroleopoldo.mg.gov.br\/wp-content\/uploads\/2023\/06\/f6cf0c4a-2534-481e-9a24-1091feeeef4c-1024x682.jpg\" alt=\"\" class=\"wp-image-22921\" width=\"467\" height=\"311\" srcset=\"https:\/\/arquivo.pedroleopoldo.mg.gov.br\/wp-content\/uploads\/2023\/06\/f6cf0c4a-2534-481e-9a24-1091feeeef4c-1024x682.jpg 1024w, https:\/\/arquivo.pedroleopoldo.mg.gov.br\/wp-content\/uploads\/2023\/06\/f6cf0c4a-2534-481e-9a24-1091feeeef4c-300x200.jpg 300w, https:\/\/arquivo.pedroleopoldo.mg.gov.br\/wp-content\/uploads\/2023\/06\/f6cf0c4a-2534-481e-9a24-1091feeeef4c-768x512.jpg 768w, https:\/\/arquivo.pedroleopoldo.mg.gov.br\/wp-content\/uploads\/2023\/06\/f6cf0c4a-2534-481e-9a24-1091feeeef4c-1536x1023.jpg 1536w, https:\/\/arquivo.pedroleopoldo.mg.gov.br\/wp-content\/uploads\/2023\/06\/f6cf0c4a-2534-481e-9a24-1091feeeef4c.jpg 1600w\" sizes=\"(max-width: 467px) 100vw, 467px\" \/><\/figure><\/div>\n","protected":false},"excerpt":{"rendered":"<p>Com um investimento mensal de cerca de 500 mil reais, as institui\u00e7\u00f5es contam com um card\u00e1pio saboroso, variado e nutritivo A fome \u00e9 cen\u00e1rio real no Brasil. Crian\u00e7as e alunos muitas das vezes fazem suas \u00fanicas refei\u00e7\u00f5es no ambiente escolar. Com o objetivo de levar qualidade, n\u00e3o somente no ensino, mas tamb\u00e9m na alimenta\u00e7\u00e3o dos &hellip; <a href=\"https:\/\/arquivo.pedroleopoldo.mg.gov.br\/?p=22918\" class=\"more-link\">Continuar lendo <span class=\"screen-reader-text\">Prefeitura de Pedro Leopoldo investe em uma merenda escolar de \u00f3tima qualidade<\/span><\/a><\/p>\n","protected":false},"author":1,"featured_media":22921,"comment_status":"closed","ping_status":"closed","sticky":false,"template":"","format":"standard","meta":{"footnotes":""},"categories":[4,1],"tags":[],"_links":{"self":[{"href":"https:\/\/arquivo.pedroleopoldo.mg.gov.br\/index.php?rest_route=\/wp\/v2\/posts\/22918"}],"collection":[{"href":"https:\/\/arquivo.pedroleopoldo.mg.gov.br\/index.php?rest_route=\/wp\/v2\/posts"}],"about":[{"href":"https:\/\/arquivo.pedroleopoldo.mg.gov.br\/index.php?rest_route=\/wp\/v2\/types\/post"}],"author":[{"embeddable":true,"href":"https:\/\/arquivo.pedroleopoldo.mg.gov.br\/index.php?rest_route=\/wp\/v2\/users\/1"}],"replies":[{"embeddable":true,"href":"https:\/\/arquivo.pedroleopoldo.mg.gov.br\/index.php?rest_route=%2Fwp%2Fv2%2Fcomments&post=22918"}],"version-history":[{"count":0,"href":"https:\/\/arquivo.pedroleopoldo.mg.gov.br\/index.php?rest_route=\/wp\/v2\/posts\/22918\/revisions"}],"wp:featuredmedia":[{"embeddable":true,"href":"https:\/\/arquivo.pedroleopoldo.mg.gov.br\/index.php?rest_route=\/wp\/v2\/media\/22921"}],"wp:attachment":[{"href":"https:\/\/arquivo.pedroleopoldo.mg.gov.br\/index.php?rest_route=%2Fwp%2Fv2%2Fmedia&parent=22918"}],"wp:term":[{"taxonomy":"category","embeddable":true,"href":"https:\/\/arquivo.pedroleopoldo.mg.gov.br\/index.php?rest_route=%2Fwp%2Fv2%2Fcategories&post=22918"},{"taxonomy":"post_tag","embeddable":true,"href":"https:\/\/arquivo.pedroleopoldo.mg.gov.br\/index.php?rest_route=%2Fwp%2Fv2%2Ftags&post=22918"}],"curies":[{"name":"wp","href":"https:\/\/api.w.org\/{rel}","templated":true}]}}