{"id":22882,"date":"2023-06-12T13:25:49","date_gmt":"2023-06-12T16:25:49","guid":{"rendered":"http:\/\/pedroleopoldo.mg.gov.br\/?p=22882"},"modified":"2026-03-20T16:04:08","modified_gmt":"2026-03-20T19:04:08","slug":"aviso-de-edital-001-2023","status":"publish","type":"post","link":"https:\/\/arquivo.pedroleopoldo.mg.gov.br\/?p=22882","title":{"rendered":"Processo Seletivo 001\/2023"},"content":{"rendered":"\n<p><em>Acompanhe por aqui todos os tr\u00e2mites do Processo Seletivo. Role at\u00e9 o fim da p\u00e1gina e veja todos os documentos e etapas<\/em><\/p>\n\n\n\n<h2 class=\"wp-block-heading\">Edital de Convoca\u00e7\u00e3o 004\/2024 Agente Comunit\u00e1rio de Sa\u00fade<\/h2>\n\n\n<a href=\"https:\/\/arquivo.pedroleopoldo.mg.gov.br\/wp-content\/uploads\/2023\/06\/Edital-004-2024.pdf\" class=\"pdfemb-viewer\" style=\"\" data-width=\"max\" data-height=\"max\" data-toolbar=\"both\" data-toolbar-fixed=\"on\">Edital-004-2024<\/a>\n<p class=\"wp-block-pdfemb-pdf-embedder-viewer\"><\/p>\n\n\n\n<p><\/p>\n\n\n\n<h2 class=\"wp-block-heading\">Edital de Convoca\u00e7\u00e3o 18\/2024 Assistente Administrativo, Enfermeiro de Estrat\u00e9gia e T\u00e9cnicos em Enfermagem<\/h2>\n\n\n<a href=\"https:\/\/arquivo.pedroleopoldo.mg.gov.br\/wp-content\/uploads\/2023\/06\/Edital-18-Assistente-Administrativo-Enfermeiro-de-Estrategia-e-Tecnico-em-Enfermagem-35-horas.pdf\" class=\"pdfemb-viewer\" style=\"\" data-width=\"max\" data-height=\"max\" data-toolbar=\"both\" data-toolbar-fixed=\"on\">Edital-18-Assistente-Administrativo-Enfermeiro-de-Estrategia-e-Tecnico-em-Enfermagem-35-horas<\/a>\n<p class=\"wp-block-pdfemb-pdf-embedder-viewer\"><\/p>\n\n\n\n<h2 class=\"wp-block-heading\">Edital de Convoca\u00e7\u00e3o 17\/2024 para Assistente Administrativo, Motorista de Ve\u00edculos Pesados e T\u00e9cnicos em Enfermagem<\/h2>\n\n\n<a href=\"https:\/\/arquivo.pedroleopoldo.mg.gov.br\/wp-content\/uploads\/2023\/06\/Edital-17-Assistente-Administrativo-Motorista-de-Veiculos-Pesados-e-Tecnico-em-Enfermagem-35-horas.pdf\" class=\"pdfemb-viewer\" style=\"\" data-width=\"max\" data-height=\"max\" data-toolbar=\"both\" data-toolbar-fixed=\"on\">Edital-17-Assistente-Administrativo-Motorista-de-Veiculos-Pesados-e-Tecnico-em-Enfermagem-35-horas<\/a>\n<p class=\"wp-block-pdfemb-pdf-embedder-viewer\"><\/p>\n\n\n\n<h2 class=\"wp-block-heading\">Edital de Convoca\u00e7\u00e3o 16\/2024 &#8211; Enfermeiro de Estrat\u00e9gia<\/h2>\n\n\n<a href=\"https:\/\/arquivo.pedroleopoldo.mg.gov.br\/wp-content\/uploads\/2024\/02\/Edital-16-Enfermeiro-de-Estrategia.pdf\" class=\"pdfemb-viewer\" style=\"\" data-width=\"max\" data-height=\"max\" data-toolbar=\"both\" data-toolbar-fixed=\"on\">Edital-16-Enfermeiro-de-Estrategia<\/a>\n<p class=\"wp-block-pdfemb-pdf-embedder-viewer\"><\/p>\n\n\n\n<h2 class=\"wp-block-heading\">Edital 015\/2024 Contador<\/h2>\n\n\n<a href=\"https:\/\/arquivo.pedroleopoldo.mg.gov.br\/wp-content\/uploads\/2023\/06\/Edital-15-Contador.pdf\" class=\"pdfemb-viewer\" style=\"\" data-width=\"max\" data-height=\"max\" data-toolbar=\"both\" data-toolbar-fixed=\"on\">Edital-15-Contador<\/a>\n<p class=\"wp-block-pdfemb-pdf-embedder-viewer\"><\/p>\n\n\n\n<h2 class=\"wp-block-heading\">Edital de Convoca\u00e7\u00e3o 014\/2024 Assistente Administrativo e T\u00e9cnico em Enfermagem<\/h2>\n\n\n<a href=\"https:\/\/arquivo.pedroleopoldo.mg.gov.br\/wp-content\/uploads\/2023\/06\/Edital-14-Assistente-Administrativo-e-Tecnico-em-Enfermagem-35-horas.pdf\" class=\"pdfemb-viewer\" style=\"\" data-width=\"max\" data-height=\"max\" data-toolbar=\"both\" data-toolbar-fixed=\"on\">Edital-14-Assistente-Administrativo-e-Tecnico-em-Enfermagem-35-horas<\/a>\n<p class=\"wp-block-pdfemb-pdf-embedder-viewer\"><\/p>\n\n\n\n<h2 class=\"wp-block-heading\">Edital de Convoca\u00e7\u00e3o 013\/2024 para Assistente Administrativo, Fisioterapeuta e T\u00e9cnico em Enfermagem 35 horas.<\/h2>\n\n\n<a href=\"https:\/\/arquivo.pedroleopoldo.mg.gov.br\/wp-content\/uploads\/2023\/06\/Edital-13-Assistente-Administrativo-Fisioterapeuta-e-Tecnico-em-Enfermagem-35-horas.pdf\" class=\"pdfemb-viewer\" style=\"\" data-width=\"max\" data-height=\"max\" data-toolbar=\"both\" data-toolbar-fixed=\"on\">Edital-13-Assistente-Administrativo-Fisioterapeuta-e-Tecnico-em-Enfermagem-35-horas<\/a>\n<p class=\"wp-block-pdfemb-pdf-embedder-viewer\"><\/p>\n\n\n\n<h2 class=\"wp-block-heading\">&nbsp;Edital de Convoca\u00e7\u00e3o 012\/2024 para Assistente Administrativo<\/h2>\n\n\n<a href=\"https:\/\/arquivo.pedroleopoldo.mg.gov.br\/wp-content\/uploads\/2023\/06\/Edital-12-Assistente-Administrativo.pdf\" class=\"pdfemb-viewer\" style=\"\" data-width=\"max\" data-height=\"max\" data-toolbar=\"both\" data-toolbar-fixed=\"on\">Edital-12-Assistente-Administrativo<\/a>\n<p class=\"wp-block-pdfemb-pdf-embedder-viewer\"><\/p>\n\n\n\n<h2 class=\"wp-block-heading\">Edital de Convoca\u00e7\u00e3o 011\/2024 Fonoaudi\u00f3logo<\/h2>\n\n\n<a href=\"https:\/\/arquivo.pedroleopoldo.mg.gov.br\/wp-content\/uploads\/2023\/06\/Edital-11-Fonoaudiologo.pdf\" class=\"pdfemb-viewer\" style=\"\" data-width=\"max\" data-height=\"max\" data-toolbar=\"both\" data-toolbar-fixed=\"on\">Edital-11-Fonoaudiologo<\/a>\n<p class=\"wp-block-pdfemb-pdf-embedder-viewer\"><\/p>\n\n\n\n<h2 class=\"wp-block-heading\">Edital de Convoca\u00e7\u00e3o 010\/2024 Assistente Administrativo<\/h2>\n\n\n<a href=\"https:\/\/arquivo.pedroleopoldo.mg.gov.br\/wp-content\/uploads\/2023\/06\/Edital-10-Assistente-Administrativo.pdf\" class=\"pdfemb-viewer\" style=\"\" data-width=\"max\" data-height=\"max\" data-toolbar=\"both\" data-toolbar-fixed=\"on\">Edital-10-Assistente-Administrativo<\/a>\n<p class=\"wp-block-pdfemb-pdf-embedder-viewer\"><\/p>\n\n\n\n<h2 class=\"wp-block-heading\">Edital de Convoca\u00e7\u00e3o 009\/2024 &#8211; Assistente Administrativo<\/h2>\n\n\n<a href=\"https:\/\/arquivo.pedroleopoldo.mg.gov.br\/wp-content\/uploads\/2023\/06\/Edital-09-Assistente-Administrativo.pdf\" class=\"pdfemb-viewer\" style=\"\" data-width=\"max\" data-height=\"max\" data-toolbar=\"both\" data-toolbar-fixed=\"on\">Edital-09-Assistente-Administrativo<\/a>\n<p class=\"wp-block-pdfemb-pdf-embedder-viewer\"><\/p>\n\n\n\n<h2 class=\"wp-block-heading\">Edital de Convoca\u00e7\u00e3o Assistente Administrativo Cirurgi\u00e3o Dentista para Ger\u00eancia Odontol\u00f3gica<\/h2>\n\n\n<a href=\"https:\/\/arquivo.pedroleopoldo.mg.gov.br\/wp-content\/uploads\/2023\/12\/Edital-08-Assistente-Administrativo-e-Cirurgiao-Dentista-Gerencia-Odontologica-1.pdf\" class=\"pdfemb-viewer\" style=\"\" data-width=\"max\" data-height=\"max\" data-toolbar=\"both\" data-toolbar-fixed=\"on\">Edital-08-Assistente-Administrativo-e-Cirurgiao-Dentista-Gerencia-Odontologica-1<\/a>\n<p class=\"wp-block-pdfemb-pdf-embedder-viewer\"><\/p>\n\n\n\n<h2 class=\"wp-block-heading\">Edital de Convoca\u00e7\u00e3o 0072023 para Assistente Administrativo, Enfermeiro, Psic\u00f3logo e T\u00e9cnico em Enfermagem 40 horas.<\/h2>\n\n\n<a href=\"https:\/\/arquivo.pedroleopoldo.mg.gov.br\/wp-content\/uploads\/2023\/11\/Edital-07-Assistente-Administrativo-eNFERMEIRO-Psicologo-e-Tecnico-em-Enfermagem-40-horas.pdf\" class=\"pdfemb-viewer\" style=\"\" data-width=\"max\" data-height=\"max\" data-toolbar=\"both\" data-toolbar-fixed=\"on\">Edital-07-Assistente-Administrativo-eNFERMEIRO-Psicologo-e-Tecnico-em-Enfermagem-40-horas<\/a>\n<p class=\"wp-block-pdfemb-pdf-embedder-viewer\"><\/p>\n\n\n\n<h2 class=\"wp-block-heading\">Edital de Convoca\u00e7\u00e3o 004\/2023 T\u00e9cnico em Enfermagem (40 horas) Edital de Convoca\u00e7\u00e3o 005\/2023 Assistente Administrativo<\/h2>\n\n\n<a href=\"https:\/\/arquivo.pedroleopoldo.mg.gov.br\/wp-content\/uploads\/2023\/11\/Edital-04-tecnico-em-enfermagem-40-horas.pdf\" class=\"pdfemb-viewer\" style=\"\" data-width=\"max\" data-height=\"max\" data-toolbar=\"both\" data-toolbar-fixed=\"on\">Edital-04-tecnico-em-enfermagem-40-horas<\/a>\n<p class=\"wp-block-pdfemb-pdf-embedder-viewer\"><\/p>\n\n\n<a href=\"https:\/\/arquivo.pedroleopoldo.mg.gov.br\/wp-content\/uploads\/2023\/11\/Edital-05-Assistente-Administrativo.pdf\" class=\"pdfemb-viewer\" style=\"\" data-width=\"max\" data-height=\"max\" data-toolbar=\"both\" data-toolbar-fixed=\"on\">Edital-05-Assistente-Administrativo<\/a>\n<p class=\"wp-block-pdfemb-pdf-embedder-viewer\"><\/p>\n\n\n\n<h2 class=\"wp-block-heading\">Edital 003\/2023 Assistente Administrativo<\/h2>\n\n\n<a href=\"https:\/\/arquivo.pedroleopoldo.mg.gov.br\/wp-content\/uploads\/2023\/11\/Edital-03-Assistente-Administrativo-2.pdf\" class=\"pdfemb-viewer\" style=\"\" data-width=\"max\" data-height=\"max\" data-toolbar=\"both\" data-toolbar-fixed=\"on\">Edital-03-Assistente-Administrativo-2<\/a>\n<p class=\"wp-block-pdfemb-pdf-embedder-viewer\"><\/p>\n\n\n\n<h2 class=\"wp-block-heading\">Edital de Convoca\u00e7\u00e3o 002\/2023 para Assistente Administrativo.<\/h2>\n\n\n<a href=\"https:\/\/arquivo.pedroleopoldo.mg.gov.br\/wp-content\/uploads\/2023\/11\/Edital-02-Assistente-Administrativo-3.pdf\" class=\"pdfemb-viewer\" style=\"\" data-width=\"max\" data-height=\"max\" data-toolbar=\"both\" data-toolbar-fixed=\"on\">Edital-02-Assistente-Administrativo-3<\/a>\n<p class=\"wp-block-pdfemb-pdf-embedder-viewer\"><\/p>\n\n\n\n<h2 class=\"wp-block-heading\">Edital de Convoca\u00e7\u00e3o 001\/2023 para T\u00e9cnico em Enfermagem 40 horas<\/h2>\n\n\n<a href=\"https:\/\/arquivo.pedroleopoldo.mg.gov.br\/wp-content\/uploads\/2023\/11\/Edital-1.pdf\" class=\"pdfemb-viewer\" style=\"\" data-width=\"max\" data-height=\"max\" data-toolbar=\"both\" data-toolbar-fixed=\"on\">Edital-1<\/a>\n<p class=\"wp-block-pdfemb-pdf-embedder-viewer\"><\/p>\n\n\n\n<h2 class=\"wp-block-heading\">&nbsp;(6a Etapa) HOMOLOGA\u00c7\u00c3O DO RESULTADO&nbsp;<\/h2>\n\n\n<a href=\"https:\/\/arquivo.pedroleopoldo.mg.gov.br\/wp-content\/uploads\/2023\/11\/HOMOLOGACAO-1-2.pdf\" class=\"pdfemb-viewer\" style=\"\" data-width=\"max\" data-height=\"max\" data-toolbar=\"both\" data-toolbar-fixed=\"on\">HOMOLOGACAO-1-2<\/a>\n<p class=\"wp-block-pdfemb-pdf-embedder-viewer\"><\/p>\n\n\n<a href=\"https:\/\/arquivo.pedroleopoldo.mg.gov.br\/wp-content\/uploads\/2023\/11\/Homologacao-tabela-1.pdf\" class=\"pdfemb-viewer\" style=\"\" data-width=\"max\" data-height=\"max\" data-toolbar=\"both\" data-toolbar-fixed=\"on\">Homologacao-tabela-1<\/a>\n<p class=\"wp-block-pdfemb-pdf-embedder-viewer\"><\/p>\n\n\n\n<h2 class=\"wp-block-heading\">Recursos ao Resultado Classificat\u00f3rio Final \u2013 Auxiliar de Cirurgi\u00e3o Dentista, Cirurgi\u00e3o Dentista Especialista em pacientes com necessidades especiais, Contador, Farmac\u00eautico, Fisioterapeuta, Motorista de Ve\u00edculos Pesados, Nutricionista e T\u00e9cnico em Radiologia.<\/h2>\n\n\n<a href=\"https:\/\/arquivo.pedroleopoldo.mg.gov.br\/wp-content\/uploads\/2023\/11\/RECURSOS-A-CLASSIFICACAO-FINAL-1.pdf\" class=\"pdfemb-viewer\" style=\"\" data-width=\"max\" data-height=\"max\" data-toolbar=\"both\" data-toolbar-fixed=\"on\">RECURSOS-A-CLASSIFICACAO-FINAL-1<\/a>\n<p class=\"wp-block-pdfemb-pdf-embedder-viewer\"><\/p>\n\n\n\n<h2 class=\"wp-block-heading\">Resultado Classificat\u00f3rio Final (5\u00aa Etapa) Auxiliar de Cirurgi\u00e3o Dentista, Cirurgi\u00e3o Dentista Especialista em pacientes com necessidades especiais, Contador, Farmac\u00eautico, Fisioterapeuta, Motorista de Ve\u00edculos Pesados, Nutricionista e T\u00e9cnico em Radiologia<\/h2>\n\n\n<a href=\"https:\/\/arquivo.pedroleopoldo.mg.gov.br\/wp-content\/uploads\/2023\/10\/Resultado-Classificatorio-1.pdf\" class=\"pdfemb-viewer\" style=\"\" data-width=\"max\" data-height=\"max\" data-toolbar=\"both\" data-toolbar-fixed=\"on\">Resultado-Classificatorio-1<\/a>\n<p class=\"wp-block-pdfemb-pdf-embedder-viewer\"><\/p>\n\n\n<a href=\"https:\/\/arquivo.pedroleopoldo.mg.gov.br\/wp-content\/uploads\/2023\/10\/Classificao-Final-2.pdf\" class=\"pdfemb-viewer\" style=\"\" data-width=\"max\" data-height=\"max\" data-toolbar=\"both\" data-toolbar-fixed=\"on\">Classificao-Final-2<\/a>\n<p class=\"wp-block-pdfemb-pdf-embedder-viewer\"><\/p>\n\n\n\n<h2 class=\"wp-block-heading\"><a href=\"https:\/\/arquivo.pedroleopoldo.mg.gov.br\/?p=24053\">Homologa\u00e7\u00e3o Resultado Segue para publica\u00e7\u00e3o Respostas aos Recursos a Classifica\u00e7\u00e3o Preliminar \u2013 Cirurgi\u00e3o Dentista, Enfermeiro, Enfermeiro de Estrat\u00e9gia, Fonoaudi\u00f3logo, Psic\u00f3logo, T\u00e9cnico em Inform\u00e1tica e Terapeuta Ocupacional.<\/a><\/h2>\n\n\n<a href=\"https:\/\/arquivo.pedroleopoldo.mg.gov.br\/wp-content\/uploads\/2023\/10\/HOMOLOGACAO-Cirurgiao-Dentista.pdf\" class=\"pdfemb-viewer\" style=\"\" data-width=\"max\" data-height=\"max\" data-toolbar=\"both\" data-toolbar-fixed=\"on\">HOMOLOGACAO-Cirurgiao-Dentista<\/a>\n<p class=\"wp-block-pdfemb-pdf-embedder-viewer\"><\/p>\n\n\n<a href=\"https:\/\/arquivo.pedroleopoldo.mg.gov.br\/wp-content\/uploads\/2023\/10\/Homologacao-Tabela-1.pdf\" class=\"pdfemb-viewer\" style=\"\" data-width=\"max\" data-height=\"max\" data-toolbar=\"both\" data-toolbar-fixed=\"on\">Homologacao-Tabela-1<\/a>\n<p class=\"wp-block-pdfemb-pdf-embedder-viewer\"><\/p>\n\n\n\n<h2 class=\"wp-block-heading\">(6a Etapa) HOMOLOGA\u00c7\u00c3O DO RESULTADO Classifica\u00e7\u00e3o Final Assistente Administrativo<\/h2>\n\n\n<a href=\"https:\/\/arquivo.pedroleopoldo.mg.gov.br\/wp-content\/uploads\/2023\/10\/Homologacao-1.pdf\" class=\"pdfemb-viewer\" style=\"\" data-width=\"max\" data-height=\"max\" data-toolbar=\"both\" data-toolbar-fixed=\"on\">Homologacao-1<\/a>\n<p class=\"wp-block-pdfemb-pdf-embedder-viewer\"><\/p>\n\n\n<a href=\"https:\/\/arquivo.pedroleopoldo.mg.gov.br\/wp-content\/uploads\/2023\/10\/Classificacao-Final-Assistente-Administrativo-Assistente-Administrativo.pdf\" class=\"pdfemb-viewer\" style=\"\" data-width=\"max\" data-height=\"max\" data-toolbar=\"both\" data-toolbar-fixed=\"on\">Classificacao-Final-Assistente-Administrativo-Assistente-Administrativo<\/a>\n<p class=\"wp-block-pdfemb-pdf-embedder-viewer\"><\/p>\n\n\n\n<h2 class=\"wp-block-heading\">Respostas aos Recursos a Classifica\u00e7\u00e3o Final &#8211; Cirurgi\u00e3o Dentista, Enfermeiro, Enfermeiro de Estrat\u00e9gia, Fonoaudi\u00f3logo, Psic\u00f3logo, T\u00e9cnico em Inform\u00e1tica e Terapeuta Ocupacional<\/h2>\n\n\n<a href=\"https:\/\/arquivo.pedroleopoldo.mg.gov.br\/wp-content\/uploads\/2023\/06\/RECURSOS-A-CLASSIFICACAO-FINAL.pdf\" class=\"pdfemb-viewer\" style=\"\" data-width=\"max\" data-height=\"max\" data-toolbar=\"both\" data-toolbar-fixed=\"on\">RECURSOS-A-CLASSIFICACAO-FINAL<\/a>\n<p class=\"wp-block-pdfemb-pdf-embedder-viewer\"><\/p>\n\n\n\n<h2 class=\"wp-block-heading\">Resultado Classificat\u00f3rio Final (5\u00aa Etapa) Assistentes Administrativos<\/h2>\n\n\n<a href=\"https:\/\/arquivo.pedroleopoldo.mg.gov.br\/wp-content\/uploads\/2023\/10\/CLASSIFICACAO-FINAL-Assistentes-Administrativos.pdf\" class=\"pdfemb-viewer\" style=\"\" data-width=\"max\" data-height=\"max\" data-toolbar=\"both\" data-toolbar-fixed=\"on\">CLASSIFICACAO-FINAL-Assistentes-Administrativos<\/a>\n<p class=\"wp-block-pdfemb-pdf-embedder-viewer\"><\/p>\n\n\n<a href=\"https:\/\/arquivo.pedroleopoldo.mg.gov.br\/wp-content\/uploads\/2023\/06\/Classificacao-Assistente-Administrativo-Assistente-Administrativo.pdf\" class=\"pdfemb-viewer\" style=\"\" data-width=\"max\" data-height=\"max\" data-toolbar=\"both\" data-toolbar-fixed=\"on\">Classificacao-Assistente-Administrativo-Assistente-Administrativo<\/a>\n<p class=\"wp-block-pdfemb-pdf-embedder-viewer\"><\/p>\n\n\n\n<h2 class=\"wp-block-heading\">CONVOCA\u00c7\u00c3O ENTREVISTAS<br><br><\/h2>\n\n\n<a href=\"https:\/\/arquivo.pedroleopoldo.mg.gov.br\/wp-content\/uploads\/2023\/10\/EDITAL-DE-CONVOCACAO.pdf\" class=\"pdfemb-viewer\" style=\"\" data-width=\"max\" data-height=\"max\" data-toolbar=\"both\" data-toolbar-fixed=\"on\">EDITAL-DE-CONVOCACAO<\/a>\n<p class=\"wp-block-pdfemb-pdf-embedder-viewer\"><\/p>\n\n\n\n<h2 class=\"wp-block-heading\">RESULTADO CLASSIFICAT\u00d3RIO FINAL (5a ETAPA)<\/h2>\n\n\n<a href=\"https:\/\/arquivo.pedroleopoldo.mg.gov.br\/wp-content\/uploads\/2023\/06\/RESULTADO-CLASSIFICATORIO-FINAL-5a-ETAPA.pdf\" class=\"pdfemb-viewer\" style=\"\" data-width=\"max\" data-height=\"max\" data-toolbar=\"both\" data-toolbar-fixed=\"on\">RESULTADO-CLASSIFICATORIO-FINAL-5a-ETAPA<\/a>\n<p class=\"wp-block-pdfemb-pdf-embedder-viewer\"><\/p>\n\n\n<a href=\"https:\/\/arquivo.pedroleopoldo.mg.gov.br\/wp-content\/uploads\/2023\/06\/Classificacao-Final-Cirurgiao-Dentista-Enfermeiro-Enfermeiro-de-Estrategia-Fonoaudiologo-Psicologo-Tecnico-em-Informatica-e-Terapeuta-Ocupacional-1.pdf\" class=\"pdfemb-viewer\" style=\"\" data-width=\"max\" data-height=\"max\" data-toolbar=\"both\" data-toolbar-fixed=\"on\">Classificacao-Final-Cirurgiao-Dentista-Enfermeiro-Enfermeiro-de-Estrategia-Fonoaudiologo-Psicologo-Tecnico-em-Informatica-e-Terapeuta-Ocupacional-1<\/a>\n<p class=\"wp-block-pdfemb-pdf-embedder-viewer\"><\/p>\n\n\n\n<h2 class=\"wp-block-heading\">HOMOLOGA\u00c7\u00c3O DO RESULTADO &#8211; 3a ETAPA<\/h2>\n\n\n<a href=\"https:\/\/arquivo.pedroleopoldo.mg.gov.br\/wp-content\/uploads\/2023\/10\/RECURSOS-A-CLASSIFICACAO-PRELIMINAR-1.pdf\" class=\"pdfemb-viewer\" style=\"\" data-width=\"max\" data-height=\"max\" data-toolbar=\"both\" data-toolbar-fixed=\"on\">RECURSOS-A-CLASSIFICACAO-PRELIMINAR-1<\/a>\n<p class=\"wp-block-pdfemb-pdf-embedder-viewer\"><\/p>\n\n\n<a href=\"https:\/\/arquivo.pedroleopoldo.mg.gov.br\/wp-content\/uploads\/2023\/06\/Homologados.pdf\" class=\"pdfemb-viewer\" style=\"\" data-width=\"max\" data-height=\"max\" data-toolbar=\"both\" data-toolbar-fixed=\"on\">Homologados<\/a>\n<p class=\"wp-block-pdfemb-pdf-embedder-viewer\"><\/p>\n\n\n\n<h2 class=\"wp-block-heading\">Respostas aos Recursos &#8211; Auxiliar de Cirurgi\u00e3o Dentista, Cirurgi\u00e3o Dentista Especialista em pacientes com necessidades especiais, Contador, Farmac\u00eautico, Fisioterapeuta, Motorista de Ve\u00edculos Pesados, Nutricionista e T\u00e9cnico em Radiologia<\/h2>\n\n\n<a href=\"https:\/\/arquivo.pedroleopoldo.mg.gov.br\/wp-content\/uploads\/2023\/06\/RECURSOS-A-CLASSIFICACAO-PRELIMINAR.pdf\" class=\"pdfemb-viewer\" style=\"\" data-width=\"max\" data-height=\"max\" data-toolbar=\"both\" data-toolbar-fixed=\"on\">RECURSOS-A-CLASSIFICACAO-PRELIMINAR<\/a>\n<p class=\"wp-block-pdfemb-pdf-embedder-viewer\"><\/p>\n\n\n\n<h2 class=\"wp-block-heading\">Convoca\u00e7\u00e3o de Entrevistas Extraordin\u00e1rias Assistente Administrativo<\/h2>\n\n\n<a href=\"https:\/\/arquivo.pedroleopoldo.mg.gov.br\/wp-content\/uploads\/2023\/10\/EDITAL-DE-CONVOCACAO-ENTREVISTAS-Extraordinaria-Assistente-Administrativo.pdf\" class=\"pdfemb-viewer\" style=\"\" data-width=\"max\" data-height=\"max\" data-toolbar=\"both\" data-toolbar-fixed=\"on\">EDITAL-DE-CONVOCACAO-ENTREVISTAS-Extraordinaria-Assistente-Administrativo<\/a>\n<p class=\"wp-block-pdfemb-pdf-embedder-viewer\"><\/p>\n\n\n\n<h2 class=\"wp-block-heading\">Classificados e Eliminados Processo Seletivo \u2013 Auxiliar de Cirurgi\u00e3o Dentista, Cirurgi\u00e3o Dentista Especialista em pacientes com necessidades especiais, Contador, Farmac\u00eautico, Fisioterapeuta, Motorista de Ve\u00edculos Pesados, Nutricionista e T\u00e9cnico em Radiologia<\/h2>\n\n\n<a href=\"https:\/\/arquivo.pedroleopoldo.mg.gov.br\/wp-content\/uploads\/2023\/06\/RESULTADO-CLASSIFICATORIO-FINAL-3a-ETAPA.pdf\" class=\"pdfemb-viewer\" style=\"\" data-width=\"max\" data-height=\"max\" data-toolbar=\"both\" data-toolbar-fixed=\"on\">RESULTADO-CLASSIFICATORIO-FINAL-3a-ETAPA<\/a>\n<p class=\"wp-block-pdfemb-pdf-embedder-viewer\"><\/p>\n\n\n<a href=\"https:\/\/arquivo.pedroleopoldo.mg.gov.br\/wp-content\/uploads\/2023\/06\/segundo.pdf\" class=\"pdfemb-viewer\" style=\"\" data-width=\"max\" data-height=\"max\" data-toolbar=\"both\" data-toolbar-fixed=\"on\">segundo<\/a>\n<p class=\"wp-block-pdfemb-pdf-embedder-viewer\"><\/p>\n\n\n<a href=\"https:\/\/arquivo.pedroleopoldo.mg.gov.br\/wp-content\/uploads\/2023\/06\/Eliminados-Auxiliar-de-Cirurgiao-DentistaFarmaceutico-Fisioterapeuta-Motorista-de-Veiculos-Pesados-Nutricionista-e-Tecnico-em-Radiologia.pdf\" class=\"pdfemb-viewer\" style=\"\" data-width=\"max\" data-height=\"max\" data-toolbar=\"both\" data-toolbar-fixed=\"on\">Eliminados-Auxiliar-de-Cirurgiao-DentistaFarmaceutico-Fisioterapeuta-Motorista-de-Veiculos-Pesados-Nutricionista-e-Tecnico-em-Radiologia<\/a>\n<p class=\"wp-block-pdfemb-pdf-embedder-viewer\"><\/p>\n\n\n\n<h2 class=\"wp-block-heading\">Classifica\u00e7\u00e3o Final (6\u00ba Etapa) Homologa\u00e7\u00e3o do Resultado<\/h2>\n\n\n<a href=\"https:\/\/arquivo.pedroleopoldo.mg.gov.br\/wp-content\/uploads\/2023\/10\/6a-ETAPA-\u2013-HOMOLOGACAO-DOS-CLASSIFICADOS-Cirurgiao-Dentista-para-atuacao-na-Gerencia-Odontologica-Medico-de-Estrategia-Tecnico-em-Enfermagem-35-horas-e-Tecnico-em-Enfermagem-40-horas.pdf\" class=\"pdfemb-viewer\" style=\"\" data-width=\"max\" data-height=\"max\" data-toolbar=\"both\" data-toolbar-fixed=\"on\">6a-ETAPA-\u2013-HOMOLOGACAO-DOS-CLASSIFICADOS-Cirurgiao-Dentista-para-atuacao-na-Gerencia-Odontologica-Medico-de-Estrategia-Tecnico-em-Enfermagem-35-horas-e-Tecnico-em-Enfermagem-40-horas<\/a>\n<p class=\"wp-block-pdfemb-pdf-embedder-viewer\"><\/p>\n\n\n<a href=\"https:\/\/arquivo.pedroleopoldo.mg.gov.br\/wp-content\/uploads\/2023\/10\/CLASSIFICACAO-FINAL-Cirurgiao-Dentista-para-atuacao-na-Gerencia-Odontologica-Medicos-de-Estrategia-Tecnicos-em-Enfermagem-35-horas-e-Tecnicos-em-Enfermagem-40-horas.pdf\" class=\"pdfemb-viewer\" style=\"\" data-width=\"max\" data-height=\"max\" data-toolbar=\"both\" data-toolbar-fixed=\"on\">CLASSIFICACAO-FINAL-Cirurgiao-Dentista-para-atuacao-na-Gerencia-Odontologica-Medicos-de-Estrategia-Tecnicos-em-Enfermagem-35-horas-e-Tecnicos-em-Enfermagem-40-horas<\/a>\n<p class=\"wp-block-pdfemb-pdf-embedder-viewer\"><\/p>\n\n\n\n<h2 class=\"wp-block-heading\">RESPOSTA AO RECURSO A CLASSIFICA\u00c7\u00c3O FINAL:&nbsp;&nbsp;Assistente Administrativo, Cirurgi\u00e3o Dentista para atua\u00e7\u00e3o na Ger\u00eancia Odontol\u00f3gica, M\u00e9dico de Estrat\u00e9gia, T\u00e9cnico em Enfermagem 35 horas e T\u00e9cnico em Enfermagem 40 horas<\/h2>\n\n\n<a href=\"https:\/\/arquivo.pedroleopoldo.mg.gov.br\/wp-content\/uploads\/2023\/06\/RECURSOS-A-CLASSIFICACAO-FINAL-Assistente-Medico-Estrategia-Gerencia-CEO-Tecnico-em-Enfermagem-35-e-40-horas.pdf\" class=\"pdfemb-viewer\" style=\"\" data-width=\"max\" data-height=\"max\" data-toolbar=\"both\" data-toolbar-fixed=\"on\">RECURSOS-A-CLASSIFICACAO-FINAL-Assistente-Medico-Estrategia-Gerencia-CEO-Tecnico-em-Enfermagem-35-e-40-horas<\/a>\n<p class=\"wp-block-pdfemb-pdf-embedder-viewer\"><\/p>\n\n\n\n<h2 class=\"wp-block-heading\">(5\u00aa Etapa) Resultado Classificat\u00f3rio Final dos Assistente Administrativo, Cirurgi\u00e3o Dentista para atua\u00e7\u00e3o na Ger\u00eancia Odontol\u00f3gica, M\u00e9dico de Estrat\u00e9gia, T\u00e9cnico em Enfermagem 35 horas e T\u00e9cnico em Enfermagem 40 horas.<\/h2>\n\n\n<a href=\"https:\/\/arquivo.pedroleopoldo.mg.gov.br\/wp-content\/uploads\/2023\/09\/RESULTADO-CLASSIFICATORIO-FINAL-5a-ETAPA.pdf\" class=\"pdfemb-viewer\" style=\"\" data-width=\"max\" data-height=\"max\" data-toolbar=\"both\" data-toolbar-fixed=\"on\">RESULTADO-CLASSIFICATORIO-FINAL-5a-ETAPA<\/a>\n<p class=\"wp-block-pdfemb-pdf-embedder-viewer\"><\/p>\n\n\n<a href=\"https:\/\/arquivo.pedroleopoldo.mg.gov.br\/wp-content\/uploads\/2023\/06\/CLASSIFICADOS-Assistentes-Administrativos-Cirurgiao-Dentista-para-atuacao-na-Gerencia-Odontologica-Medicos-de-Estrategia-Tecnicos-em-Enfermagem-35-horas-e-Tecnicos-em-Enfermagem-40-horas-1.pdf\" class=\"pdfemb-viewer\" style=\"\" data-width=\"max\" data-height=\"max\" data-toolbar=\"both\" data-toolbar-fixed=\"on\">CLASSIFICADOS-Assistentes-Administrativos-Cirurgiao-Dentista-para-atuacao-na-Gerencia-Odontologica-Medicos-de-Estrategia-Tecnicos-em-Enfermagem-35-horas-e-Tecnicos-em-Enfermagem-40-horas-1<\/a>\n<p class=\"wp-block-pdfemb-pdf-embedder-viewer\"><\/p>\n\n\n\n<h2 class=\"wp-block-heading\">Convoca\u00e7\u00e3o para Entrevistas Cirurgi\u00e3o Dentista, Enfermeiro, Enfermeiro de Estrat\u00e9gia, Fonoaudi\u00f3logo, Psic\u00f3logo, T\u00e9cnico em Inform\u00e1tica e Terapeuta Ocupacional.<\/h2>\n\n\n<a href=\"https:\/\/arquivo.pedroleopoldo.mg.gov.br\/wp-content\/uploads\/2023\/06\/4a-ETAPA-EDITAL-DE-CONVOCACAO-ENTREVISTAS-Cirurgiao-Dentista-Enfermeiro-Enfermeiro-de-Estrategia-Fonoaudiologo-Psicologo-Tecnico-em-Informatica-e-Terapeuta-Ocupacional-2.pdf\" class=\"pdfemb-viewer\" style=\"\" data-width=\"max\" data-height=\"max\" data-toolbar=\"both\" data-toolbar-fixed=\"on\">4a-ETAPA-EDITAL-DE-CONVOCACAO-ENTREVISTAS-Cirurgiao-Dentista-Enfermeiro-Enfermeiro-de-Estrategia-Fonoaudiologo-Psicologo-Tecnico-em-Informatica-e-Terapeuta-Ocupacional-2<\/a>\n<p class=\"wp-block-pdfemb-pdf-embedder-viewer\"><\/p>\n\n\n\n<p><strong>Resposta Recursos do Resultado Classificat\u00f3rio e Eliminat\u00f3rio para Cirurgi\u00e3o Dentista, Enfermeiro, Enfermeiro de Estrat\u00e9gia, Fonoaudi\u00f3logo, Psic\u00f3logo, T\u00e9cnico em Inform\u00e1tica e Terapeuta Ocupacional<\/strong><\/p>\n\n\n<a href=\"https:\/\/arquivo.pedroleopoldo.mg.gov.br\/wp-content\/uploads\/2023\/06\/Resposta-Recurso-Classificados-e-Eliminados-Cirurgiao-Dentista-Enfermeiro-Enfermeiro-de-Estrategia-Fonoaudiologo-Psicologo-Tecnico-em-Informatica-e-Terapeuta-Ocupacional.pdf\" class=\"pdfemb-viewer\" style=\"\" data-width=\"max\" data-height=\"max\" data-toolbar=\"both\" data-toolbar-fixed=\"on\">Resposta-Recurso-Classificados-e-Eliminados-Cirurgiao-Dentista-Enfermeiro-Enfermeiro-de-Estrategia-Fonoaudiologo-Psicologo-Tecnico-em-Informatica-e-Terapeuta-Ocupacional<\/a>\n<p class=\"wp-block-pdfemb-pdf-embedder-viewer\"><\/p>\n\n\n\n<p><strong>Homologa\u00e7\u00e3o Classifica\u00e7\u00e3o Preliminar para Cirurgi\u00e3o Dentista, Enfermeiro, Enfermeiro de Estrat\u00e9gia, Fonoaudi\u00f3logo, Psic\u00f3logo, T\u00e9cnico em Inform\u00e1tica e Terapeuta Ocupacional<\/strong><\/p>\n\n\n<a href=\"https:\/\/arquivo.pedroleopoldo.mg.gov.br\/wp-content\/uploads\/2023\/06\/Classificados-Cirurgiao-Dentista-Enfermeiro-Enfermeiro-de-Estrategia-Fonoaudiologo-Psicologo-Tecnico-em-Informatica-e-Terapeuta-Ocupacional-1.pdf\" class=\"pdfemb-viewer\" style=\"\" data-width=\"max\" data-height=\"max\" data-toolbar=\"both\" data-toolbar-fixed=\"on\">Classificados-Cirurgiao-Dentista-Enfermeiro-Enfermeiro-de-Estrategia-Fonoaudiologo-Psicologo-Tecnico-em-Informatica-e-Terapeuta-Ocupacional-1<\/a>\n<p class=\"wp-block-pdfemb-pdf-embedder-viewer\"><\/p>\n\n\n<a href=\"https:\/\/arquivo.pedroleopoldo.mg.gov.br\/wp-content\/uploads\/2023\/06\/3a-ETAPA-\u2013-HOMOLOGACAO-DOS-CLASSIFICADOS-Cirurgiao-Dentista-Enfermeiro-Enfermeiro-de-Estrategia-Fonoaudiologo-Psicologo-Tecnico-em-Informatica-e-Terapeuta-Ocupacional.pdf\" class=\"pdfemb-viewer\" style=\"\" data-width=\"max\" data-height=\"max\" data-toolbar=\"both\" data-toolbar-fixed=\"on\">3a-ETAPA-\u2013-HOMOLOGACAO-DOS-CLASSIFICADOS-Cirurgiao-Dentista-Enfermeiro-Enfermeiro-de-Estrategia-Fonoaudiologo-Psicologo-Tecnico-em-Informatica-e-Terapeuta-Ocupacional<\/a>\n<p class=\"wp-block-pdfemb-pdf-embedder-viewer\"><\/p>\n\n\n\n<p><strong>Classificados e Eliminados Processo Seletivo &#8211; Cirurgi\u00e3o Dentista, Enfermeiro, Enfermeiro de Estrat\u00e9gia, Fonoaudi\u00f3logo, Psic\u00f3logo, T\u00e9cnico em Inform\u00e1tica e Terapeuta Ocupacional<\/strong><\/p>\n\n\n<a href=\"https:\/\/arquivo.pedroleopoldo.mg.gov.br\/wp-content\/uploads\/2023\/06\/CLASSIFICACAO-PRELIMINAR-3a-ETAPA-Cirurgiao-Dentista-Enfermeiro-Enfermeiro-de-Estrategia-Fonoaudiologo-Psicologo-Tecnico-em-Informatica-e-Terapeuta-Ocupacional.pdf\" class=\"pdfemb-viewer\" style=\"\" data-width=\"max\" data-height=\"max\" data-toolbar=\"both\" data-toolbar-fixed=\"on\">CLASSIFICACAO-PRELIMINAR-3a-ETAPA-Cirurgiao-Dentista-Enfermeiro-Enfermeiro-de-Estrategia-Fonoaudiologo-Psicologo-Tecnico-em-Informatica-e-Terapeuta-Ocupacional<\/a>\n<p class=\"wp-block-pdfemb-pdf-embedder-viewer\"><\/p>\n\n\n<a href=\"https:\/\/arquivo.pedroleopoldo.mg.gov.br\/wp-content\/uploads\/2023\/06\/Classificados-Cirurgiao-Dentista-Enfermeiro-Enfermeiro-de-Estrategia-Fonoaudiologo-Psicologo-Tecnico-em-Informatica-e-Terapeuta-Ocupacional.pdf\" class=\"pdfemb-viewer\" style=\"\" data-width=\"max\" data-height=\"max\" data-toolbar=\"both\" data-toolbar-fixed=\"on\">Classificados-Cirurgiao-Dentista-Enfermeiro-Enfermeiro-de-Estrategia-Fonoaudiologo-Psicologo-Tecnico-em-Informatica-e-Terapeuta-Ocupacional<\/a>\n<p class=\"wp-block-pdfemb-pdf-embedder-viewer\"><\/p>\n\n\n<a href=\"https:\/\/arquivo.pedroleopoldo.mg.gov.br\/wp-content\/uploads\/2023\/06\/Eliminados-Cirurgiao-Dentista-Enfermeiro-Enfermeiro-de-Estrategia-Fonoaudiologo-Psicologo-Tecnico-em-Informatica-e-Terapeuta-Ocupacional.pdf\" class=\"pdfemb-viewer\" style=\"\" data-width=\"max\" data-height=\"max\" data-toolbar=\"both\" data-toolbar-fixed=\"on\">Eliminados-Cirurgiao-Dentista-Enfermeiro-Enfermeiro-de-Estrategia-Fonoaudiologo-Psicologo-Tecnico-em-Informatica-e-Terapeuta-Ocupacional<\/a>\n<p class=\"wp-block-pdfemb-pdf-embedder-viewer\"><\/p>\n\n\n\n<h4 class=\"wp-block-heading\"><strong>CONVOCA\u00c7\u00c3O PARA ENTREVISTAS: Assistente Administrativo, Cirurgi\u00e3o Dentista para atua\u00e7\u00e3o na Ger\u00eancia Odontol\u00f3gica, M\u00e9dico de Estrat\u00e9gia, T\u00e9cnico em Enfermagem 35 horas e T\u00e9cnico em Enfermagem 40 horas<\/strong><\/h4>\n\n\n<a href=\"https:\/\/arquivo.pedroleopoldo.mg.gov.br\/wp-content\/uploads\/2023\/06\/4\u00aa-ETAPA-EDITAL-DE-CONVOCA\u00c7\u00c3O-ENTREVISTAS.pdf\" class=\"pdfemb-viewer\" style=\"\" data-width=\"max\" data-height=\"max\" data-toolbar=\"both\" data-toolbar-fixed=\"on\">4\u00aa-ETAPA-EDITAL-DE-CONVOCA\u00c7\u00c3O-ENTREVISTAS<\/a>\n<p class=\"wp-block-pdfemb-pdf-embedder-viewer\"><\/p>\n\n\n\n<h4 class=\"wp-block-heading\">Homologa\u00e7\u00e3o Classifica\u00e7\u00e3o Preliminar para Assistente Administrativo, Cirurgi\u00e3o Dentista para atua\u00e7\u00e3o na Ger\u00eancia Odontol\u00f3gica, M\u00e9dico de Estrat\u00e9gia, T\u00e9cnico em Enfermagem 35 horas e T\u00e9cnico em Enfermagem 40 horas<\/h4>\n\n\n<a href=\"https:\/\/arquivo.pedroleopoldo.mg.gov.br\/wp-content\/uploads\/2023\/06\/CLASSIFICADOS-Assistentes-Administrativos-Cirurgi\u00e3o-Dentista-para-atua\u00e7\u00e3o-na-Ger\u00eancia-Odontol\u00f3gica-M\u00e9dicos-de-Estrat\u00e9gia-T\u00e9cnicos-em-Enfermagem-35-horas-e-T\u00e9cnicos-em-Enfermagem-40-horas.pdf\" class=\"pdfemb-viewer\" style=\"\" data-width=\"max\" data-height=\"max\" data-toolbar=\"both\" data-toolbar-fixed=\"on\">CLASSIFICADOS-Assistentes-Administrativos-Cirurgi\u00e3o-Dentista-para-atua\u00e7\u00e3o-na-Ger\u00eancia-Odontol\u00f3gica-M\u00e9dicos-de-Estrat\u00e9gia-T\u00e9cnicos-em-Enfermagem-35-horas-e-T\u00e9cnicos-em-Enfermagem-40-horas<\/a>\n<p class=\"wp-block-pdfemb-pdf-embedder-viewer\"><\/p>\n\n\n<a href=\"https:\/\/arquivo.pedroleopoldo.mg.gov.br\/wp-content\/uploads\/2023\/06\/3\u00aa-ETAPA-\u2013-HOMOLOGA\u00c7\u00c3O-DOS-CLASSIFICADOS.pdf\" class=\"pdfemb-viewer\" style=\"\" data-width=\"max\" data-height=\"max\" data-toolbar=\"both\" data-toolbar-fixed=\"on\">3\u00aa-ETAPA-\u2013-HOMOLOGA\u00c7\u00c3O-DOS-CLASSIFICADOS<\/a>\n<p class=\"wp-block-pdfemb-pdf-embedder-viewer\"><\/p>\n\n\n\n<h4 class=\"wp-block-heading\">Resposta Recursos do Resultado Classificat\u00f3rio e Eliminat\u00f3rio para Assistente Administrativo, Cirurgi\u00e3o Dentista para atua\u00e7\u00e3o na Ger\u00eancia Odontol\u00f3gica, M\u00e9dico de Estrat\u00e9gia, T\u00e9cnico em Enfermagem 35 horas e T\u00e9cnico em Enfermagem 40 horas<\/h4>\n\n\n<a href=\"https:\/\/arquivo.pedroleopoldo.mg.gov.br\/wp-content\/uploads\/2023\/06\/RECURSOS-A-CLASSIFICA\u00c7\u00c3O-PRELIMINAR-Assistente-M\u00e9dico-Estrat\u00e9gia-Ger\u00eancia-CEO-T\u00e9cnico-em-Enfermagem-35-e-40-horas.pdf\" class=\"pdfemb-viewer\" style=\"\" data-width=\"max\" data-height=\"max\" data-toolbar=\"both\" data-toolbar-fixed=\"on\">RECURSOS-A-CLASSIFICA\u00c7\u00c3O-PRELIMINAR-Assistente-M\u00e9dico-Estrat\u00e9gia-Ger\u00eancia-CEO-T\u00e9cnico-em-Enfermagem-35-e-40-horas<\/a>\n<p class=\"wp-block-pdfemb-pdf-embedder-viewer\"><\/p>\n\n\n\n<h4 class=\"wp-block-heading\">Classificados&nbsp; Assistente Administrativos &#8211;&nbsp; Cirurgi\u00e3o Dentista para atua\u00e7\u00e3o na ger\u00eancia M\u00e9dico de Estrat\u00e9gia &#8211; T\u00e9cnico em Enfermagem 35 horas &#8211; T\u00e9cnico em Enfermagem 40 horas.<\/h4>\n\n\n<a href=\"https:\/\/arquivo.pedroleopoldo.mg.gov.br\/wp-content\/uploads\/2023\/06\/CLASSIFICA\u00c7\u00c3O.pdf\" class=\"pdfemb-viewer\" style=\"\" data-width=\"max\" data-height=\"max\" data-toolbar=\"both\" data-toolbar-fixed=\"on\">CLASSIFICA\u00c7\u00c3O<\/a>\n<p class=\"wp-block-pdfemb-pdf-embedder-viewer\"><\/p>\n\n\n<a href=\"https:\/\/arquivo.pedroleopoldo.mg.gov.br\/wp-content\/uploads\/2023\/06\/Arquivo-01-Classificados-Assistente-Administrativos-Cirurgi\u00e3o-dentista-Ger\u00eancia-M\u00e9dico-de-Estrat\u00e9gia-T\u00e9cnico-em-Enfermagem-35-T\u00e9cncico-em-Enfermagem-em-40-horas.-1.pdf\" class=\"pdfemb-viewer\" style=\"\" data-width=\"max\" data-height=\"max\" data-toolbar=\"both\" data-toolbar-fixed=\"on\">Arquivo-01-Classificados-Assistente-Administrativos-Cirurgi\u00e3o-dentista-Ger\u00eancia-M\u00e9dico-de-Estrat\u00e9gia-T\u00e9cnico-em-Enfermagem-35-T\u00e9cncico-em-Enfermagem-em-40-horas.-1<\/a>\n<p class=\"wp-block-pdfemb-pdf-embedder-viewer\"><\/p>\n\n\n\n<h4 class=\"wp-block-heading\">Eliminados &#8211; Assistente Administrativo -M\u00e9dico de Estrat\u00e9gia &#8211; T\u00e9cnico em Enfermagem 35 horas &#8211; T\u00e9cnico em Enfermagem 40 horas.<\/h4>\n\n\n<a href=\"https:\/\/arquivo.pedroleopoldo.mg.gov.br\/wp-content\/uploads\/2023\/06\/Arquivo-02-Eliminados-Assistente-Administrativos-M\u00e9dico-de-Estrat\u00e9gia-T\u00e9cnico-em-Enfermagem-35-horas-T\u00e9cnico-em-Enfermagem-40-horas-1.pdf\" class=\"pdfemb-viewer\" style=\"\" data-width=\"max\" data-height=\"max\" data-toolbar=\"both\" data-toolbar-fixed=\"on\">Arquivo-02-Eliminados-Assistente-Administrativos-M\u00e9dico-de-Estrat\u00e9gia-T\u00e9cnico-em-Enfermagem-35-horas-T\u00e9cnico-em-Enfermagem-40-horas-1<\/a>\n<p class=\"wp-block-pdfemb-pdf-embedder-viewer\"><\/p>\n\n\n\n<h4 class=\"wp-block-heading\">&nbsp;Inscri\u00e7\u00f5es Homologadas Deferidas<\/h4>\n\n\n<a href=\"https:\/\/arquivo.pedroleopoldo.mg.gov.br\/wp-content\/uploads\/2023\/06\/HOMOLOGA\u00c7\u00c3O-DAS-INSCRI\u00c7\u00d5ES-RESULTADO-2\u00aa-ETAPA.pdf\" class=\"pdfemb-viewer\" style=\"\" data-width=\"max\" data-height=\"max\" data-toolbar=\"both\" data-toolbar-fixed=\"on\">HOMOLOGA\u00c7\u00c3O-DAS-INSCRI\u00c7\u00d5ES-RESULTADO-2\u00aa-ETAPA<\/a>\n<p class=\"wp-block-pdfemb-pdf-embedder-viewer\"><\/p>\n\n\n<a href=\"https:\/\/arquivo.pedroleopoldo.mg.gov.br\/wp-content\/uploads\/2023\/06\/Inscri\u00e7\u00f5es-Homologadas-Deferidas-1.pdf\" class=\"pdfemb-viewer\" style=\"\" data-width=\"max\" data-height=\"max\" data-toolbar=\"both\" data-toolbar-fixed=\"on\">Inscri\u00e7\u00f5es-Homologadas-Deferidas-1<\/a>\n<p class=\"wp-block-pdfemb-pdf-embedder-viewer\"><\/p>\n\n\n\n<h4 class=\"wp-block-heading\">Resultado dos Recursos do Resultado Preliminar das Inscri\u00e7\u00f5es Deferidas e Indeferidas do Processo Seletivo 001\/2023<\/h4>\n\n\n<a href=\"https:\/\/arquivo.pedroleopoldo.mg.gov.br\/wp-content\/uploads\/2023\/06\/Resultado-Recurso-Preliminar-Inscri\u00e7\u00f5es.pdf\" class=\"pdfemb-viewer\" style=\"\" data-width=\"max\" data-height=\"max\" data-toolbar=\"both\" data-toolbar-fixed=\"on\">Resultado-Recurso-Preliminar-Inscri\u00e7\u00f5es<\/a>\n<p class=\"wp-block-pdfemb-pdf-embedder-viewer\"><\/p>\n\n\n\n<h4 class=\"wp-block-heading\">Resultado Preliminar das Inscri\u00e7\u00f5es<\/h4>\n\n\n<a href=\"https:\/\/arquivo.pedroleopoldo.mg.gov.br\/wp-content\/uploads\/2023\/06\/RESULTADO-PRELIMINAR-DAS-INSCRI\u00c7\u00d5ES-DEFERIDAS-E-INDEFERIDAS-COM-ANEXO-1.pdf\" class=\"pdfemb-viewer\" style=\"\" data-width=\"max\" data-height=\"max\" data-toolbar=\"both\" data-toolbar-fixed=\"on\">RESULTADO-PRELIMINAR-DAS-INSCRI\u00c7\u00d5ES-DEFERIDAS-E-INDEFERIDAS-COM-ANEXO-1<\/a>\n<p class=\"wp-block-pdfemb-pdf-embedder-viewer\"><\/p>\n\n\n<a href=\"https:\/\/arquivo.pedroleopoldo.mg.gov.br\/wp-content\/uploads\/2023\/06\/Inscri\u00e7\u00f5es-Deferidas-total.pdf\" class=\"pdfemb-viewer\" style=\"\" data-width=\"max\" data-height=\"max\" data-toolbar=\"both\" data-toolbar-fixed=\"on\">Inscri\u00e7\u00f5es-Deferidas-total<\/a>\n<p class=\"wp-block-pdfemb-pdf-embedder-viewer\"><\/p>\n\n\n<a href=\"https:\/\/arquivo.pedroleopoldo.mg.gov.br\/wp-content\/uploads\/2023\/06\/Inscri\u00e7\u00f5es-Indeferidas.pdf\" class=\"pdfemb-viewer\" style=\"\" data-width=\"max\" data-height=\"max\" data-toolbar=\"both\" data-toolbar-fixed=\"on\">Inscri\u00e7\u00f5es-Indeferidas<\/a>\n<p class=\"wp-block-pdfemb-pdf-embedder-viewer\"><\/p>\n\n\n<a href=\"https:\/\/arquivo.pedroleopoldo.mg.gov.br\/wp-content\/uploads\/2023\/06\/Inscri\u00e7\u00f5es-Indeferidas-Cirugi\u00e3o-Dentista.pdf\" class=\"pdfemb-viewer\" style=\"\" data-width=\"max\" data-height=\"max\" data-toolbar=\"both\" data-toolbar-fixed=\"on\">Inscri\u00e7\u00f5es-Indeferidas-Cirugi\u00e3o-Dentista<\/a>\n<p class=\"wp-block-pdfemb-pdf-embedder-viewer\"><\/p>\n\n\n\n<h4 class=\"wp-block-heading\">Errata 004<\/h4>\n\n\n<a href=\"https:\/\/arquivo.pedroleopoldo.mg.gov.br\/wp-content\/uploads\/2023\/06\/Errata-004-2023.pdf\" class=\"pdfemb-viewer\" style=\"\" data-width=\"max\" data-height=\"max\" data-toolbar=\"both\" data-toolbar-fixed=\"on\">Errata-004-2023<\/a>\n<p class=\"wp-block-pdfemb-pdf-embedder-viewer\"><\/p>\n\n\n\n<h4 class=\"wp-block-heading\">Prorroga\u00e7\u00e3o de Prazos e Altera\u00e7\u00e3o do Anexo I<\/h4>\n\n\n<a href=\"https:\/\/arquivo.pedroleopoldo.mg.gov.br\/wp-content\/uploads\/2023\/06\/Prorroga-prazo-de-inscri\u00e7\u00f5es-e-altera-anexo-I.pdf\" class=\"pdfemb-viewer\" style=\"\" data-width=\"max\" data-height=\"max\" data-toolbar=\"both\" data-toolbar-fixed=\"on\">Prorroga-prazo-de-inscri\u00e7\u00f5es-e-altera-anexo-I<\/a>\n<p class=\"wp-block-pdfemb-pdf-embedder-viewer\"><\/p>\n\n\n\n<h4 class=\"wp-block-heading\">Errata 003<\/h4>\n\n\n<a href=\"https:\/\/arquivo.pedroleopoldo.mg.gov.br\/wp-content\/uploads\/2023\/06\/Errata-003-2023.pdf\" class=\"pdfemb-viewer\" style=\"\" data-width=\"max\" data-height=\"max\" data-toolbar=\"both\" data-toolbar-fixed=\"on\">Errata-003-2023<\/a>\n<p class=\"wp-block-pdfemb-pdf-embedder-viewer\"><\/p>\n\n\n\n<h4 class=\"wp-block-heading\">Errata 002<\/h4>\n\n\n<a href=\"https:\/\/arquivo.pedroleopoldo.mg.gov.br\/wp-content\/uploads\/2023\/06\/Errata-002-2023.pdf\" class=\"pdfemb-viewer\" style=\"\" data-width=\"max\" data-height=\"max\" data-toolbar=\"both\" data-toolbar-fixed=\"on\">Errata-002-2023<\/a>\n<p class=\"wp-block-pdfemb-pdf-embedder-viewer\"><\/p>\n\n\n\n<h4 class=\"wp-block-heading\">Errata 001<\/h4>\n\n\n<a href=\"https:\/\/arquivo.pedroleopoldo.mg.gov.br\/wp-content\/uploads\/2023\/06\/Errata-001-2023.pdf\" class=\"pdfemb-viewer\" style=\"\" data-width=\"max\" data-height=\"max\" data-toolbar=\"both\" data-toolbar-fixed=\"on\">Errata-001-2023<\/a>\n<p class=\"wp-block-pdfemb-pdf-embedder-viewer\"><\/p>\n\n\n\n<h4 class=\"wp-block-heading\">Edital <\/h4>\n\n\n<a href=\"https:\/\/arquivo.pedroleopoldo.mg.gov.br\/wp-content\/uploads\/2023\/06\/Edital_Processo_Seletivo_Saude.pdf\" class=\"pdfemb-viewer\" style=\"\" data-width=\"max\" data-height=\"max\" data-toolbar=\"both\" data-toolbar-fixed=\"on\">Edital_Processo_Seletivo_Saude<\/a>\n<p class=\"wp-block-pdfemb-pdf-embedder-viewer\"><\/p>\n\n\n\n<p><strong>Arquivo para Download<\/strong>:<\/p>\n\n\n\n<div class=\"wp-block-file\"><a id=\"wp-block-file--media-0ac70b32-4caf-4364-b51a-82f20d563ec0\" href=\"https:\/\/arquivo.pedroleopoldo.mg.gov.br\/wp-content\/uploads\/2023\/06\/Edital_Processo_Seletivo_Saude-1.pdf\">Edital_Processo_Seletivo_Saude-1<\/a><a href=\"https:\/\/arquivo.pedroleopoldo.mg.gov.br\/wp-content\/uploads\/2023\/06\/Edital_Processo_Seletivo_Saude-1.pdf\" class=\"wp-block-file__button wp-element-button\" download aria-describedby=\"wp-block-file--media-0ac70b32-4caf-4364-b51a-82f20d563ec0\">Baixar<\/a><\/div>\n\n\n\n<h4 class=\"wp-block-heading\">Aviso de Edital<\/h4>\n\n\n<a href=\"https:\/\/arquivo.pedroleopoldo.mg.gov.br\/wp-content\/uploads\/2023\/06\/Aviso-de-Edital-2023-1.pdf\" class=\"pdfemb-viewer\" style=\"\" data-width=\"max\" data-height=\"max\" data-toolbar=\"both\" data-toolbar-fixed=\"on\">Aviso-de-Edital-2023-1<\/a>\n<p class=\"wp-block-pdfemb-pdf-embedder-viewer\"><\/p>\n\n\n\n<p><\/p>\n","protected":false},"excerpt":{"rendered":"<p>Acompanhe por aqui todos os tr\u00e2mites do Processo Seletivo. Role at\u00e9 o fim da p\u00e1gina e veja todos os documentos e etapas Edital de Convoca\u00e7\u00e3o 004\/2024 Agente Comunit\u00e1rio de Sa\u00fade Edital de Convoca\u00e7\u00e3o 18\/2024 Assistente Administrativo, Enfermeiro de Estrat\u00e9gia e T\u00e9cnicos em Enfermagem Edital de Convoca\u00e7\u00e3o 17\/2024 para Assistente Administrativo, Motorista de Ve\u00edculos Pesados e &hellip; <a href=\"https:\/\/arquivo.pedroleopoldo.mg.gov.br\/?p=22882\" class=\"more-link\">Continuar lendo <span class=\"screen-reader-text\">Processo Seletivo 001\/2023<\/span><\/a><\/p>\n","protected":false},"author":1,"featured_media":0,"comment_status":"closed","ping_status":"closed","sticky":false,"template":"","format":"standard","meta":{"footnotes":""},"categories":[14],"tags":[],"_links":{"self":[{"href":"https:\/\/arquivo.pedroleopoldo.mg.gov.br\/index.php?rest_route=\/wp\/v2\/posts\/22882"}],"collection":[{"href":"https:\/\/arquivo.pedroleopoldo.mg.gov.br\/index.php?rest_route=\/wp\/v2\/posts"}],"about":[{"href":"https:\/\/arquivo.pedroleopoldo.mg.gov.br\/index.php?rest_route=\/wp\/v2\/types\/post"}],"author":[{"embeddable":true,"href":"https:\/\/arquivo.pedroleopoldo.mg.gov.br\/index.php?rest_route=\/wp\/v2\/users\/1"}],"replies":[{"embeddable":true,"href":"https:\/\/arquivo.pedroleopoldo.mg.gov.br\/index.php?rest_route=%2Fwp%2Fv2%2Fcomments&post=22882"}],"version-history":[{"count":1,"href":"https:\/\/arquivo.pedroleopoldo.mg.gov.br\/index.php?rest_route=\/wp\/v2\/posts\/22882\/revisions"}],"predecessor-version":[{"id":31999,"href":"https:\/\/arquivo.pedroleopoldo.mg.gov.br\/index.php?rest_route=\/wp\/v2\/posts\/22882\/revisions\/31999"}],"wp:attachment":[{"href":"https:\/\/arquivo.pedroleopoldo.mg.gov.br\/index.php?rest_route=%2Fwp%2Fv2%2Fmedia&parent=22882"}],"wp:term":[{"taxonomy":"category","embeddable":true,"href":"https:\/\/arquivo.pedroleopoldo.mg.gov.br\/index.php?rest_route=%2Fwp%2Fv2%2Fcategories&post=22882"},{"taxonomy":"post_tag","embeddable":true,"href":"https:\/\/arquivo.pedroleopoldo.mg.gov.br\/index.php?rest_route=%2Fwp%2Fv2%2Ftags&post=22882"}],"curies":[{"name":"wp","href":"https:\/\/api.w.org\/{rel}","templated":true}]}}