{"id":22821,"date":"2023-06-01T11:35:02","date_gmt":"2023-06-01T14:35:02","guid":{"rendered":"http:\/\/pedroleopoldo.mg.gov.br\/?p=22821"},"modified":"2023-06-01T11:38:41","modified_gmt":"2023-06-01T14:38:41","slug":"prefeitura-anuncia-o-novo-projeto-de-reestruturacao-do-ceppel","status":"publish","type":"post","link":"https:\/\/arquivo.pedroleopoldo.mg.gov.br\/?p=22821","title":{"rendered":"Prefeitura anuncia o novo projeto de reestrutura\u00e7\u00e3o do CEPPEL"},"content":{"rendered":"\n<p><em>A obra ir\u00e1 reestruturar, al\u00e9m da quadra interna, o campo de futebol, trazendo diversas melhorias para todo o complexo e para os esportistas da regi\u00e3o<\/em><\/p>\n\n\n\n<p>No \u00faltimo domingo, 28, durante a final da Copa Cl\u00e9ver Assun\u00e7\u00e3o, a Prefeitura de Pedro Leopoldo, por meio da Secretaria Municipal de Esportes, Juventude e Direitos Humanos, anunciou o projeto de reestrutura\u00e7\u00e3o do Centro Poliesportivo de Pedro Leopoldo, o CEPPEL. O processo de revitaliza\u00e7\u00e3o deve passar pela estrutura do telhado, vesti\u00e1rios, arquibancadas, rampa de acesso para pessoas com defici\u00eancia, banheiros com acessibilidade, nova ilumina\u00e7\u00e3o, lanchonete e muito mais.<\/p>\n\n\n\n<p>\u201cAl\u00e9m das interven\u00e7\u00f5es que j\u00e1 v\u00eam sendo feitas e das v\u00e1rias atividades que est\u00e3o acontecendo gratuitamente no espa\u00e7o, nosso objetivo \u00e9 fazer do local uma refer\u00eancia em centro esportivo na regi\u00e3o. Todo o trabalho ser\u00e1 feito para que a popula\u00e7\u00e3o tenha um espa\u00e7o prazeroso para a pr\u00e1tica esportiva e com estrutura necess\u00e1ria para realiza\u00e7\u00e3o de novos campeonatos, tudo para proporcionar qualidade aos nossos atletas, cidad\u00e3os e visitantes\u201d, afirma a Prefeita Eloisa.<\/p>\n\n\n\n<p>Assim como a Prefeita, a vice-prefeita Ana Paula Santos tamb\u00e9m est\u00e1 feliz com o pontap\u00e9 dado para que as melhorias necess\u00e1rias possam ser colocadas em pr\u00e1tica. \u201cO complexo do CEPPEL \u00e9 um patrim\u00f4nio importante, e \u00e9 por isso que a administra\u00e7\u00e3o municipal ir\u00e1 cumprir o compromisso assumido de revitaliza\u00e7\u00e3o deste importante espa\u00e7o de esporte e lazer. A gente trabalha sempre dentro dos prazos e da legalidade, mas, principalmente, com respeito ao dinheiro p\u00fablico. Por isto, algumas coisas precisam de mais tempo do que se imagina. Mas tudo vai sair da melhor maneira para toda a popula\u00e7\u00e3o\u201d, pontuou.<\/p>\n\n\n\n<p>No dia da apresenta\u00e7\u00e3o do projeto, a Prefeitura entregou mais kits esportivos. Desta vez receberam os novos materiais as equipes de Basquete, Badminton, Muay Thai e Handebol. A entrega continuar\u00e1 acontecendo para outras modalidades.<\/p>\n\n\n\n<div class=\"wp-block-jetpack-tiled-gallery aligncenter is-style-rectangular\"><div class=\"tiled-gallery__gallery\"><div class=\"tiled-gallery__row\"><div class=\"tiled-gallery__col\" style=\"flex-basis:66.82316118935837%\"><figure class=\"tiled-gallery__item\"><img decoding=\"async\" alt=\"\" data-height=\"768\" data-id=\"22836\" data-link=\"http:\/\/pedroleopoldo.mg.gov.br\/?attachment_id=22836\" data-url=\"http:\/\/pedroleopoldo.mg.gov.br\/wp-content\/uploads\/2023\/06\/image-14-1.png\" data-width=\"1024\" src=\"https:\/\/i1.wp.com\/pedroleopoldo.mg.gov.br\/wp-content\/uploads\/2023\/06\/image-14-1.png\" layout=\"responsive\"\/><\/figure><\/div><div class=\"tiled-gallery__col\" style=\"flex-basis:33.17683881064162%\"><figure class=\"tiled-gallery__item\"><img decoding=\"async\" alt=\"\" data-height=\"768\" data-id=\"22837\" data-link=\"http:\/\/pedroleopoldo.mg.gov.br\/?attachment_id=22837\" data-url=\"http:\/\/pedroleopoldo.mg.gov.br\/wp-content\/uploads\/2023\/06\/image-13-1.png\" data-width=\"1024\" src=\"https:\/\/i0.wp.com\/pedroleopoldo.mg.gov.br\/wp-content\/uploads\/2023\/06\/image-13-1.png\" layout=\"responsive\"\/><\/figure><figure class=\"tiled-gallery__item\"><img decoding=\"async\" alt=\"\" data-height=\"768\" data-id=\"22838\" data-link=\"http:\/\/pedroleopoldo.mg.gov.br\/?attachment_id=22838\" data-url=\"http:\/\/pedroleopoldo.mg.gov.br\/wp-content\/uploads\/2023\/06\/image-12-1.png\" data-width=\"1024\" src=\"https:\/\/i2.wp.com\/pedroleopoldo.mg.gov.br\/wp-content\/uploads\/2023\/06\/image-12-1.png\" layout=\"responsive\"\/><\/figure><\/div><\/div><\/div><\/div>\n\n\n\n<p>A Prefeitura de Pedro Leopoldo, por meio da Secretaria Municipal de Esportes, atrav\u00e9s do CEPPEL, oferece cerca de 15 a\u00e7\u00f5es que envolvem atividades, competi\u00e7\u00f5es e torneios esportivos. Escolas de V\u00f4lei, Handebol, Basquete, Futsal, Futebol de Campo, Badminton e outras modalidades acontecem no espa\u00e7o. Com as melhorias, certamente o leque de op\u00e7\u00f5es esportivas ser\u00e1 ampliado e o esporte poder\u00e1 atrair cada vez mais adeptos.<\/p>\n\n\n\n<div class=\"wp-block-image\"><figure class=\"aligncenter size-large is-resized\"><img decoding=\"async\" loading=\"lazy\" src=\"http:\/\/pedroleopoldo.mg.gov.br\/wp-content\/uploads\/2023\/06\/image-15.png\" alt=\"\" class=\"wp-image-22829\" width=\"359\" height=\"269\" srcset=\"https:\/\/arquivo.pedroleopoldo.mg.gov.br\/wp-content\/uploads\/2023\/06\/image-15.png 1024w, https:\/\/arquivo.pedroleopoldo.mg.gov.br\/wp-content\/uploads\/2023\/06\/image-15-300x225.png 300w, https:\/\/arquivo.pedroleopoldo.mg.gov.br\/wp-content\/uploads\/2023\/06\/image-15-768x576.png 768w\" sizes=\"(max-width: 359px) 100vw, 359px\" \/><\/figure><\/div>\n\n\n\n<p><\/p>\n\n\n\n<p><\/p>\n","protected":false},"excerpt":{"rendered":"<p>A obra ir\u00e1 reestruturar, al\u00e9m da quadra interna, o campo de futebol, trazendo diversas melhorias para todo o complexo e para os esportistas da regi\u00e3o No \u00faltimo domingo, 28, durante a final da Copa Cl\u00e9ver Assun\u00e7\u00e3o, a Prefeitura de Pedro Leopoldo, por meio da Secretaria Municipal de Esportes, Juventude e Direitos Humanos, anunciou o projeto &hellip; <a href=\"https:\/\/arquivo.pedroleopoldo.mg.gov.br\/?p=22821\" class=\"more-link\">Continuar lendo <span class=\"screen-reader-text\">Prefeitura anuncia o novo projeto de reestrutura\u00e7\u00e3o do CEPPEL<\/span><\/a><\/p>\n","protected":false},"author":1,"featured_media":22831,"comment_status":"closed","ping_status":"closed","sticky":false,"template":"","format":"standard","meta":{"footnotes":""},"categories":[4],"tags":[],"_links":{"self":[{"href":"https:\/\/arquivo.pedroleopoldo.mg.gov.br\/index.php?rest_route=\/wp\/v2\/posts\/22821"}],"collection":[{"href":"https:\/\/arquivo.pedroleopoldo.mg.gov.br\/index.php?rest_route=\/wp\/v2\/posts"}],"about":[{"href":"https:\/\/arquivo.pedroleopoldo.mg.gov.br\/index.php?rest_route=\/wp\/v2\/types\/post"}],"author":[{"embeddable":true,"href":"https:\/\/arquivo.pedroleopoldo.mg.gov.br\/index.php?rest_route=\/wp\/v2\/users\/1"}],"replies":[{"embeddable":true,"href":"https:\/\/arquivo.pedroleopoldo.mg.gov.br\/index.php?rest_route=%2Fwp%2Fv2%2Fcomments&post=22821"}],"version-history":[{"count":0,"href":"https:\/\/arquivo.pedroleopoldo.mg.gov.br\/index.php?rest_route=\/wp\/v2\/posts\/22821\/revisions"}],"wp:featuredmedia":[{"embeddable":true,"href":"https:\/\/arquivo.pedroleopoldo.mg.gov.br\/index.php?rest_route=\/wp\/v2\/media\/22831"}],"wp:attachment":[{"href":"https:\/\/arquivo.pedroleopoldo.mg.gov.br\/index.php?rest_route=%2Fwp%2Fv2%2Fmedia&parent=22821"}],"wp:term":[{"taxonomy":"category","embeddable":true,"href":"https:\/\/arquivo.pedroleopoldo.mg.gov.br\/index.php?rest_route=%2Fwp%2Fv2%2Fcategories&post=22821"},{"taxonomy":"post_tag","embeddable":true,"href":"https:\/\/arquivo.pedroleopoldo.mg.gov.br\/index.php?rest_route=%2Fwp%2Fv2%2Ftags&post=22821"}],"curies":[{"name":"wp","href":"https:\/\/api.w.org\/{rel}","templated":true}]}}