{"id":22819,"date":"2023-06-01T11:34:24","date_gmt":"2023-06-01T14:34:24","guid":{"rendered":"http:\/\/pedroleopoldo.mg.gov.br\/?p=22819"},"modified":"2023-06-01T11:39:33","modified_gmt":"2023-06-01T14:39:33","slug":"a-prefeitura-ja-instalou-quase-cinco-mil-pontos-de-lampadas-de-led-em-pedro-leopoldo","status":"publish","type":"post","link":"https:\/\/arquivo.pedroleopoldo.mg.gov.br\/?p=22819","title":{"rendered":"A Prefeitura j\u00e1 instalou quase cinco mil pontos de l\u00e2mpadas de Led em Pedro Leopoldo"},"content":{"rendered":"\n<p><em>Mais de 80% do munic\u00edpio j\u00e1 foi atendido e os trabalhos continuam sendo realizados diariamente pela Secretaria de Obras<\/em><\/p>\n\n\n\n<p>A Opera\u00e7\u00e3o Implanta\u00e7\u00e3o de Led caminha para a fase final, com mais de 80% do munic\u00edpio com a nova tecnologia. O servi\u00e7o visa levar mais seguran\u00e7a e conforto aos moradores. Al\u00e9m de ser mais duradoura e eficaz, a nova ilumina\u00e7\u00e3o tamb\u00e9m \u00e9 mais econ\u00f4mica.<\/p>\n\n\n\n<p>Mais de trinta bairros j\u00e1 est\u00e3o 100% iluminados com Led. Na regi\u00e3o Norte os locais contemplados at\u00e9 hoje foram: Fidalgo, Lagoa de Santo Ant\u00f4nio, Novo Campinho, Hibiscos, Portal Das Ac\u00e1cias, Andyara, Dom Camilo I e II, Felipe Cl\u00e1udio I e II, Ad\u00e9lia Issa, Teot\u00f4nio Batista de Freitas, Morada dos Angicos, Maria C\u00e2ndida, Santa Tereza, Ipanema, Sebasti\u00e3o Ribeiro, Xurupita, Bandeirantes, Santa F\u00e9 e Saquarema. Na regi\u00e3o Oeste os bairros Romero de Carvalho, Tri\u00e2ngulo, Donato, S\u00e3o Geraldo, Joana D\u2019arc e S\u00f4nia Romanelli est\u00e3o completamente iluminados. Na parte Sul de Pedro Leopoldo, em Jardin\u00f3polis, o servi\u00e7o j\u00e1 foi executado. Os bairros S\u00e3o Sebasti\u00e3o e Santa Rita, na regi\u00e3o Leste, tamb\u00e9m est\u00e3o prontos e o Centro tamb\u00e9m j\u00e1 conta com todos os locais iluminados pela nova tecnologia. O Terminal Rodovi\u00e1rio \u00e9 outro ponto que conta com as luzes de Led.<\/p>\n\n\n\n<p>Para Natan Alves, morador do Centro, esse investimento da administra\u00e7\u00e3o foi o seu preferido. \u201cUma das coisas que mais gostei at\u00e9 hoje feita pela atual gest\u00e3o foi a coloca\u00e7\u00e3o dessas l\u00e2mpadas, a cidade t\u00e1 mais iluminada, a gente fica mais seguro. Para mim, particularmente, que volto tarde do trabalho, foi perfeito. Com certeza me sinto mais confort\u00e1vel ao voltar para casa, at\u00e9 para entrar com o carro na garagem\u201d, afirmou.<\/p>\n\n\n\n<p>Al\u00e9m da implanta\u00e7\u00e3o do Led, o servi\u00e7o de extens\u00e3o de rede tamb\u00e9m est\u00e1 sendo executado. Um dos compromissos da Prefeitura com o cidad\u00e3o \u00e9 tornar Pedro Leopoldo cada dia mais iluminada, e isso tem sido realizado.<\/p>\n\n\n\n<figure class=\"wp-block-image size-large\"><img decoding=\"async\" loading=\"lazy\" width=\"1024\" height=\"768\" src=\"http:\/\/pedroleopoldo.mg.gov.br\/wp-content\/uploads\/2023\/06\/image-9.png\" alt=\"\" class=\"wp-image-22823\" srcset=\"https:\/\/arquivo.pedroleopoldo.mg.gov.br\/wp-content\/uploads\/2023\/06\/image-9.png 1024w, https:\/\/arquivo.pedroleopoldo.mg.gov.br\/wp-content\/uploads\/2023\/06\/image-9-300x225.png 300w, https:\/\/arquivo.pedroleopoldo.mg.gov.br\/wp-content\/uploads\/2023\/06\/image-9-768x576.png 768w\" sizes=\"(max-width: 1024px) 100vw, 1024px\" \/><\/figure>\n\n\n\n<figure class=\"wp-block-image size-large\"><img decoding=\"async\" loading=\"lazy\" width=\"1024\" height=\"768\" src=\"http:\/\/pedroleopoldo.mg.gov.br\/wp-content\/uploads\/2023\/06\/image-8.png\" alt=\"\" class=\"wp-image-22824\" srcset=\"https:\/\/arquivo.pedroleopoldo.mg.gov.br\/wp-content\/uploads\/2023\/06\/image-8.png 1024w, https:\/\/arquivo.pedroleopoldo.mg.gov.br\/wp-content\/uploads\/2023\/06\/image-8-300x225.png 300w, https:\/\/arquivo.pedroleopoldo.mg.gov.br\/wp-content\/uploads\/2023\/06\/image-8-768x576.png 768w\" sizes=\"(max-width: 1024px) 100vw, 1024px\" \/><\/figure>\n\n\n\n<figure class=\"wp-block-image size-large\"><img decoding=\"async\" loading=\"lazy\" width=\"1024\" height=\"768\" src=\"http:\/\/pedroleopoldo.mg.gov.br\/wp-content\/uploads\/2023\/06\/image-7.png\" alt=\"\" class=\"wp-image-22825\" srcset=\"https:\/\/arquivo.pedroleopoldo.mg.gov.br\/wp-content\/uploads\/2023\/06\/image-7.png 1024w, https:\/\/arquivo.pedroleopoldo.mg.gov.br\/wp-content\/uploads\/2023\/06\/image-7-300x225.png 300w, https:\/\/arquivo.pedroleopoldo.mg.gov.br\/wp-content\/uploads\/2023\/06\/image-7-768x576.png 768w\" sizes=\"(max-width: 1024px) 100vw, 1024px\" \/><\/figure>\n","protected":false},"excerpt":{"rendered":"<p>Mais de 80% do munic\u00edpio j\u00e1 foi atendido e os trabalhos continuam sendo realizados diariamente pela Secretaria de Obras A Opera\u00e7\u00e3o Implanta\u00e7\u00e3o de Led caminha para a fase final, com mais de 80% do munic\u00edpio com a nova tecnologia. O servi\u00e7o visa levar mais seguran\u00e7a e conforto aos moradores. Al\u00e9m de ser mais duradoura e &hellip; <a href=\"https:\/\/arquivo.pedroleopoldo.mg.gov.br\/?p=22819\" class=\"more-link\">Continuar lendo <span class=\"screen-reader-text\">A Prefeitura j\u00e1 instalou quase cinco mil pontos de l\u00e2mpadas de Led em Pedro Leopoldo<\/span><\/a><\/p>\n","protected":false},"author":1,"featured_media":22824,"comment_status":"closed","ping_status":"closed","sticky":false,"template":"","format":"standard","meta":{"footnotes":""},"categories":[4],"tags":[],"_links":{"self":[{"href":"https:\/\/arquivo.pedroleopoldo.mg.gov.br\/index.php?rest_route=\/wp\/v2\/posts\/22819"}],"collection":[{"href":"https:\/\/arquivo.pedroleopoldo.mg.gov.br\/index.php?rest_route=\/wp\/v2\/posts"}],"about":[{"href":"https:\/\/arquivo.pedroleopoldo.mg.gov.br\/index.php?rest_route=\/wp\/v2\/types\/post"}],"author":[{"embeddable":true,"href":"https:\/\/arquivo.pedroleopoldo.mg.gov.br\/index.php?rest_route=\/wp\/v2\/users\/1"}],"replies":[{"embeddable":true,"href":"https:\/\/arquivo.pedroleopoldo.mg.gov.br\/index.php?rest_route=%2Fwp%2Fv2%2Fcomments&post=22819"}],"version-history":[{"count":0,"href":"https:\/\/arquivo.pedroleopoldo.mg.gov.br\/index.php?rest_route=\/wp\/v2\/posts\/22819\/revisions"}],"wp:featuredmedia":[{"embeddable":true,"href":"https:\/\/arquivo.pedroleopoldo.mg.gov.br\/index.php?rest_route=\/wp\/v2\/media\/22824"}],"wp:attachment":[{"href":"https:\/\/arquivo.pedroleopoldo.mg.gov.br\/index.php?rest_route=%2Fwp%2Fv2%2Fmedia&parent=22819"}],"wp:term":[{"taxonomy":"category","embeddable":true,"href":"https:\/\/arquivo.pedroleopoldo.mg.gov.br\/index.php?rest_route=%2Fwp%2Fv2%2Fcategories&post=22819"},{"taxonomy":"post_tag","embeddable":true,"href":"https:\/\/arquivo.pedroleopoldo.mg.gov.br\/index.php?rest_route=%2Fwp%2Fv2%2Ftags&post=22819"}],"curies":[{"name":"wp","href":"https:\/\/api.w.org\/{rel}","templated":true}]}}