{"id":22790,"date":"2023-05-24T18:10:30","date_gmt":"2023-05-24T21:10:30","guid":{"rendered":"http:\/\/pedroleopoldo.mg.gov.br\/?p=22790"},"modified":"2023-05-24T18:10:35","modified_gmt":"2023-05-24T21:10:35","slug":"prefeitura-presente-vai-ate-o-bairro-adelia-issa-em-sua-4a-edicao","status":"publish","type":"post","link":"https:\/\/arquivo.pedroleopoldo.mg.gov.br\/?p=22790","title":{"rendered":"\u201cPrefeitura Presente\u201d vai at\u00e9 o bairro Ad\u00e9lia Issa em sua 4\u00aa edi\u00e7\u00e3o"},"content":{"rendered":"\n<p>A Prefeitura de Pedro Leopoldo realizou mais uma edi\u00e7\u00e3o do programa \u201cPrefeitura Presente\u201d. Desta vez, a a\u00e7\u00e3o atendeu os moradores do bairro Ad\u00e9lia Issa, na \u00faltima sexta-feira, 19 de maio. O projeto tem o objetivo de ouvir os questionamentos e poss\u00edveis demandas diretamente dos moradores, para assim, o executivo dar assist\u00eancia aos pedroleopoldenses da melhor forma.<\/p>\n\n\n\n<p>O executivo j\u00e1 marcou presen\u00e7a em quatro regi\u00f5es do munic\u00edpio: Lagoa de Santo Ant\u00f4nio, Centro, Santo Ant\u00f4nio e Ad\u00e9lia Issa.<\/p>\n\n\n\n<p>A recep\u00e7\u00e3o dos pedroleopoldenses tem sido positiva. Para Geralda Miranda, moradora do bairro Ad\u00e9lia Issa, o projeto foi muito importante, sobretudo, pela comodidade que leva ao morador. \u201cAdorei esse projeto, n\u00e3o precisei ir na Prefeitura, j\u00e1 trouxe os problemas da minha rua e o pessoal anotou, achei muito boa a iniciativa\u201d, disse.<\/p>\n\n\n\n<p>A Prefeita Eloisa Helena afirma que a inten\u00e7\u00e3o do projeto \u00e9 aproximar mais a popula\u00e7\u00e3o da Prefeitura. \u201cQuando iniciamos o Prefeitura Presente nosso objetivo foi estar mais perto dos moradores, ouvindo de perto suas sugest\u00f5es para a melhoria do munic\u00edpio, e isso tem acontecido. Nas quatro edi\u00e7\u00f5es percebemos a satisfa\u00e7\u00e3o das pessoas por serem escutadas e estarem tendo o devido retorno. Fico muito feliz com os resultados positivos, pois estamos aqui para isso, trabalhar de verdade para todos\u201d, concluiu.<\/p>\n\n\n\n<figure class=\"wp-block-image size-large\"><img decoding=\"async\" loading=\"lazy\" width=\"1024\" height=\"768\" src=\"http:\/\/pedroleopoldo.mg.gov.br\/wp-content\/uploads\/2023\/05\/image-4-1.png\" alt=\"\" class=\"wp-image-22794\" srcset=\"https:\/\/arquivo.pedroleopoldo.mg.gov.br\/wp-content\/uploads\/2023\/05\/image-4-1.png 1024w, https:\/\/arquivo.pedroleopoldo.mg.gov.br\/wp-content\/uploads\/2023\/05\/image-4-1-300x225.png 300w, https:\/\/arquivo.pedroleopoldo.mg.gov.br\/wp-content\/uploads\/2023\/05\/image-4-1-768x576.png 768w\" sizes=\"(max-width: 1024px) 100vw, 1024px\" \/><\/figure>\n\n\n\n<figure class=\"wp-block-image size-large\"><img decoding=\"async\" loading=\"lazy\" width=\"1024\" height=\"768\" src=\"http:\/\/pedroleopoldo.mg.gov.br\/wp-content\/uploads\/2023\/05\/image-5-1.png\" alt=\"\" class=\"wp-image-22795\" srcset=\"https:\/\/arquivo.pedroleopoldo.mg.gov.br\/wp-content\/uploads\/2023\/05\/image-5-1.png 1024w, https:\/\/arquivo.pedroleopoldo.mg.gov.br\/wp-content\/uploads\/2023\/05\/image-5-1-300x225.png 300w, https:\/\/arquivo.pedroleopoldo.mg.gov.br\/wp-content\/uploads\/2023\/05\/image-5-1-768x576.png 768w\" sizes=\"(max-width: 1024px) 100vw, 1024px\" \/><\/figure>\n\n\n\n<figure class=\"wp-block-image size-large\"><img decoding=\"async\" loading=\"lazy\" width=\"1024\" height=\"768\" src=\"http:\/\/pedroleopoldo.mg.gov.br\/wp-content\/uploads\/2023\/05\/image-3-2.png\" alt=\"\" class=\"wp-image-22796\" srcset=\"https:\/\/arquivo.pedroleopoldo.mg.gov.br\/wp-content\/uploads\/2023\/05\/image-3-2.png 1024w, https:\/\/arquivo.pedroleopoldo.mg.gov.br\/wp-content\/uploads\/2023\/05\/image-3-2-300x225.png 300w, https:\/\/arquivo.pedroleopoldo.mg.gov.br\/wp-content\/uploads\/2023\/05\/image-3-2-768x576.png 768w\" sizes=\"(max-width: 1024px) 100vw, 1024px\" \/><\/figure>\n\n\n\n<p><\/p>\n","protected":false},"excerpt":{"rendered":"<p>A Prefeitura de Pedro Leopoldo realizou mais uma edi\u00e7\u00e3o do programa \u201cPrefeitura Presente\u201d. Desta vez, a a\u00e7\u00e3o atendeu os moradores do bairro Ad\u00e9lia Issa, na \u00faltima sexta-feira, 19 de maio. O projeto tem o objetivo de ouvir os questionamentos e poss\u00edveis demandas diretamente dos moradores, para assim, o executivo dar assist\u00eancia aos pedroleopoldenses da melhor &hellip; <a href=\"https:\/\/arquivo.pedroleopoldo.mg.gov.br\/?p=22790\" class=\"more-link\">Continuar lendo <span class=\"screen-reader-text\">\u201cPrefeitura Presente\u201d vai at\u00e9 o bairro Ad\u00e9lia Issa em sua 4\u00aa edi\u00e7\u00e3o<\/span><\/a><\/p>\n","protected":false},"author":1,"featured_media":22796,"comment_status":"closed","ping_status":"closed","sticky":false,"template":"","format":"standard","meta":{"footnotes":""},"categories":[4],"tags":[],"_links":{"self":[{"href":"https:\/\/arquivo.pedroleopoldo.mg.gov.br\/index.php?rest_route=\/wp\/v2\/posts\/22790"}],"collection":[{"href":"https:\/\/arquivo.pedroleopoldo.mg.gov.br\/index.php?rest_route=\/wp\/v2\/posts"}],"about":[{"href":"https:\/\/arquivo.pedroleopoldo.mg.gov.br\/index.php?rest_route=\/wp\/v2\/types\/post"}],"author":[{"embeddable":true,"href":"https:\/\/arquivo.pedroleopoldo.mg.gov.br\/index.php?rest_route=\/wp\/v2\/users\/1"}],"replies":[{"embeddable":true,"href":"https:\/\/arquivo.pedroleopoldo.mg.gov.br\/index.php?rest_route=%2Fwp%2Fv2%2Fcomments&post=22790"}],"version-history":[{"count":0,"href":"https:\/\/arquivo.pedroleopoldo.mg.gov.br\/index.php?rest_route=\/wp\/v2\/posts\/22790\/revisions"}],"wp:featuredmedia":[{"embeddable":true,"href":"https:\/\/arquivo.pedroleopoldo.mg.gov.br\/index.php?rest_route=\/wp\/v2\/media\/22796"}],"wp:attachment":[{"href":"https:\/\/arquivo.pedroleopoldo.mg.gov.br\/index.php?rest_route=%2Fwp%2Fv2%2Fmedia&parent=22790"}],"wp:term":[{"taxonomy":"category","embeddable":true,"href":"https:\/\/arquivo.pedroleopoldo.mg.gov.br\/index.php?rest_route=%2Fwp%2Fv2%2Fcategories&post=22790"},{"taxonomy":"post_tag","embeddable":true,"href":"https:\/\/arquivo.pedroleopoldo.mg.gov.br\/index.php?rest_route=%2Fwp%2Fv2%2Ftags&post=22790"}],"curies":[{"name":"wp","href":"https:\/\/api.w.org\/{rel}","templated":true}]}}