{"id":22758,"date":"2023-05-17T17:36:50","date_gmt":"2023-05-17T20:36:50","guid":{"rendered":"http:\/\/pedroleopoldo.mg.gov.br\/?p=22758"},"modified":"2023-05-17T17:36:52","modified_gmt":"2023-05-17T20:36:52","slug":"prefeitura-encaminha-a-camara-o-projeto-de-lei-para-reajuste-no-salario-dos-servidores","status":"publish","type":"post","link":"https:\/\/arquivo.pedroleopoldo.mg.gov.br\/?p=22758","title":{"rendered":"Prefeitura encaminha \u00e0 C\u00e2mara o Projeto de Lei para reajuste no sal\u00e1rio dos servidores"},"content":{"rendered":"\n<p><em>Al\u00e9m do aumento proposto de 10%, sendo a 1\u00aa vez o pagamento do valor real, outros projetos tamb\u00e9m foram enviados, dentre eles, os que preveem gratifica\u00e7\u00f5es e reajustes de v\u00e1rias carreiras dentro do Executivo<\/em><\/p>\n\n\n\n<p>Nesta segunda-feira, 15 de maio, a Prefeitura de Pedro Leopoldo, por meio das chefes do executivo, Eloisa Helena e Ana Paula Santos, e da Secretaria de Administra\u00e7\u00e3o, protocolou, na C\u00e2mara Municipal, v\u00e1rios Projetos de Lei que visam beneficiar todos os servidores municipais. O aumento proposto \u00e9 de 10%, sendo a primeira vez que o valor considera, al\u00e9m do reajuste da infla\u00e7\u00e3o, o aumento real.<\/p>\n\n\n\n<p>Outros projetos, tamb\u00e9m, foram encaminhados, como o de reajustamento de gratifica\u00e7\u00f5es das carreiras de Guarda Municipal, Agentes de Tr\u00e2nsito, Conselheiros Tutelares, Fiscais de Posturas e Sanit\u00e1rios e T\u00e9cnicos em Inform\u00e1tica. Ainda prev\u00ea reajuste do piso municipal dos servidores para R$1.460,00, do piso das Agentes de Sa\u00fade e Combate \u00e0 Endemias para R$2.666,40 e o aumento do teto para recebimento do aux\u00edlio-alimenta\u00e7\u00e3o para R$3.850,00. \u201cA m\u00e1quina p\u00fablica n\u00e3o funciona sozinha, somos v\u00e1rias m\u00e3os e nossa pol\u00edtica \u00e9 valorizar a todos. E assim estamos fazendo, dentro da legalidade, sempre com a devida responsabilidade com o dinheiro p\u00fablico\u201d, pontuou a Prefeita Eloisa Helena.<\/p>\n\n\n\n<p>No caso dos servidores da Educa\u00e7\u00e3o remunerados pelo FUNDEB 70%, o pagamento do reajuste ser\u00e1 retroativo ao m\u00eas de janeiro de 2023, a ser pago em quatro parcelas, a partir de julho deste ano.<\/p>\n\n\n\n<p>Os projetos foram protocolados e agora cabe aprova\u00e7\u00e3o da C\u00e2mara e san\u00e7\u00e3o do Executivo.<\/p>\n\n\n\n<p><strong>Piso da Enfermagem<\/strong><\/p>\n\n\n\n<p>Sobre o Piso da Enfermagem, a Secretaria de Sa\u00fade est\u00e1 atenta a toda e qualquer libera\u00e7\u00e3o, uma vez que \u00e9 de interesse da gest\u00e3o valorizar ainda mais esta classe, mas, tamb\u00e9m, dentro da legalidade e das normas do Governo Federal. \u201cA Lei \u00e9 recente, e neste momento a Portaria 597\/23 ser\u00e1 revista, uma vez que traz uma an\u00e1lise que n\u00e3o abrange de forma adequada os trabalhos da \u00e1rea, contradizendo a Lei n\u00b0 1.434. O munic\u00edpio aguarda a republica\u00e7\u00e3o da Portaria com novas orienta\u00e7\u00f5es\u201d, explicou a Secret\u00e1ria de Sa\u00fade de Pedro Leopoldo, Michelli Moreno.<\/p>\n\n\n\n<figure class=\"wp-block-image\"><img decoding=\"async\" src=\"https:\/\/mail.google.com\/mail\/u\/0?ui=2&amp;ik=3dcfc5f1e2&amp;attid=0.1&amp;permmsgid=msg-a:r-4891179733922169845&amp;th=1882b62be05d650b&amp;view=fimg&amp;fur=ip&amp;sz=s0-l75-ft&amp;attbid=ANGjdJ84gsA6A5sPg649rHk0MEw2I-WrDUU7xvErdfPivFyFxnbGJg5NSxaTt35wL6K3_ivak563b4LSBUup2MLrIZBHujkUgATC51OSjdaGiCHkiIOyWdRi1jAC3iU&amp;disp=emb&amp;realattid=ii_lhs5dror0\" alt=\"image.png\"\/><\/figure>\n","protected":false},"excerpt":{"rendered":"<p>Al\u00e9m do aumento proposto de 10%, sendo a 1\u00aa vez o pagamento do valor real, outros projetos tamb\u00e9m foram enviados, dentre eles, os que preveem gratifica\u00e7\u00f5es e reajustes de v\u00e1rias carreiras dentro do Executivo Nesta segunda-feira, 15 de maio, a Prefeitura de Pedro Leopoldo, por meio das chefes do executivo, Eloisa Helena e Ana Paula &hellip; <a href=\"https:\/\/arquivo.pedroleopoldo.mg.gov.br\/?p=22758\" class=\"more-link\">Continuar lendo <span class=\"screen-reader-text\">Prefeitura encaminha \u00e0 C\u00e2mara o Projeto de Lei para reajuste no sal\u00e1rio dos servidores<\/span><\/a><\/p>\n","protected":false},"author":1,"featured_media":22759,"comment_status":"closed","ping_status":"closed","sticky":false,"template":"","format":"standard","meta":{"footnotes":""},"categories":[4],"tags":[],"_links":{"self":[{"href":"https:\/\/arquivo.pedroleopoldo.mg.gov.br\/index.php?rest_route=\/wp\/v2\/posts\/22758"}],"collection":[{"href":"https:\/\/arquivo.pedroleopoldo.mg.gov.br\/index.php?rest_route=\/wp\/v2\/posts"}],"about":[{"href":"https:\/\/arquivo.pedroleopoldo.mg.gov.br\/index.php?rest_route=\/wp\/v2\/types\/post"}],"author":[{"embeddable":true,"href":"https:\/\/arquivo.pedroleopoldo.mg.gov.br\/index.php?rest_route=\/wp\/v2\/users\/1"}],"replies":[{"embeddable":true,"href":"https:\/\/arquivo.pedroleopoldo.mg.gov.br\/index.php?rest_route=%2Fwp%2Fv2%2Fcomments&post=22758"}],"version-history":[{"count":0,"href":"https:\/\/arquivo.pedroleopoldo.mg.gov.br\/index.php?rest_route=\/wp\/v2\/posts\/22758\/revisions"}],"wp:featuredmedia":[{"embeddable":true,"href":"https:\/\/arquivo.pedroleopoldo.mg.gov.br\/index.php?rest_route=\/wp\/v2\/media\/22759"}],"wp:attachment":[{"href":"https:\/\/arquivo.pedroleopoldo.mg.gov.br\/index.php?rest_route=%2Fwp%2Fv2%2Fmedia&parent=22758"}],"wp:term":[{"taxonomy":"category","embeddable":true,"href":"https:\/\/arquivo.pedroleopoldo.mg.gov.br\/index.php?rest_route=%2Fwp%2Fv2%2Fcategories&post=22758"},{"taxonomy":"post_tag","embeddable":true,"href":"https:\/\/arquivo.pedroleopoldo.mg.gov.br\/index.php?rest_route=%2Fwp%2Fv2%2Ftags&post=22758"}],"curies":[{"name":"wp","href":"https:\/\/api.w.org\/{rel}","templated":true}]}}