{"id":22754,"date":"2023-05-17T17:26:39","date_gmt":"2023-05-17T20:26:39","guid":{"rendered":"http:\/\/pedroleopoldo.mg.gov.br\/?p=22754"},"modified":"2023-05-17T17:26:43","modified_gmt":"2023-05-17T20:26:43","slug":"executivo-anuncia-nova-secretaria-de-saude","status":"publish","type":"post","link":"https:\/\/arquivo.pedroleopoldo.mg.gov.br\/?p=22754","title":{"rendered":"Executivo anuncia nova Secret\u00e1ria de Sa\u00fade"},"content":{"rendered":"\n<p><em>Michelli Moreno assume a pasta e a Diretoria em Sa\u00fade tamb\u00e9m ganha novo nome, Hellen Mallet<\/em><\/p>\n\n\n\n<p>A Secretaria Municipal de Sa\u00fade de Pedro Leopoldo tem caras novas na coordena\u00e7\u00e3o. A ent\u00e3o Diretora de Aten\u00e7\u00e3o \u00e0 Sa\u00fade, Michelli Moreno se tornou, a partir do dia 15 de maio de 2023, oficialmente a Secret\u00e1ria de Sa\u00fade de Pedro Leopoldo. Ao seu lado, Michelli ter\u00e1, ocupando sua antiga fun\u00e7\u00e3o, Hellen Mallet, enfermeira com vasto curr\u00edculo na \u00e1rea t\u00e9cnica e de gest\u00e3o.<\/p>\n\n\n\n<p>A equipe da sa\u00fade, ao lado das representantes do executivo, Eloisa Helena e Ana Paula Santos, deram boas vindas e se colocaram \u00e0 disposi\u00e7\u00e3o para, juntas, fazerem o melhor pela sa\u00fade dos pedroleopoldenses.<\/p>\n\n\n\n<p>A vice-prefeita, Ana Paula Santos, explicou o motivo pelo qual o nome n\u00e3o havia sido anunciado anteriormente. \u201cEst\u00e1vamos \u00e0 procura de uma pessoa que pudesse ocupar a fun\u00e7\u00e3o de Diretora da Michelli, para que os tr\u00e2mites de trabalho fossem feitos corretamente, depois desse per\u00edodo que encontramos a Hellen, nossa Secret\u00e1ria pode ent\u00e3o assumir suas fun\u00e7\u00f5es na integralidade\u201d, destacou.<\/p>\n\n\n\n<p>\u201cDaremos continuidade ao trabalho bem feito na nossa sa\u00fade municipal, com uma equipe competente, unida e com o mesmo objetivo, promover o melhor a todos\u201d, finalizou a Michelli.<\/p>\n\n\n\n<figure class=\"wp-block-image\"><img decoding=\"async\" src=\"https:\/\/mail.google.com\/mail\/u\/0?ui=2&amp;ik=3dcfc5f1e2&amp;attid=0.1&amp;permmsgid=msg-a:r3935302265666864472&amp;th=1882b62cfe85582c&amp;view=fimg&amp;fur=ip&amp;sz=s0-l75-ft&amp;attbid=ANGjdJ8_z9aBCMeLQW4TeNuj1D5D1dfXZ-60rK34dCzG1ECe6WpPRjumZK6oMiBc-Qag2Sqkku3sDtvCs9aJDJJvEssWEAj0rOW0Kt-gW8Maq18YSRrIspnhzC-BqJU&amp;disp=emb&amp;realattid=ii_lhs5ejze0\" alt=\"image.png\"\/><\/figure>\n\n\n\n<p><\/p>\n","protected":false},"excerpt":{"rendered":"<p>Michelli Moreno assume a pasta e a Diretoria em Sa\u00fade tamb\u00e9m ganha novo nome, Hellen Mallet A Secretaria Municipal de Sa\u00fade de Pedro Leopoldo tem caras novas na coordena\u00e7\u00e3o. A ent\u00e3o Diretora de Aten\u00e7\u00e3o \u00e0 Sa\u00fade, Michelli Moreno se tornou, a partir do dia 15 de maio de 2023, oficialmente a Secret\u00e1ria de Sa\u00fade de &hellip; <a href=\"https:\/\/arquivo.pedroleopoldo.mg.gov.br\/?p=22754\" class=\"more-link\">Continuar lendo <span class=\"screen-reader-text\">Executivo anuncia nova Secret\u00e1ria de Sa\u00fade<\/span><\/a><\/p>\n","protected":false},"author":1,"featured_media":22755,"comment_status":"closed","ping_status":"closed","sticky":false,"template":"","format":"standard","meta":{"footnotes":""},"categories":[4],"tags":[],"_links":{"self":[{"href":"https:\/\/arquivo.pedroleopoldo.mg.gov.br\/index.php?rest_route=\/wp\/v2\/posts\/22754"}],"collection":[{"href":"https:\/\/arquivo.pedroleopoldo.mg.gov.br\/index.php?rest_route=\/wp\/v2\/posts"}],"about":[{"href":"https:\/\/arquivo.pedroleopoldo.mg.gov.br\/index.php?rest_route=\/wp\/v2\/types\/post"}],"author":[{"embeddable":true,"href":"https:\/\/arquivo.pedroleopoldo.mg.gov.br\/index.php?rest_route=\/wp\/v2\/users\/1"}],"replies":[{"embeddable":true,"href":"https:\/\/arquivo.pedroleopoldo.mg.gov.br\/index.php?rest_route=%2Fwp%2Fv2%2Fcomments&post=22754"}],"version-history":[{"count":0,"href":"https:\/\/arquivo.pedroleopoldo.mg.gov.br\/index.php?rest_route=\/wp\/v2\/posts\/22754\/revisions"}],"wp:featuredmedia":[{"embeddable":true,"href":"https:\/\/arquivo.pedroleopoldo.mg.gov.br\/index.php?rest_route=\/wp\/v2\/media\/22755"}],"wp:attachment":[{"href":"https:\/\/arquivo.pedroleopoldo.mg.gov.br\/index.php?rest_route=%2Fwp%2Fv2%2Fmedia&parent=22754"}],"wp:term":[{"taxonomy":"category","embeddable":true,"href":"https:\/\/arquivo.pedroleopoldo.mg.gov.br\/index.php?rest_route=%2Fwp%2Fv2%2Fcategories&post=22754"},{"taxonomy":"post_tag","embeddable":true,"href":"https:\/\/arquivo.pedroleopoldo.mg.gov.br\/index.php?rest_route=%2Fwp%2Fv2%2Ftags&post=22754"}],"curies":[{"name":"wp","href":"https:\/\/api.w.org\/{rel}","templated":true}]}}