{"id":22693,"date":"2023-05-10T17:24:02","date_gmt":"2023-05-10T20:24:02","guid":{"rendered":"http:\/\/pedroleopoldo.mg.gov.br\/?p=22693"},"modified":"2023-05-10T17:24:08","modified_gmt":"2023-05-10T20:24:08","slug":"prefeitura-de-pedro-leopoldo-inicia-2a-etapa-da-implantacao-do-reconhecimento-facial-nas-escolas","status":"publish","type":"post","link":"https:\/\/arquivo.pedroleopoldo.mg.gov.br\/?p=22693","title":{"rendered":"Prefeitura de Pedro Leopoldo inicia 2\u00aa etapa da implanta\u00e7\u00e3o do Reconhecimento Facial nas escolas"},"content":{"rendered":"\n<p><em>Entre outras a\u00e7\u00f5es, o sistema avisar\u00e1 aos respons\u00e1veis quando os alunos entrarem na institui\u00e7\u00e3o. Todas as escolas municipais receberam os equipamentos<\/em><\/p>\n\n\n\n<p>Levar ensino, conforto, seguran\u00e7a e praticidade para alunos e educadores \u00e9 prioridade para a atual gest\u00e3o. E uma das formas encontradas para melhorar o dia a dia na Rede Municipal de Educa\u00e7\u00e3o, foi com a implanta\u00e7\u00e3o do dispositivo Faceschool nas Escolas. O aparelho tem a fun\u00e7\u00e3o de fazer o reconhecimento facial dos alunos na entrada das institui\u00e7\u00f5es. Dessa forma, a frequ\u00eancia e presen\u00e7a dos estudantes s\u00e3o registradas com mais praticidade e seguran\u00e7a.<\/p>\n\n\n\n<p>Ap\u00f3s instalar em v\u00e1rias escolas no in\u00edcio da gest\u00e3o, agora est\u00e1 sendo incorporada a segunda etapa do processo, que visa notificar os pais sobre a frequ\u00eancia e presen\u00e7a dos estudantes no ambiente escolar, al\u00e9m de intermediar comunicados das institui\u00e7\u00f5es para os pais. Todas as Escolas Municipais receberam a nova tecnologia. No total, 54 aparelhos foram entregues \u00e0s institui\u00e7\u00f5es.<\/p>\n\n\n\n<p>No dia 28 de abril, na Secretaria de Educa\u00e7\u00e3o do munic\u00edpio, educadores da Rede receberam um curso de capacita\u00e7\u00e3o para aprenderem a administrar a nova tecnologia.<\/p>\n\n\n\n<p>A Secret\u00e1ria de educa\u00e7\u00e3o, Cl\u00e1udia Resende, afirma que a nova etapa de inser\u00e7\u00e3o do equipamento \u00e9 de extrema import\u00e2ncia para todos. \u201cCom a possibilidade dos pais saberem que os filhos est\u00e3o na escola e o hor\u00e1rio que entraram, o dia a dia dos respons\u00e1veis se torna mais tranquilo, pois saber\u00e3o que seus filhos estar\u00e3o seguros. Al\u00e9m disso, o novo m\u00e9todo auxilia a seguran\u00e7a que j\u00e1 \u00e9 efetiva dentro das nossas institui\u00e7\u00f5es\u201d, disse.<\/p>\n\n\n\n<p>Para Tatiane Ferraz, m\u00e3e de aluno, a nova fase que est\u00e1 sendo inserida a deixa mais tranquila. \u201cIsso \u00e9 maravilhoso! Saber que vou estar ciente de que meu filho est\u00e1 dentro da escola \u00e9 muito bom. Ainda vamos receber bilhetes e comunicados pelo aplicativo tamb\u00e9m, achei mais pr\u00e1tico, tecnol\u00f3gico. Muito bom, parab\u00e9ns, Prefeitura!\u201d, afirmou.<\/p>\n\n\n\n<p>Ainda nesta gest\u00e3o, foram adquiridos 400 tablets para as escolas do ensino fundamental do munic\u00edpio. Os equipamentos s\u00e3o utilizados dentro da sala de aula e inicialmente s\u00e3o destinados aos alunos dos anos finais, 6\u00ba ao 9\u00ba Ano. Esta ferramenta pedag\u00f3gica tem o objetivo de potencializar o aprendizado dos alunos.<\/p>\n\n\n\n<p><\/p>\n","protected":false},"excerpt":{"rendered":"<p>Entre outras a\u00e7\u00f5es, o sistema avisar\u00e1 aos respons\u00e1veis quando os alunos entrarem na institui\u00e7\u00e3o. Todas as escolas municipais receberam os equipamentos Levar ensino, conforto, seguran\u00e7a e praticidade para alunos e educadores \u00e9 prioridade para a atual gest\u00e3o. E uma das formas encontradas para melhorar o dia a dia na Rede Municipal de Educa\u00e7\u00e3o, foi com &hellip; <a href=\"https:\/\/arquivo.pedroleopoldo.mg.gov.br\/?p=22693\" class=\"more-link\">Continuar lendo <span class=\"screen-reader-text\">Prefeitura de Pedro Leopoldo inicia 2\u00aa etapa da implanta\u00e7\u00e3o do Reconhecimento Facial nas escolas<\/span><\/a><\/p>\n","protected":false},"author":1,"featured_media":22699,"comment_status":"closed","ping_status":"closed","sticky":false,"template":"","format":"standard","meta":{"footnotes":""},"categories":[4],"tags":[],"_links":{"self":[{"href":"https:\/\/arquivo.pedroleopoldo.mg.gov.br\/index.php?rest_route=\/wp\/v2\/posts\/22693"}],"collection":[{"href":"https:\/\/arquivo.pedroleopoldo.mg.gov.br\/index.php?rest_route=\/wp\/v2\/posts"}],"about":[{"href":"https:\/\/arquivo.pedroleopoldo.mg.gov.br\/index.php?rest_route=\/wp\/v2\/types\/post"}],"author":[{"embeddable":true,"href":"https:\/\/arquivo.pedroleopoldo.mg.gov.br\/index.php?rest_route=\/wp\/v2\/users\/1"}],"replies":[{"embeddable":true,"href":"https:\/\/arquivo.pedroleopoldo.mg.gov.br\/index.php?rest_route=%2Fwp%2Fv2%2Fcomments&post=22693"}],"version-history":[{"count":0,"href":"https:\/\/arquivo.pedroleopoldo.mg.gov.br\/index.php?rest_route=\/wp\/v2\/posts\/22693\/revisions"}],"wp:featuredmedia":[{"embeddable":true,"href":"https:\/\/arquivo.pedroleopoldo.mg.gov.br\/index.php?rest_route=\/wp\/v2\/media\/22699"}],"wp:attachment":[{"href":"https:\/\/arquivo.pedroleopoldo.mg.gov.br\/index.php?rest_route=%2Fwp%2Fv2%2Fmedia&parent=22693"}],"wp:term":[{"taxonomy":"category","embeddable":true,"href":"https:\/\/arquivo.pedroleopoldo.mg.gov.br\/index.php?rest_route=%2Fwp%2Fv2%2Fcategories&post=22693"},{"taxonomy":"post_tag","embeddable":true,"href":"https:\/\/arquivo.pedroleopoldo.mg.gov.br\/index.php?rest_route=%2Fwp%2Fv2%2Ftags&post=22693"}],"curies":[{"name":"wp","href":"https:\/\/api.w.org\/{rel}","templated":true}]}}