{"id":22625,"date":"2023-04-26T17:21:54","date_gmt":"2023-04-26T20:21:54","guid":{"rendered":"http:\/\/pedroleopoldo.mg.gov.br\/?p=22625"},"modified":"2023-04-26T17:21:59","modified_gmt":"2023-04-26T20:21:59","slug":"prefeitura-de-pedro-leopoldo-publica-a-programacao-da-festa-do-trabalhador-2023","status":"publish","type":"post","link":"https:\/\/arquivo.pedroleopoldo.mg.gov.br\/?p=22625","title":{"rendered":"Prefeitura de Pedro Leopoldo publica a programa\u00e7\u00e3o da Festa do Trabalhador 2023"},"content":{"rendered":"\n<p><em>O evento contar\u00e1 com apresenta\u00e7\u00e3o de artistas locais<\/em><\/p>\n\n\n\n<p>Com o objetivo de comemorar o Dia do Trabalhador, a Prefeitura de Pedro Leopoldo, por meio da Secretaria de Cultura, Lazer e Turismo, promove a partir do dia 30 de abril diversos shows, atra\u00e7\u00f5es e presta\u00e7\u00e3o de servi\u00e7os na Festa do Trabalhador, tanto na Regi\u00e3o Norte como no Centro! Tem servi\u00e7os de sa\u00fade (incluindo vacina\u00e7\u00e3o), Sine Itinerante, brinquedos para a meninada, muita m\u00fasica e comida boa, feirinha especial e at\u00e9 o Programa Prefeitura Presente! <\/p>\n\n\n\n<p>Confira a programa\u00e7\u00e3o completa, no link: https:\/\/www.instagram.com\/p\/CreV4CdOZJo\/?utm_source=ig_web_copy_link <\/p>\n\n\n\n<p>Um evento pensado em todos com o objetivo de trazer alegria para a popula\u00e7\u00e3o e para todos os trabalhadores.<\/p>\n\n\n\n<p>Prefeitura de Pedro Leopoldo, rumos aos 100 anos, trabalhando de verdade!<\/p>\n","protected":false},"excerpt":{"rendered":"<p>O evento contar\u00e1 com apresenta\u00e7\u00e3o de artistas locais Com o objetivo de comemorar o Dia do Trabalhador, a Prefeitura de Pedro Leopoldo, por meio da Secretaria de Cultura, Lazer e Turismo, promove a partir do dia 30 de abril diversos shows, atra\u00e7\u00f5es e presta\u00e7\u00e3o de servi\u00e7os na Festa do Trabalhador, tanto na Regi\u00e3o Norte como &hellip; <a href=\"https:\/\/arquivo.pedroleopoldo.mg.gov.br\/?p=22625\" class=\"more-link\">Continuar lendo <span class=\"screen-reader-text\">Prefeitura de Pedro Leopoldo publica a programa\u00e7\u00e3o da Festa do Trabalhador 2023<\/span><\/a><\/p>\n","protected":false},"author":1,"featured_media":20520,"comment_status":"closed","ping_status":"closed","sticky":false,"template":"","format":"standard","meta":{"footnotes":""},"categories":[4],"tags":[],"_links":{"self":[{"href":"https:\/\/arquivo.pedroleopoldo.mg.gov.br\/index.php?rest_route=\/wp\/v2\/posts\/22625"}],"collection":[{"href":"https:\/\/arquivo.pedroleopoldo.mg.gov.br\/index.php?rest_route=\/wp\/v2\/posts"}],"about":[{"href":"https:\/\/arquivo.pedroleopoldo.mg.gov.br\/index.php?rest_route=\/wp\/v2\/types\/post"}],"author":[{"embeddable":true,"href":"https:\/\/arquivo.pedroleopoldo.mg.gov.br\/index.php?rest_route=\/wp\/v2\/users\/1"}],"replies":[{"embeddable":true,"href":"https:\/\/arquivo.pedroleopoldo.mg.gov.br\/index.php?rest_route=%2Fwp%2Fv2%2Fcomments&post=22625"}],"version-history":[{"count":0,"href":"https:\/\/arquivo.pedroleopoldo.mg.gov.br\/index.php?rest_route=\/wp\/v2\/posts\/22625\/revisions"}],"wp:featuredmedia":[{"embeddable":true,"href":"https:\/\/arquivo.pedroleopoldo.mg.gov.br\/index.php?rest_route=\/wp\/v2\/media\/20520"}],"wp:attachment":[{"href":"https:\/\/arquivo.pedroleopoldo.mg.gov.br\/index.php?rest_route=%2Fwp%2Fv2%2Fmedia&parent=22625"}],"wp:term":[{"taxonomy":"category","embeddable":true,"href":"https:\/\/arquivo.pedroleopoldo.mg.gov.br\/index.php?rest_route=%2Fwp%2Fv2%2Fcategories&post=22625"},{"taxonomy":"post_tag","embeddable":true,"href":"https:\/\/arquivo.pedroleopoldo.mg.gov.br\/index.php?rest_route=%2Fwp%2Fv2%2Ftags&post=22625"}],"curies":[{"name":"wp","href":"https:\/\/api.w.org\/{rel}","templated":true}]}}