{"id":22613,"date":"2023-04-26T17:13:28","date_gmt":"2023-04-26T20:13:28","guid":{"rendered":"http:\/\/pedroleopoldo.mg.gov.br\/?p=22613"},"modified":"2023-04-26T17:13:34","modified_gmt":"2023-04-26T20:13:34","slug":"prefeitura-de-pedro-leopoldo-cumpre-compromisso-de-investir-cada-vez-mais-em-obras-e-educacao","status":"publish","type":"post","link":"https:\/\/arquivo.pedroleopoldo.mg.gov.br\/?p=22613","title":{"rendered":"Prefeitura de Pedro Leopoldo cumpre compromisso de investir cada vez mais em Obras e Educa\u00e7\u00e3o"},"content":{"rendered":"\n<h3 class=\"wp-block-heading\"><em>Conforto, seguran\u00e7a, economia e inclus\u00e3o s\u00e3o resultados do trabalho de verdade da atual gest\u00e3o<\/em><\/h3>\n\n\n\n<p>Construir um munic\u00edpio melhor para se viver implica em investimentos da administra\u00e7\u00e3o em todas os segmentos. A atual gest\u00e3o concede total apoio a todas as secretarias para que o cidad\u00e3o seja realmente atendido e valorizado. Destaque para Obras e Educa\u00e7\u00e3o que, assim como aos demais, tamb\u00e9m t\u00eam recebido total apoio do governo para expandir suas a\u00e7\u00f5es e trazer mais desenvolvimento para o munic\u00edpio e seus moradores. Toda esta aten\u00e7\u00e3o e cuidado da Prefeitura de Pedro Leopoldo podem ser notados nos resultados que s\u00e3o entregues diariamente \u00e0 popula\u00e7\u00e3o.<\/p>\n\n\n\n<p><strong>Investimento em obras<\/strong><\/p>\n\n\n\n<p>Pavimenta\u00e7\u00e3o e recapeamento s\u00e3o de suma import\u00e2ncia para a melhoria da mobilidade urbana. Com estes servi\u00e7os evita-se acidentes, al\u00e9m de oferecer comodidade aos motoristas e pedestres que transitam pelas vias. Por isso, a Prefeitura de Pedro Leopoldo, por meio da Secretaria de Obras e Servi\u00e7os P\u00fablicos, investe tanto nessas manuten\u00e7\u00f5es, com mais de 50 ruas j\u00e1 atendidas pelos servi\u00e7os, o que significa dezenas de quil\u00f4metros de asfalto novo.<\/p>\n\n\n\n<p>Al\u00e9m de pavimenta\u00e7\u00e3o e recapeamento, a opera\u00e7\u00e3o tapa-buraco \u00e9 realizada frequentemente em Pedro Leopoldo. O servi\u00e7o tem a fun\u00e7\u00e3o de reparar as vias e j\u00e1 atendeu cerca de 500 ruas.<\/p>\n\n\n\n<figure class=\"wp-block-image size-large\"><img decoding=\"async\" loading=\"lazy\" width=\"1024\" height=\"576\" src=\"http:\/\/pedroleopoldo.mg.gov.br\/wp-content\/uploads\/2023\/04\/WhatsApp-Image-2023-04-19-at-17.11.37-1-2.jpeg\" alt=\"\" class=\"wp-image-22618\" srcset=\"https:\/\/arquivo.pedroleopoldo.mg.gov.br\/wp-content\/uploads\/2023\/04\/WhatsApp-Image-2023-04-19-at-17.11.37-1-2.jpeg 1024w, https:\/\/arquivo.pedroleopoldo.mg.gov.br\/wp-content\/uploads\/2023\/04\/WhatsApp-Image-2023-04-19-at-17.11.37-1-2-300x169.jpeg 300w, https:\/\/arquivo.pedroleopoldo.mg.gov.br\/wp-content\/uploads\/2023\/04\/WhatsApp-Image-2023-04-19-at-17.11.37-1-2-768x432.jpeg 768w\" sizes=\"(max-width: 1024px) 100vw, 1024px\" \/><\/figure>\n\n\n\n<p><strong>Desenvolvimento para empresas<\/strong><\/p>\n\n\n\n<p>Um dos setores beneficiados por esse trabalho \u00e9 o empresarial. De acordo com o empres\u00e1rio Ismael, a pavimenta\u00e7\u00e3o da rua Geraldo dos Anjos, no bairro Coqueirinho,&nbsp; trar\u00e1 mais lucro para seu neg\u00f3cio e comodidade para seus clientes.<\/p>\n\n\n\n<p>\u201cAgora que a rua foi pavimentada, tenho mais possibilidades de crescer meu neg\u00f3cio, meus clientes ficar\u00e3o mais \u00e0 vontade e acredito que em \u00e9poca de chuva n\u00e3o teremos as complica\u00e7\u00f5es que t\u00ednhamos. Gostaria de agradecer a Prefeitura por isso\u201d\u00a0 disse.<\/p>\n\n\n\n<figure class=\"wp-block-image\"><img decoding=\"async\" src=\"https:\/\/trello.com\/1\/cards\/6446e29937d640fc5307d643\/attachments\/64493fa3db6db1f6e6309bd4\/previews\/64493fa4db6db1f6e6309bde\/download\/Geraldo_Dos_Anjos.jpeg\" alt=\"Geraldo Dos Anjos.jpeg\"\/><\/figure>\n\n\n\n<p><strong>Mais qualidade no dia a dia do morador<\/strong><\/p>\n\n\n\n<p>O dia a dia dos pedroleopoldenses tamb\u00e9m foi beneficiado pelas manuten\u00e7\u00f5es das ruas. O Sr. Geraldo de Oliveira, morador da rua Jos\u00e9 Cervo, no bairro Morada dos Angicos, afirmou que este servi\u00e7o, al\u00e9m de trazer comodidade, trouxe seguran\u00e7a.<\/p>\n\n\n\n<p>\u201cNa minha rua antigamente era muito dif\u00edcil sair com a minha bicicleta, principalmente em \u00e9poca de chuva. O cuidado tinha que ser redobrado para eu n\u00e3o cair, pois abriam bastante buracos. Ent\u00e3o, gra\u00e7as a Deus, com o asfalto novo, minha vida e de todos os moradores ser\u00e1 beneficiada. Inclusive, a ilumina\u00e7\u00e3o de Led tamb\u00e9m chegou aqui, era tudo o que a gente precisava\u201d, Geraldo de Oliveira Lima, morador da rua Jos\u00e9 Cervo Batista, bairro Morada dos Angicos.<\/p>\n\n\n\n<p><strong>Mais Seguran\u00e7a, Liberdade e Economia<\/strong><\/p>\n\n\n\n<p>Buscar m\u00e9todos eficazes de seguran\u00e7a para a popula\u00e7\u00e3o \u00e9 um trabalho di\u00e1rio realizado pela Prefeitura de Pedro Leopoldo, e uma das a\u00e7\u00f5es neste sentido foi a implanta\u00e7\u00e3o de l\u00e2mpadas de Led. A tecnologia, al\u00e9m de clarear mais o ambiente, \u00e9 mais duradoura e econ\u00f4mica. Cerca de 80% do munic\u00edpio j\u00e1 conta com a nova ilumina\u00e7\u00e3o.<\/p>\n\n\n\n<p>De acordo com relatos obtidos de moradores, as novas l\u00e2mpadas oferecem mais liberdade e seguran\u00e7a no dia a dia da popula\u00e7\u00e3o. \u201cAntes eu trazia meus filhos para brincar na Pra\u00e7a Tancredo Neves, mas fic\u00e1vamos bem pouco. Hoje, com a pra\u00e7a totalmente iluminada, o tempo passa e nem percebemos, quando vamos ver j\u00e1 s\u00e3o dez da noite\u201d, disse Karina Francisca, moradora do Centro.<\/p>\n\n\n\n<p>Quem corrobora da opini\u00e3o da Karina \u00e9 o Edgar. &#8220;A ilumina\u00e7\u00e3o para n\u00f3s foi boa demais, ficou 100%, melhorou muito mesmo. A cidade \u00e9 outra! Ficou mais seguro para n\u00f3s, nos sentimos mais protegidos\u201d, comentou Edgar Pereira, morador do bairro Maria C\u00e2ndida.<\/p>\n\n\n\n<figure class=\"wp-block-image\"><img decoding=\"async\" src=\"https:\/\/trello.com\/1\/cards\/6446e29937d640fc5307d643\/attachments\/64495a63682ec33db8eddcaa\/previews\/64495a64682ec33db8edded7\/download\/WhatsApp_Image_2023-04-26_at_14.07.19.jpeg.jpg\" alt=\"WhatsApp Image 2023-04-26 at 14.07.19.jpeg\"\/><\/figure>\n\n\n\n<p><strong>Educa\u00e7\u00e3o e Inclus\u00e3o<\/strong><\/p>\n\n\n\n<p>Tornar Pedro Leopoldo uma cidade mais inclusiva \u00e9 um compromisso da atual administra\u00e7\u00e3o com os moradores. Parte desse compromisso est\u00e1 sendo realizado por meio da reativa\u00e7\u00e3o e ativa\u00e7\u00e3o de diversos Conselhos Municipais, implanta\u00e7\u00e3o das Salas de Recursos Multifuncionais nas escolas e emiss\u00e3o da Carteirinha do Portador de Transtorno do Espectro Autista (TEA), entre outros.<\/p>\n\n\n\n<p>Para Marcilene Eug\u00eania, moradora do bairro Santo Ant\u00f4nio, m\u00e3e de aluna da Sala de Recurso, \u00e9 muito importante o espa\u00e7o que foi inaugurado na Escola Municipal Jos\u00e9 Elias Costa. \u201cEssa sala vai agregar mais na educa\u00e7\u00e3o e no desenvolvimento da Izabele. Antes ela era atendida pelo Nape, da Secretaria de Educa\u00e7\u00e3o, e hoje, aqui perto de casa, vai ficar bem mais f\u00e1cil o nosso dia a dia. A educa\u00e7\u00e3o inclusiva em Pedro Leopoldo tem ajudado muito a minha filha. Ela j\u00e1 desenvolveu muito depois que come\u00e7ou as aulas especiais. Agrade\u00e7o muito a Prefeitura por esse feito\u201d, disse.<\/p>\n\n\n\n<figure class=\"wp-block-image\"><img decoding=\"async\" src=\"https:\/\/trello.com\/1\/cards\/6446e29937d640fc5307d643\/attachments\/6448029b82657fedf13255aa\/previews\/6448029c82657fedf1325d00\/download\/Sala_de_Inclus%C3%A3o.jpeg.jpg\" alt=\"Sala de Inclus\u00e3o.jpeg\"\/><\/figure>\n\n\n\n<p><strong>Entrega de Kits Escolares<\/strong><\/p>\n\n\n\n<p>Em 2023, a Prefeitura de Pedro Leopoldo, entregou mais de 7.000 kits escolares, com tudo que os alunos precisam para a rotina escolar. Alguns dos materiais inclusos s\u00e3o l\u00e1pis, borracha, caneta, cadernos e mochila. Al\u00e9m disso, o uniforme completo tamb\u00e9m foi entregue para todos os alunos das Escolas Municipais.<\/p>\n\n\n\n<p>Paula Adryana, m\u00e3e de alunos da Escola Municipal Dona Nhazinha e Pedro Leopoldo, diz ter ganho uma surpresa no in\u00edcio do ano. \u201cTive uma surpresa quando recebi a not\u00edcia de que meus filhos iriam receber os kits e uniformes! O gasto no in\u00edcio do ano \u00e9 sempre grande com material escolar, ainda mais para duas crian\u00e7as. Esse apoio da Prefeitura foi fundamental para a nossa fam\u00edlia\u201d, comemorou.<\/p>\n\n\n\n<p>A Prefeitura de Pedro Leopoldo trabalha e se esfor\u00e7a\u00a0 em todas as \u00e1reas do munic\u00edpio, para assim, fazer uma cidade melhor para todos.<\/p>\n\n\n\n<figure class=\"wp-block-image\"><img decoding=\"async\" src=\"https:\/\/trello.com\/1\/cards\/6446e29937d640fc5307d643\/attachments\/644803e6019f10a8852874af\/previews\/644803e6019f10a8852874bc\/download\/Kits_Escolares_3.jpeg.jpg\" alt=\"Kits Escolares 3.jpeg\"\/><\/figure>\n\n\n\n<p><\/p>\n","protected":false},"excerpt":{"rendered":"<p>Conforto, seguran\u00e7a, economia e inclus\u00e3o s\u00e3o resultados do trabalho de verdade da atual gest\u00e3o Construir um munic\u00edpio melhor para se viver implica em investimentos da administra\u00e7\u00e3o em todas os segmentos. A atual gest\u00e3o concede total apoio a todas as secretarias para que o cidad\u00e3o seja realmente atendido e valorizado. Destaque para Obras e Educa\u00e7\u00e3o que, &hellip; <a href=\"https:\/\/arquivo.pedroleopoldo.mg.gov.br\/?p=22613\" class=\"more-link\">Continuar lendo <span class=\"screen-reader-text\">Prefeitura de Pedro Leopoldo cumpre compromisso de investir cada vez mais em Obras e Educa\u00e7\u00e3o<\/span><\/a><\/p>\n","protected":false},"author":1,"featured_media":22619,"comment_status":"closed","ping_status":"closed","sticky":false,"template":"","format":"standard","meta":{"footnotes":""},"categories":[4],"tags":[],"_links":{"self":[{"href":"https:\/\/arquivo.pedroleopoldo.mg.gov.br\/index.php?rest_route=\/wp\/v2\/posts\/22613"}],"collection":[{"href":"https:\/\/arquivo.pedroleopoldo.mg.gov.br\/index.php?rest_route=\/wp\/v2\/posts"}],"about":[{"href":"https:\/\/arquivo.pedroleopoldo.mg.gov.br\/index.php?rest_route=\/wp\/v2\/types\/post"}],"author":[{"embeddable":true,"href":"https:\/\/arquivo.pedroleopoldo.mg.gov.br\/index.php?rest_route=\/wp\/v2\/users\/1"}],"replies":[{"embeddable":true,"href":"https:\/\/arquivo.pedroleopoldo.mg.gov.br\/index.php?rest_route=%2Fwp%2Fv2%2Fcomments&post=22613"}],"version-history":[{"count":0,"href":"https:\/\/arquivo.pedroleopoldo.mg.gov.br\/index.php?rest_route=\/wp\/v2\/posts\/22613\/revisions"}],"wp:featuredmedia":[{"embeddable":true,"href":"https:\/\/arquivo.pedroleopoldo.mg.gov.br\/index.php?rest_route=\/wp\/v2\/media\/22619"}],"wp:attachment":[{"href":"https:\/\/arquivo.pedroleopoldo.mg.gov.br\/index.php?rest_route=%2Fwp%2Fv2%2Fmedia&parent=22613"}],"wp:term":[{"taxonomy":"category","embeddable":true,"href":"https:\/\/arquivo.pedroleopoldo.mg.gov.br\/index.php?rest_route=%2Fwp%2Fv2%2Fcategories&post=22613"},{"taxonomy":"post_tag","embeddable":true,"href":"https:\/\/arquivo.pedroleopoldo.mg.gov.br\/index.php?rest_route=%2Fwp%2Fv2%2Ftags&post=22613"}],"curies":[{"name":"wp","href":"https:\/\/api.w.org\/{rel}","templated":true}]}}