{"id":22444,"date":"2023-03-29T17:07:03","date_gmt":"2023-03-29T20:07:03","guid":{"rendered":"http:\/\/pedroleopoldo.mg.gov.br\/?p=22444"},"modified":"2023-03-29T17:07:07","modified_gmt":"2023-03-29T20:07:07","slug":"prefeitura-de-pedro-leopoldo-torna-chico-xavier-patrimonio-imaterial-do-municipio","status":"publish","type":"post","link":"https:\/\/arquivo.pedroleopoldo.mg.gov.br\/?p=22444","title":{"rendered":"Prefeitura de Pedro Leopoldo torna Chico Xavier patrim\u00f4nio imaterial do munic\u00edpio"},"content":{"rendered":"\n<p>\u2018<em>Chico Xavier se constituiu como elemento aglutinador de um tra\u00e7o da mem\u00f3ria coletiva, que se materializa em diferentes espa\u00e7os da cidade\u2019, diz o decreto. Iniciativa da atual gest\u00e3o visa valorizar e preservar a hist\u00f3ria do m\u00e9dium nascido em Pedro Leopoldo\u00a0<\/em><\/p>\n\n\n\n<p>Com a chegada do dia 02 de abril, anivers\u00e1rio do m\u00e9dium Francisco C\u00e2ndido Xavier, a Prefeitura de Pedro Leopoldo, por meio da Secretaria Municipal de Cultura, Lazer e Turismo, resolveu, por meio de um decreto assinado pela representante do executivo, Eloisa Helena, declarar Chico como Patrim\u00f4nio Cultural Imaterial do munic\u00edpio. Chico Xavier nasceu em Pedro Leopoldo, no dia 02 de abril de 1910, foi m\u00e9dium, filantropo e escreveu cerca de 450 livros, sendo vendidos mais de 50 milh\u00f5es de exemplares de suas obras.<\/p>\n\n\n\n<p>De acordo com o decreto municipal, o registro de Chico Xavier no Livro dos Saberes, justifica-se ainda pelo fato de que a sua hist\u00f3ria se entrela\u00e7a \u00e0 pr\u00f3pria hist\u00f3ria e desenvolvimento de Pedro Leopoldo, e que, neste sentido, as mem\u00f3rias do m\u00e9dium, e seus saberes voltados \u00e0 espiritualidade, caridade e aos princ\u00edpios crist\u00e3os, o tornam Patrim\u00f4nio Imaterial de Pedro Leopoldo.&nbsp;\u201cA figura do Chico Xavier agrega pessoas de diferentes segmentos, religiosos ou n\u00e3o. Ter ele como cidad\u00e3o que nasceu e constituiu uma hist\u00f3ria em nossa cidade \u00e9 motivo de muito orgulho.&nbsp;Nada mais&nbsp;justo com&nbsp;esta grande personalidade, seus&nbsp;admiradores&nbsp;e moradores do nosso munic\u00edpio, torn\u00e1-lo Patrim\u00f4nio da cidade\u201d, comentou a Prefeita Eloisa Helena.<\/p>\n\n\n\n<p>E neste fim de semana, entre os dias 31\/03 e 02\/04, acontece a 5\u00aa edi\u00e7\u00e3o do Festival de Luz, realizado pela Prefeitura Pedro Leopoldo e pela Funda\u00e7\u00e3o Cultural Chico Xavier, que tem por objetivo celebrar a vida e obras do m\u00e9dium. O evento \u00e9 gratuito e acontece na pra\u00e7a da Esta\u00e7\u00e3o, com diversas atra\u00e7\u00f5es, dentre elas, show do cantor e compositor Lenine.<\/p>\n\n\n\n<figure class=\"wp-block-image size-large\"><img decoding=\"async\" loading=\"lazy\" width=\"1024\" height=\"768\" src=\"http:\/\/pedroleopoldo.mg.gov.br\/wp-content\/uploads\/2023\/03\/WhatsApp-Image-2023-03-28-at-16.02.26-1-1024x768.jpeg\" alt=\"\" class=\"wp-image-22445\" srcset=\"https:\/\/arquivo.pedroleopoldo.mg.gov.br\/wp-content\/uploads\/2023\/03\/WhatsApp-Image-2023-03-28-at-16.02.26-1-1024x768.jpeg 1024w, https:\/\/arquivo.pedroleopoldo.mg.gov.br\/wp-content\/uploads\/2023\/03\/WhatsApp-Image-2023-03-28-at-16.02.26-1-300x225.jpeg 300w, https:\/\/arquivo.pedroleopoldo.mg.gov.br\/wp-content\/uploads\/2023\/03\/WhatsApp-Image-2023-03-28-at-16.02.26-1-768x576.jpeg 768w, https:\/\/arquivo.pedroleopoldo.mg.gov.br\/wp-content\/uploads\/2023\/03\/WhatsApp-Image-2023-03-28-at-16.02.26-1-1536x1152.jpeg 1536w, https:\/\/arquivo.pedroleopoldo.mg.gov.br\/wp-content\/uploads\/2023\/03\/WhatsApp-Image-2023-03-28-at-16.02.26-1.jpeg 1600w\" sizes=\"(max-width: 1024px) 100vw, 1024px\" \/><\/figure>\n\n\n\n<p><\/p>\n","protected":false},"excerpt":{"rendered":"<p>\u2018Chico Xavier se constituiu como elemento aglutinador de um tra\u00e7o da mem\u00f3ria coletiva, que se materializa em diferentes espa\u00e7os da cidade\u2019, diz o decreto. Iniciativa da atual gest\u00e3o visa valorizar e preservar a hist\u00f3ria do m\u00e9dium nascido em Pedro Leopoldo\u00a0 Com a chegada do dia 02 de abril, anivers\u00e1rio do m\u00e9dium Francisco C\u00e2ndido Xavier, a &hellip; <a href=\"https:\/\/arquivo.pedroleopoldo.mg.gov.br\/?p=22444\" class=\"more-link\">Continuar lendo <span class=\"screen-reader-text\">Prefeitura de Pedro Leopoldo torna Chico Xavier patrim\u00f4nio imaterial do munic\u00edpio<\/span><\/a><\/p>\n","protected":false},"author":1,"featured_media":22445,"comment_status":"closed","ping_status":"closed","sticky":false,"template":"","format":"standard","meta":{"footnotes":""},"categories":[4],"tags":[],"_links":{"self":[{"href":"https:\/\/arquivo.pedroleopoldo.mg.gov.br\/index.php?rest_route=\/wp\/v2\/posts\/22444"}],"collection":[{"href":"https:\/\/arquivo.pedroleopoldo.mg.gov.br\/index.php?rest_route=\/wp\/v2\/posts"}],"about":[{"href":"https:\/\/arquivo.pedroleopoldo.mg.gov.br\/index.php?rest_route=\/wp\/v2\/types\/post"}],"author":[{"embeddable":true,"href":"https:\/\/arquivo.pedroleopoldo.mg.gov.br\/index.php?rest_route=\/wp\/v2\/users\/1"}],"replies":[{"embeddable":true,"href":"https:\/\/arquivo.pedroleopoldo.mg.gov.br\/index.php?rest_route=%2Fwp%2Fv2%2Fcomments&post=22444"}],"version-history":[{"count":0,"href":"https:\/\/arquivo.pedroleopoldo.mg.gov.br\/index.php?rest_route=\/wp\/v2\/posts\/22444\/revisions"}],"wp:featuredmedia":[{"embeddable":true,"href":"https:\/\/arquivo.pedroleopoldo.mg.gov.br\/index.php?rest_route=\/wp\/v2\/media\/22445"}],"wp:attachment":[{"href":"https:\/\/arquivo.pedroleopoldo.mg.gov.br\/index.php?rest_route=%2Fwp%2Fv2%2Fmedia&parent=22444"}],"wp:term":[{"taxonomy":"category","embeddable":true,"href":"https:\/\/arquivo.pedroleopoldo.mg.gov.br\/index.php?rest_route=%2Fwp%2Fv2%2Fcategories&post=22444"},{"taxonomy":"post_tag","embeddable":true,"href":"https:\/\/arquivo.pedroleopoldo.mg.gov.br\/index.php?rest_route=%2Fwp%2Fv2%2Ftags&post=22444"}],"curies":[{"name":"wp","href":"https:\/\/api.w.org\/{rel}","templated":true}]}}