{"id":22426,"date":"2023-03-29T17:01:04","date_gmt":"2023-03-29T20:01:04","guid":{"rendered":"http:\/\/pedroleopoldo.mg.gov.br\/?p=22426"},"modified":"2023-03-30T14:44:38","modified_gmt":"2023-03-30T17:44:38","slug":"programa-prefeitura-presente-tem-otima-aceitacao-da-populacao","status":"publish","type":"post","link":"https:\/\/arquivo.pedroleopoldo.mg.gov.br\/?p=22426","title":{"rendered":"Programa Prefeitura Presente tem \u00f3tima aceita\u00e7\u00e3o da popula\u00e7\u00e3o"},"content":{"rendered":"\n<p><em>Moradores do&nbsp;Bairro Lagoa de Santo Ant\u00f4nio elogiaram a iniciativa do executivo, que deu in\u00edcio ao programa na regi\u00e3o&nbsp;Norte. O \u201cPrefeitura Presente\u201d tem o objetivo de aproximar o governo da popula\u00e7\u00e3o, dando f\u00e1cil acesso&nbsp;\u00e0 solicita\u00e7\u00e3o de&nbsp;demandas<\/em><\/p>\n\n\n\n<p>Uma iniciativa da Prefeitura de Pedro Leopoldo, por meio da Secretaria Municipal de Comunica\u00e7\u00e3o e Ouvidoria, tem aproximado o poder executivo da popula\u00e7\u00e3o com o novo programa \u201cPrefeitura Presente\u201d, que come\u00e7ou na \u00faltima sexta-feira, 24 de mar\u00e7o. O primeiro bairro a ser contemplado foi o Lagoa de Santo Ant\u00f4nio, na regi\u00e3o norte do munic\u00edpio. O programa consiste no deslocamento de&nbsp;representantes&nbsp;do governo municipal at\u00e9&nbsp;uma regi\u00e3o&nbsp;da cidade, com o objetivo de colher reivindica\u00e7\u00f5es e estar mais pr\u00f3ximo da popula\u00e7\u00e3o local para a resolu\u00e7\u00e3o das demandas.&nbsp;\u201cUma equipe se desloca at\u00e9&nbsp;um&nbsp;bairro pr\u00e9-definido&nbsp;e divulgado e recebe, in loco,&nbsp;o morador, que repassa a necessidade de sua rua ou do bairro de um modo geral. Colhemos todos os dados, checamos&nbsp;a viabilidade financeira e legal&nbsp;com as secretarias que s\u00e3o respons\u00e1veis por determinada demanda e retornamos&nbsp;ao solicitante com a resposta. A gente espera ter uma resposta positiva para todos, e vamos trabalhar para isso. O programa visa ainda chegar at\u00e9&nbsp;aqueles que t\u00eam uma certa dificuldade no acesso \u00e0s redes sociais e at\u00e9 mesmo ao pr\u00f3prio pr\u00e9dio municipal\u201d,&nbsp;explicou&nbsp;a Prefeita Eloisa Helena.<\/p>\n\n\n\n<p>Camila Cristina,&nbsp;moradora de Lagoa de Santo Ant\u00f4nio,&nbsp;falou sobre o que achou da iniciativa: &#8220;\u00c9 muito interessante, muito legal todo este trabalho da Prefeitura, porque precisamos trazer essa voz para as pessoas.&nbsp;Gentilmente, a Prefeitura nos deu a oportunidade de vir at\u00e9 aqui para falarmos de nossas necessidades. Tudo que \u00e9 bom pode melhorar. Ent\u00e3o, devemos aproveitar este momento\u201d,&nbsp;avaliou.<\/p>\n\n\n\n<p>J\u00e1 outra moradora, Rita Ara\u00fajo, fez quest\u00e3o de destacar o bom trabalho que \u00e9 feito no PA regional da Lagoa. \u201cEmbora este momento seja para que possamos trazer nossos desejos e anseios, eu gostaria de elogiar o PA da Lagoa. Depois que ele veio pra c\u00e1 facilitou muito a nossa vida.&nbsp;Antes t\u00ednhamos que nos deslocar at\u00e9 o&nbsp;Centro da cidade e agora com um Pronto Atendimento nosso, perto de casa, ficou muito bacana! E com rela\u00e7\u00e3o ao &#8216;Prefeitura Presente&#8217;, \u00e9 uma iniciativa excelente e espero que tudo venha a dar certo\u201d, disse.<\/p>\n\n\n\n<p>Na primeira edi\u00e7\u00e3o do Programa foram recolhidas cerca de 40 demandas da popula\u00e7\u00e3o.\u00a0A\u00a0previs\u00e3o \u00e9 que o pr\u00f3ximo \u201cPrefeitura Presente\u201d\u00a0seja no distrito de Vera Cruz de Minas, com data que ainda ser\u00e1 divulgada pelas redes sociais do executivo e imprensa local.<\/p>\n\n\n\n<figure class=\"wp-block-gallery columns-3 is-cropped wp-block-gallery-1 is-layout-flex wp-block-gallery-is-layout-flex\"><ul class=\"blocks-gallery-grid\"><li class=\"blocks-gallery-item\"><figure><img decoding=\"async\" loading=\"lazy\" width=\"1024\" height=\"683\" src=\"http:\/\/pedroleopoldo.mg.gov.br\/wp-content\/uploads\/2023\/03\/DSC05666-1024x683.jpg\" alt=\"\" data-id=\"22439\" data-full-url=\"http:\/\/pedroleopoldo.mg.gov.br\/wp-content\/uploads\/2023\/03\/DSC05666-scaled.jpg\" data-link=\"http:\/\/pedroleopoldo.mg.gov.br\/?attachment_id=22439\" class=\"wp-image-22439\" srcset=\"https:\/\/arquivo.pedroleopoldo.mg.gov.br\/wp-content\/uploads\/2023\/03\/DSC05666-1024x683.jpg 1024w, https:\/\/arquivo.pedroleopoldo.mg.gov.br\/wp-content\/uploads\/2023\/03\/DSC05666-300x200.jpg 300w, https:\/\/arquivo.pedroleopoldo.mg.gov.br\/wp-content\/uploads\/2023\/03\/DSC05666-768x512.jpg 768w, https:\/\/arquivo.pedroleopoldo.mg.gov.br\/wp-content\/uploads\/2023\/03\/DSC05666-1536x1024.jpg 1536w, https:\/\/arquivo.pedroleopoldo.mg.gov.br\/wp-content\/uploads\/2023\/03\/DSC05666-2048x1365.jpg 2048w\" sizes=\"(max-width: 1024px) 100vw, 1024px\" \/><\/figure><\/li><li class=\"blocks-gallery-item\"><figure><img decoding=\"async\" loading=\"lazy\" width=\"1024\" height=\"683\" src=\"http:\/\/pedroleopoldo.mg.gov.br\/wp-content\/uploads\/2023\/03\/DSC05508-1024x683.jpg\" alt=\"\" data-id=\"22429\" data-full-url=\"http:\/\/pedroleopoldo.mg.gov.br\/wp-content\/uploads\/2023\/03\/DSC05508-scaled.jpg\" data-link=\"http:\/\/pedroleopoldo.mg.gov.br\/?attachment_id=22429\" class=\"wp-image-22429\" srcset=\"https:\/\/arquivo.pedroleopoldo.mg.gov.br\/wp-content\/uploads\/2023\/03\/DSC05508-1024x683.jpg 1024w, https:\/\/arquivo.pedroleopoldo.mg.gov.br\/wp-content\/uploads\/2023\/03\/DSC05508-300x200.jpg 300w, https:\/\/arquivo.pedroleopoldo.mg.gov.br\/wp-content\/uploads\/2023\/03\/DSC05508-768x512.jpg 768w, https:\/\/arquivo.pedroleopoldo.mg.gov.br\/wp-content\/uploads\/2023\/03\/DSC05508-1536x1024.jpg 1536w, https:\/\/arquivo.pedroleopoldo.mg.gov.br\/wp-content\/uploads\/2023\/03\/DSC05508-2048x1365.jpg 2048w\" sizes=\"(max-width: 1024px) 100vw, 1024px\" \/><\/figure><\/li><li class=\"blocks-gallery-item\"><figure><img decoding=\"async\" loading=\"lazy\" width=\"1024\" height=\"683\" src=\"http:\/\/pedroleopoldo.mg.gov.br\/wp-content\/uploads\/2023\/03\/DSC05524-1024x683.jpg\" alt=\"\" data-id=\"22430\" data-full-url=\"http:\/\/pedroleopoldo.mg.gov.br\/wp-content\/uploads\/2023\/03\/DSC05524-scaled.jpg\" data-link=\"http:\/\/pedroleopoldo.mg.gov.br\/?attachment_id=22430\" class=\"wp-image-22430\" srcset=\"https:\/\/arquivo.pedroleopoldo.mg.gov.br\/wp-content\/uploads\/2023\/03\/DSC05524-1024x683.jpg 1024w, https:\/\/arquivo.pedroleopoldo.mg.gov.br\/wp-content\/uploads\/2023\/03\/DSC05524-300x200.jpg 300w, https:\/\/arquivo.pedroleopoldo.mg.gov.br\/wp-content\/uploads\/2023\/03\/DSC05524-768x512.jpg 768w, https:\/\/arquivo.pedroleopoldo.mg.gov.br\/wp-content\/uploads\/2023\/03\/DSC05524-1536x1024.jpg 1536w, https:\/\/arquivo.pedroleopoldo.mg.gov.br\/wp-content\/uploads\/2023\/03\/DSC05524-2048x1365.jpg 2048w\" sizes=\"(max-width: 1024px) 100vw, 1024px\" \/><\/figure><\/li><li class=\"blocks-gallery-item\"><figure><img decoding=\"async\" loading=\"lazy\" width=\"1024\" height=\"683\" src=\"http:\/\/pedroleopoldo.mg.gov.br\/wp-content\/uploads\/2023\/03\/DSC05637-1024x683.jpg\" alt=\"\" data-id=\"22431\" data-full-url=\"http:\/\/pedroleopoldo.mg.gov.br\/wp-content\/uploads\/2023\/03\/DSC05637-scaled.jpg\" data-link=\"http:\/\/pedroleopoldo.mg.gov.br\/?attachment_id=22431\" class=\"wp-image-22431\" srcset=\"https:\/\/arquivo.pedroleopoldo.mg.gov.br\/wp-content\/uploads\/2023\/03\/DSC05637-1024x683.jpg 1024w, https:\/\/arquivo.pedroleopoldo.mg.gov.br\/wp-content\/uploads\/2023\/03\/DSC05637-300x200.jpg 300w, https:\/\/arquivo.pedroleopoldo.mg.gov.br\/wp-content\/uploads\/2023\/03\/DSC05637-768x512.jpg 768w, https:\/\/arquivo.pedroleopoldo.mg.gov.br\/wp-content\/uploads\/2023\/03\/DSC05637-1536x1024.jpg 1536w, https:\/\/arquivo.pedroleopoldo.mg.gov.br\/wp-content\/uploads\/2023\/03\/DSC05637-2048x1365.jpg 2048w\" sizes=\"(max-width: 1024px) 100vw, 1024px\" \/><\/figure><\/li><li class=\"blocks-gallery-item\"><figure><img decoding=\"async\" loading=\"lazy\" width=\"683\" height=\"1024\" src=\"http:\/\/pedroleopoldo.mg.gov.br\/wp-content\/uploads\/2023\/03\/DSC05582-683x1024.jpg\" alt=\"\" data-id=\"22434\" data-full-url=\"http:\/\/pedroleopoldo.mg.gov.br\/wp-content\/uploads\/2023\/03\/DSC05582-scaled.jpg\" data-link=\"http:\/\/pedroleopoldo.mg.gov.br\/?attachment_id=22434\" class=\"wp-image-22434\" srcset=\"https:\/\/arquivo.pedroleopoldo.mg.gov.br\/wp-content\/uploads\/2023\/03\/DSC05582-683x1024.jpg 683w, https:\/\/arquivo.pedroleopoldo.mg.gov.br\/wp-content\/uploads\/2023\/03\/DSC05582-200x300.jpg 200w, https:\/\/arquivo.pedroleopoldo.mg.gov.br\/wp-content\/uploads\/2023\/03\/DSC05582-768x1152.jpg 768w, https:\/\/arquivo.pedroleopoldo.mg.gov.br\/wp-content\/uploads\/2023\/03\/DSC05582-1024x1536.jpg 1024w, https:\/\/arquivo.pedroleopoldo.mg.gov.br\/wp-content\/uploads\/2023\/03\/DSC05582-1365x2048.jpg 1365w, https:\/\/arquivo.pedroleopoldo.mg.gov.br\/wp-content\/uploads\/2023\/03\/DSC05582-scaled.jpg 1707w\" sizes=\"(max-width: 683px) 100vw, 683px\" \/><\/figure><\/li><li class=\"blocks-gallery-item\"><figure><img decoding=\"async\" loading=\"lazy\" width=\"764\" height=\"1024\" src=\"http:\/\/pedroleopoldo.mg.gov.br\/wp-content\/uploads\/2023\/03\/DSC05487-764x1024.jpg\" alt=\"\" data-id=\"22438\" data-full-url=\"http:\/\/pedroleopoldo.mg.gov.br\/wp-content\/uploads\/2023\/03\/DSC05487-scaled.jpg\" data-link=\"http:\/\/pedroleopoldo.mg.gov.br\/?attachment_id=22438\" class=\"wp-image-22438\" srcset=\"https:\/\/arquivo.pedroleopoldo.mg.gov.br\/wp-content\/uploads\/2023\/03\/DSC05487-764x1024.jpg 764w, https:\/\/arquivo.pedroleopoldo.mg.gov.br\/wp-content\/uploads\/2023\/03\/DSC05487-224x300.jpg 224w, https:\/\/arquivo.pedroleopoldo.mg.gov.br\/wp-content\/uploads\/2023\/03\/DSC05487-768x1029.jpg 768w, https:\/\/arquivo.pedroleopoldo.mg.gov.br\/wp-content\/uploads\/2023\/03\/DSC05487-1146x1536.jpg 1146w, https:\/\/arquivo.pedroleopoldo.mg.gov.br\/wp-content\/uploads\/2023\/03\/DSC05487-1528x2048.jpg 1528w, https:\/\/arquivo.pedroleopoldo.mg.gov.br\/wp-content\/uploads\/2023\/03\/DSC05487-scaled.jpg 1910w\" sizes=\"(max-width: 764px) 100vw, 764px\" \/><\/figure><\/li><li class=\"blocks-gallery-item\"><figure><img decoding=\"async\" loading=\"lazy\" width=\"1024\" height=\"683\" src=\"http:\/\/pedroleopoldo.mg.gov.br\/wp-content\/uploads\/2023\/03\/DSC05565-1024x683.jpg\" alt=\"\" data-id=\"22433\" data-full-url=\"http:\/\/pedroleopoldo.mg.gov.br\/wp-content\/uploads\/2023\/03\/DSC05565-scaled.jpg\" data-link=\"http:\/\/pedroleopoldo.mg.gov.br\/?attachment_id=22433\" class=\"wp-image-22433\" srcset=\"https:\/\/arquivo.pedroleopoldo.mg.gov.br\/wp-content\/uploads\/2023\/03\/DSC05565-1024x683.jpg 1024w, https:\/\/arquivo.pedroleopoldo.mg.gov.br\/wp-content\/uploads\/2023\/03\/DSC05565-300x200.jpg 300w, https:\/\/arquivo.pedroleopoldo.mg.gov.br\/wp-content\/uploads\/2023\/03\/DSC05565-768x512.jpg 768w, https:\/\/arquivo.pedroleopoldo.mg.gov.br\/wp-content\/uploads\/2023\/03\/DSC05565-1536x1024.jpg 1536w, https:\/\/arquivo.pedroleopoldo.mg.gov.br\/wp-content\/uploads\/2023\/03\/DSC05565-2048x1365.jpg 2048w\" sizes=\"(max-width: 1024px) 100vw, 1024px\" \/><\/figure><\/li><\/ul><\/figure>\n","protected":false},"excerpt":{"rendered":"<p>Moradores do&nbsp;Bairro Lagoa de Santo Ant\u00f4nio elogiaram a iniciativa do executivo, que deu in\u00edcio ao programa na regi\u00e3o&nbsp;Norte. O \u201cPrefeitura Presente\u201d tem o objetivo de aproximar o governo da popula\u00e7\u00e3o, dando f\u00e1cil acesso&nbsp;\u00e0 solicita\u00e7\u00e3o de&nbsp;demandas Uma iniciativa da Prefeitura de Pedro Leopoldo, por meio da Secretaria Municipal de Comunica\u00e7\u00e3o e Ouvidoria, tem aproximado o poder &hellip; <a href=\"https:\/\/arquivo.pedroleopoldo.mg.gov.br\/?p=22426\" class=\"more-link\">Continuar lendo <span class=\"screen-reader-text\">Programa Prefeitura Presente tem \u00f3tima aceita\u00e7\u00e3o da popula\u00e7\u00e3o<\/span><\/a><\/p>\n","protected":false},"author":1,"featured_media":22431,"comment_status":"closed","ping_status":"closed","sticky":false,"template":"","format":"standard","meta":{"footnotes":""},"categories":[4],"tags":[],"_links":{"self":[{"href":"https:\/\/arquivo.pedroleopoldo.mg.gov.br\/index.php?rest_route=\/wp\/v2\/posts\/22426"}],"collection":[{"href":"https:\/\/arquivo.pedroleopoldo.mg.gov.br\/index.php?rest_route=\/wp\/v2\/posts"}],"about":[{"href":"https:\/\/arquivo.pedroleopoldo.mg.gov.br\/index.php?rest_route=\/wp\/v2\/types\/post"}],"author":[{"embeddable":true,"href":"https:\/\/arquivo.pedroleopoldo.mg.gov.br\/index.php?rest_route=\/wp\/v2\/users\/1"}],"replies":[{"embeddable":true,"href":"https:\/\/arquivo.pedroleopoldo.mg.gov.br\/index.php?rest_route=%2Fwp%2Fv2%2Fcomments&post=22426"}],"version-history":[{"count":0,"href":"https:\/\/arquivo.pedroleopoldo.mg.gov.br\/index.php?rest_route=\/wp\/v2\/posts\/22426\/revisions"}],"wp:featuredmedia":[{"embeddable":true,"href":"https:\/\/arquivo.pedroleopoldo.mg.gov.br\/index.php?rest_route=\/wp\/v2\/media\/22431"}],"wp:attachment":[{"href":"https:\/\/arquivo.pedroleopoldo.mg.gov.br\/index.php?rest_route=%2Fwp%2Fv2%2Fmedia&parent=22426"}],"wp:term":[{"taxonomy":"category","embeddable":true,"href":"https:\/\/arquivo.pedroleopoldo.mg.gov.br\/index.php?rest_route=%2Fwp%2Fv2%2Fcategories&post=22426"},{"taxonomy":"post_tag","embeddable":true,"href":"https:\/\/arquivo.pedroleopoldo.mg.gov.br\/index.php?rest_route=%2Fwp%2Fv2%2Ftags&post=22426"}],"curies":[{"name":"wp","href":"https:\/\/api.w.org\/{rel}","templated":true}]}}