{"id":22420,"date":"2023-03-29T16:51:14","date_gmt":"2023-03-29T19:51:14","guid":{"rendered":"http:\/\/pedroleopoldo.mg.gov.br\/?p=22420"},"modified":"2023-03-29T16:51:17","modified_gmt":"2023-03-29T19:51:17","slug":"prefeitura-e-fundacao-chico-xavier-realizam-v-festival-de-luz-em-pedro-leopoldo","status":"publish","type":"post","link":"https:\/\/arquivo.pedroleopoldo.mg.gov.br\/?p=22420","title":{"rendered":"Prefeitura e Funda\u00e7\u00e3o Chico Xavier realizam \u201cV Festival de Luz\u201d em Pedro Leopoldo"},"content":{"rendered":"\n<p><em>O evento contar\u00e1 com shows, circuito gastron\u00f4mico e apresenta\u00e7\u00f5es teatrais. A expectativa \u00e9 de um lindo evento para toda a popula\u00e7\u00e3o e turistas<\/em><\/p>\n\n\n\n<p>Proporcionar cultura, conhecimento, lazer e divers\u00e3o para os pedroleopoldenses \u00e9 um compromisso que a atual gest\u00e3o estabeleceu com a popula\u00e7\u00e3o, e, desta vez, o evento que o Governo Municipal apresenta \u00e9 o \u201cV Festival de Luz&#8221;, em homenagem ao honrado m\u00e9dium Chico Xavier, nascido em Pedro Leopoldo. Realizado por meio de uma parceria entre Prefeitura e Funda\u00e7\u00e3o Chico Xavier, a festividade ser\u00e1 composta por circuito gastron\u00f4mico com restaurantes do munic\u00edpio, shows com Lenine e The Souldiers, apresenta\u00e7\u00e3o da Orquestra Sinf\u00f4nica Cachoeira Grande, Piquenique Liter\u00e1rio e os espet\u00e1culos musicais \u201cUm Cisco\u201d, \u201cRei Le\u00e3o\u201d e \u201cOs Saltimbancos\u201d.&nbsp;<\/p>\n\n\n\n<p>O evento acontece de 31 de mar\u00e7o a 02 de abril, na Pra\u00e7a da Esta\u00e7\u00e3o de Pedro Leopoldo e na Associa\u00e7\u00e3o Cantinho Feliz, no bairro Teot\u00f4nio Batista. Al\u00e9m de valorizar e contar um pouco sobre a hist\u00f3ria do grande espiritualista pedroleopoldense, Chico Xavier, as comemora\u00e7\u00f5es estimular\u00e3o a economia local, levando lazer, cultura e entretenimento para os moradores e turistas.&nbsp;<\/p>\n\n\n\n<p>Para Daniele Soares, moradora de Pedro Leopoldo, a realiza\u00e7\u00e3o do festival \u00e9 uma justa homenagem ao ilustre m\u00e9dium. \u201cO Festival de Luz \u00e9 muito importante para o nosso munic\u00edpio, pois al\u00e9m de ser uma forma de homenagear e preservar a mem\u00f3ria de uma personalidade importante (Chico Xavier), que nasceu e viveu em Pedro Leopoldo, tamb\u00e9m proporciona lazer e entretenimento, atraindo e fortalecendo o turismo em nossa cidade\u201d, avaliou.<\/p>\n\n\n\n<p>A Prefeita Eloisa Helena se diz orgulhosa em poder colaborar com um evento cultural de tamanha propor\u00e7\u00e3o. \u201cChico Xavier foi um ser humano de luz que espalhava paz por onde passava e n\u00f3s temos o privil\u00e9gio de viver na mesma cidade que nasceu e viveu este grande m\u00e9dium. Me sinto muito feliz por fazer parte da realiza\u00e7\u00e3o deste evento que vai fomentar conhecimento, lazer e gerar renda para nossos moradores\u201d, disse a Prefeita.<\/p>\n\n\n\n<h4 class=\"wp-block-heading\">Confira a programa\u00e7\u00e3o completa:\u00a0<\/h4>\n\n\n\n<div class=\"wp-block-image\"><figure class=\"aligncenter size-large is-resized\"><img decoding=\"async\" loading=\"lazy\" src=\"http:\/\/pedroleopoldo.mg.gov.br\/wp-content\/uploads\/2023\/03\/WhatsApp-Image-2023-03-29-at-08.01.43-1024x1024.jpeg\" alt=\"\" class=\"wp-image-22421\" width=\"362\" height=\"362\" srcset=\"https:\/\/arquivo.pedroleopoldo.mg.gov.br\/wp-content\/uploads\/2023\/03\/WhatsApp-Image-2023-03-29-at-08.01.43-1024x1024.jpeg 1024w, https:\/\/arquivo.pedroleopoldo.mg.gov.br\/wp-content\/uploads\/2023\/03\/WhatsApp-Image-2023-03-29-at-08.01.43-300x300.jpeg 300w, https:\/\/arquivo.pedroleopoldo.mg.gov.br\/wp-content\/uploads\/2023\/03\/WhatsApp-Image-2023-03-29-at-08.01.43-150x150.jpeg 150w, https:\/\/arquivo.pedroleopoldo.mg.gov.br\/wp-content\/uploads\/2023\/03\/WhatsApp-Image-2023-03-29-at-08.01.43-768x768.jpeg 768w, https:\/\/arquivo.pedroleopoldo.mg.gov.br\/wp-content\/uploads\/2023\/03\/WhatsApp-Image-2023-03-29-at-08.01.43.jpeg 1080w\" sizes=\"(max-width: 362px) 100vw, 362px\" \/><\/figure><\/div>\n\n\n\n<div class=\"wp-block-image\"><figure class=\"aligncenter size-large is-resized\"><img decoding=\"async\" loading=\"lazy\" src=\"http:\/\/pedroleopoldo.mg.gov.br\/wp-content\/uploads\/2023\/03\/WhatsApp-Image-2023-03-29-at-08.01.42-1024x1024.jpeg\" alt=\"\" class=\"wp-image-22422\" width=\"358\" height=\"358\" srcset=\"https:\/\/arquivo.pedroleopoldo.mg.gov.br\/wp-content\/uploads\/2023\/03\/WhatsApp-Image-2023-03-29-at-08.01.42-1024x1024.jpeg 1024w, https:\/\/arquivo.pedroleopoldo.mg.gov.br\/wp-content\/uploads\/2023\/03\/WhatsApp-Image-2023-03-29-at-08.01.42-300x300.jpeg 300w, https:\/\/arquivo.pedroleopoldo.mg.gov.br\/wp-content\/uploads\/2023\/03\/WhatsApp-Image-2023-03-29-at-08.01.42-150x150.jpeg 150w, https:\/\/arquivo.pedroleopoldo.mg.gov.br\/wp-content\/uploads\/2023\/03\/WhatsApp-Image-2023-03-29-at-08.01.42-768x768.jpeg 768w, https:\/\/arquivo.pedroleopoldo.mg.gov.br\/wp-content\/uploads\/2023\/03\/WhatsApp-Image-2023-03-29-at-08.01.42.jpeg 1080w\" sizes=\"(max-width: 358px) 100vw, 358px\" \/><\/figure><\/div>\n\n\n\n<div class=\"wp-block-image\"><figure class=\"aligncenter size-large is-resized\"><img decoding=\"async\" loading=\"lazy\" src=\"http:\/\/pedroleopoldo.mg.gov.br\/wp-content\/uploads\/2023\/03\/WhatsApp-Image-2023-03-29-at-08.01.42-1-1024x1024.jpeg\" alt=\"\" class=\"wp-image-22423\" width=\"357\" height=\"357\" srcset=\"https:\/\/arquivo.pedroleopoldo.mg.gov.br\/wp-content\/uploads\/2023\/03\/WhatsApp-Image-2023-03-29-at-08.01.42-1-1024x1024.jpeg 1024w, https:\/\/arquivo.pedroleopoldo.mg.gov.br\/wp-content\/uploads\/2023\/03\/WhatsApp-Image-2023-03-29-at-08.01.42-1-300x300.jpeg 300w, https:\/\/arquivo.pedroleopoldo.mg.gov.br\/wp-content\/uploads\/2023\/03\/WhatsApp-Image-2023-03-29-at-08.01.42-1-150x150.jpeg 150w, https:\/\/arquivo.pedroleopoldo.mg.gov.br\/wp-content\/uploads\/2023\/03\/WhatsApp-Image-2023-03-29-at-08.01.42-1-768x768.jpeg 768w, https:\/\/arquivo.pedroleopoldo.mg.gov.br\/wp-content\/uploads\/2023\/03\/WhatsApp-Image-2023-03-29-at-08.01.42-1.jpeg 1080w\" sizes=\"(max-width: 357px) 100vw, 357px\" \/><\/figure><\/div>\n","protected":false},"excerpt":{"rendered":"<p>O evento contar\u00e1 com shows, circuito gastron\u00f4mico e apresenta\u00e7\u00f5es teatrais. A expectativa \u00e9 de um lindo evento para toda a popula\u00e7\u00e3o e turistas Proporcionar cultura, conhecimento, lazer e divers\u00e3o para os pedroleopoldenses \u00e9 um compromisso que a atual gest\u00e3o estabeleceu com a popula\u00e7\u00e3o, e, desta vez, o evento que o Governo Municipal apresenta \u00e9 o &hellip; <a href=\"https:\/\/arquivo.pedroleopoldo.mg.gov.br\/?p=22420\" class=\"more-link\">Continuar lendo <span class=\"screen-reader-text\">Prefeitura e Funda\u00e7\u00e3o Chico Xavier realizam \u201cV Festival de Luz\u201d em Pedro Leopoldo<\/span><\/a><\/p>\n","protected":false},"author":1,"featured_media":22424,"comment_status":"closed","ping_status":"closed","sticky":false,"template":"","format":"standard","meta":{"footnotes":""},"categories":[4],"tags":[],"_links":{"self":[{"href":"https:\/\/arquivo.pedroleopoldo.mg.gov.br\/index.php?rest_route=\/wp\/v2\/posts\/22420"}],"collection":[{"href":"https:\/\/arquivo.pedroleopoldo.mg.gov.br\/index.php?rest_route=\/wp\/v2\/posts"}],"about":[{"href":"https:\/\/arquivo.pedroleopoldo.mg.gov.br\/index.php?rest_route=\/wp\/v2\/types\/post"}],"author":[{"embeddable":true,"href":"https:\/\/arquivo.pedroleopoldo.mg.gov.br\/index.php?rest_route=\/wp\/v2\/users\/1"}],"replies":[{"embeddable":true,"href":"https:\/\/arquivo.pedroleopoldo.mg.gov.br\/index.php?rest_route=%2Fwp%2Fv2%2Fcomments&post=22420"}],"version-history":[{"count":0,"href":"https:\/\/arquivo.pedroleopoldo.mg.gov.br\/index.php?rest_route=\/wp\/v2\/posts\/22420\/revisions"}],"wp:featuredmedia":[{"embeddable":true,"href":"https:\/\/arquivo.pedroleopoldo.mg.gov.br\/index.php?rest_route=\/wp\/v2\/media\/22424"}],"wp:attachment":[{"href":"https:\/\/arquivo.pedroleopoldo.mg.gov.br\/index.php?rest_route=%2Fwp%2Fv2%2Fmedia&parent=22420"}],"wp:term":[{"taxonomy":"category","embeddable":true,"href":"https:\/\/arquivo.pedroleopoldo.mg.gov.br\/index.php?rest_route=%2Fwp%2Fv2%2Fcategories&post=22420"},{"taxonomy":"post_tag","embeddable":true,"href":"https:\/\/arquivo.pedroleopoldo.mg.gov.br\/index.php?rest_route=%2Fwp%2Fv2%2Ftags&post=22420"}],"curies":[{"name":"wp","href":"https:\/\/api.w.org\/{rel}","templated":true}]}}