{"id":22356,"date":"2023-03-22T12:15:15","date_gmt":"2023-03-22T15:15:15","guid":{"rendered":"http:\/\/pedroleopoldo.mg.gov.br\/?p=22356"},"modified":"2023-03-22T12:20:09","modified_gmt":"2023-03-22T15:20:09","slug":"prefeitura-de-pedro-leopoldo-inaugura-mais-uma-sala-de-recursos-multifuncionais","status":"publish","type":"post","link":"https:\/\/arquivo.pedroleopoldo.mg.gov.br\/?p=22356","title":{"rendered":"Prefeitura de Pedro Leopoldo inaugura mais uma Sala de Recursos Multifuncionais"},"content":{"rendered":"\n<p><em>Desta vez, quem recebeu a sala inclusiva foi a Escola Municipal Heitor Cl\u00e1udio de Sales. Com a inaugura\u00e7\u00e3o, o munic\u00edpio agora conta com 4 espa\u00e7os de atendimento individualizado para alunos portadores de necessidades especiais<\/em><\/p>\n\n\n\n<p>A Prefeitura de Pedro Leopoldo, por meio da Secretaria de Educa\u00e7\u00e3o, inaugurou na \u00faltima sexta-feira, 17 de mar\u00e7o, mais uma Sala Recurso para alunos com necessidades especiais. Desta vez, o espa\u00e7o foi implantado na Escola Municipal Heitor Cl\u00e1udio de Sales, no bairro Lagoa de Santo Ant\u00f4nio, e a princ\u00edpio conta com 24 alunos matriculados.<\/p>\n\n\n\n<p>Este espa\u00e7o tem o objetivo de desenvolver atividades pedag\u00f3gicas visando o desenvolvimento da aprendizagem e ajudando o aluno do Atendimento Educacional Especializado (AEE) a vencer as dificuldades diagnosticadas. Al\u00e9m de proporcionar autonomia, melhoria de sua capacidade cr\u00edtica, criatividade, e mais acolhimento escolar. \u201cEsta inaugura\u00e7\u00e3o me emocionou muito, foi maravilhoso ver a alegria das crian\u00e7as, dos pais, dos professores. Ver esse amor todo s\u00f3 nos dar mais for\u00e7a para trabalhar cada vez mais e sempre para todos, de forma inclusiva e respeitosa\u201d, comentou a prefeita Eloisa Helena.<\/p>\n\n\n\n<p>Os pais dos alunos que far\u00e3o uso da no Sala comemoraram a iniciativa da gest\u00e3o. \u201cEstou muito feliz por esta porta ter sido aberta para minha filha, que desde pequena encara dificuldades por ser portadora de algumas necessidades especiais. \u00c9 uma alegria imensa o que a prefeita fez por n\u00f3s. Agrade\u00e7o primeiramente a Deus e a Eloisa. Tenho certeza que essa sala vai nos ajudar muito\u201d, disse \u00c9rika Fernanda, m\u00e3e de aluna.<\/p>\n\n\n\n<p>A vice-prefeita Ana Paula Santos tamb\u00e9m falou da satisfa\u00e7\u00e3o em atender mais essa demanda da popula\u00e7\u00e3o. \u201cTemos profissionais competentes, uma comunidade escolar envolvida, e \u00e9 isso que a gente sempre busca, a verdadeira inclus\u00e3o. Que a gente possa transformar Pedro Leopoldo cada dia mais em uma cidade inclusiva\u201d, completou a vice-prefeita, Ana Paula Santos.<\/p>\n\n\n\n<p>A atual gest\u00e3o assumiu o compromisso de tornar Pedro Leopoldo uma cidade mais inclusiva, e isto est\u00e1 sendo efetuado, principalmente no ambiente onde os principais aprendizados come\u00e7am, as escolas. Hoje o munic\u00edpio conta com quatro Salas Recursos, localizadas nas Escolas Municipais Luiz de Melo Viana Sobrinho, Jos\u00e9 Elias Da Costa, Izabel Gomes Teixeira e, agora, na Heitor Cl\u00e1udio de Sales. Atualmente s\u00e3o atendidos 109 alunos da educa\u00e7\u00e3o especial nestes locais.<\/p>\n\n\n\n<div class=\"wp-block-jetpack-tiled-gallery aligncenter is-style-rectangular\"><div class=\"tiled-gallery__gallery\"><div class=\"tiled-gallery__row\"><div class=\"tiled-gallery__col\" style=\"flex-basis:66.82316118935837%\"><figure class=\"tiled-gallery__item\"><img decoding=\"async\" alt=\"\" data-height=\"768\" data-id=\"22369\" data-link=\"http:\/\/pedroleopoldo.mg.gov.br\/?attachment_id=22369\" data-url=\"http:\/\/pedroleopoldo.mg.gov.br\/wp-content\/uploads\/2023\/03\/WhatsApp-Image-2023-03-22-at-12.05.52-1-1.jpeg\" data-width=\"1024\" src=\"https:\/\/i1.wp.com\/pedroleopoldo.mg.gov.br\/wp-content\/uploads\/2023\/03\/WhatsApp-Image-2023-03-22-at-12.05.52-1-1.jpeg\" layout=\"responsive\"\/><\/figure><\/div><div class=\"tiled-gallery__col\" style=\"flex-basis:33.17683881064162%\"><figure class=\"tiled-gallery__item\"><img decoding=\"async\" alt=\"\" data-height=\"768\" data-id=\"22370\" data-link=\"http:\/\/pedroleopoldo.mg.gov.br\/?attachment_id=22370\" data-url=\"http:\/\/pedroleopoldo.mg.gov.br\/wp-content\/uploads\/2023\/03\/WhatsApp-Image-2023-03-22-at-12.05.52-2-1.jpeg\" data-width=\"1024\" src=\"https:\/\/i1.wp.com\/pedroleopoldo.mg.gov.br\/wp-content\/uploads\/2023\/03\/WhatsApp-Image-2023-03-22-at-12.05.52-2-1.jpeg\" layout=\"responsive\"\/><\/figure><figure class=\"tiled-gallery__item\"><img decoding=\"async\" alt=\"\" data-height=\"768\" data-id=\"22371\" data-link=\"http:\/\/pedroleopoldo.mg.gov.br\/?attachment_id=22371\" data-url=\"http:\/\/pedroleopoldo.mg.gov.br\/wp-content\/uploads\/2023\/03\/WhatsApp-Image-2023-03-22-at-12.05.52-3.jpeg\" data-width=\"1024\" src=\"https:\/\/i0.wp.com\/pedroleopoldo.mg.gov.br\/wp-content\/uploads\/2023\/03\/WhatsApp-Image-2023-03-22-at-12.05.52-3.jpeg\" layout=\"responsive\"\/><\/figure><\/div><\/div><div class=\"tiled-gallery__row\"><div class=\"tiled-gallery__col\" style=\"flex-basis:50%\"><figure class=\"tiled-gallery__item\"><img decoding=\"async\" alt=\"\" data-height=\"768\" data-id=\"22372\" data-link=\"http:\/\/pedroleopoldo.mg.gov.br\/?attachment_id=22372\" data-url=\"http:\/\/pedroleopoldo.mg.gov.br\/wp-content\/uploads\/2023\/03\/WhatsApp-Image-2023-03-22-at-12.05.53-1-1.jpeg\" data-width=\"1024\" src=\"https:\/\/i0.wp.com\/pedroleopoldo.mg.gov.br\/wp-content\/uploads\/2023\/03\/WhatsApp-Image-2023-03-22-at-12.05.53-1-1.jpeg\" layout=\"responsive\"\/><\/figure><\/div><div class=\"tiled-gallery__col\" style=\"flex-basis:50%\"><figure class=\"tiled-gallery__item\"><img decoding=\"async\" alt=\"\" data-height=\"768\" data-id=\"22374\" data-link=\"http:\/\/pedroleopoldo.mg.gov.br\/?attachment_id=22374\" data-url=\"http:\/\/pedroleopoldo.mg.gov.br\/wp-content\/uploads\/2023\/03\/WhatsApp-Image-2023-03-22-at-12.05.53-3.jpeg\" data-width=\"1024\" src=\"https:\/\/i2.wp.com\/pedroleopoldo.mg.gov.br\/wp-content\/uploads\/2023\/03\/WhatsApp-Image-2023-03-22-at-12.05.53-3.jpeg\" layout=\"responsive\"\/><\/figure><\/div><\/div><\/div><\/div>\n","protected":false},"excerpt":{"rendered":"<p>Desta vez, quem recebeu a sala inclusiva foi a Escola Municipal Heitor Cl\u00e1udio de Sales. Com a inaugura\u00e7\u00e3o, o munic\u00edpio agora conta com 4 espa\u00e7os de atendimento individualizado para alunos portadores de necessidades especiais A Prefeitura de Pedro Leopoldo, por meio da Secretaria de Educa\u00e7\u00e3o, inaugurou na \u00faltima sexta-feira, 17 de mar\u00e7o, mais uma Sala &hellip; <a href=\"https:\/\/arquivo.pedroleopoldo.mg.gov.br\/?p=22356\" class=\"more-link\">Continuar lendo <span class=\"screen-reader-text\">Prefeitura de Pedro Leopoldo inaugura mais uma Sala de Recursos Multifuncionais<\/span><\/a><\/p>\n","protected":false},"author":1,"featured_media":22361,"comment_status":"closed","ping_status":"closed","sticky":false,"template":"","format":"standard","meta":{"footnotes":""},"categories":[4],"tags":[],"_links":{"self":[{"href":"https:\/\/arquivo.pedroleopoldo.mg.gov.br\/index.php?rest_route=\/wp\/v2\/posts\/22356"}],"collection":[{"href":"https:\/\/arquivo.pedroleopoldo.mg.gov.br\/index.php?rest_route=\/wp\/v2\/posts"}],"about":[{"href":"https:\/\/arquivo.pedroleopoldo.mg.gov.br\/index.php?rest_route=\/wp\/v2\/types\/post"}],"author":[{"embeddable":true,"href":"https:\/\/arquivo.pedroleopoldo.mg.gov.br\/index.php?rest_route=\/wp\/v2\/users\/1"}],"replies":[{"embeddable":true,"href":"https:\/\/arquivo.pedroleopoldo.mg.gov.br\/index.php?rest_route=%2Fwp%2Fv2%2Fcomments&post=22356"}],"version-history":[{"count":0,"href":"https:\/\/arquivo.pedroleopoldo.mg.gov.br\/index.php?rest_route=\/wp\/v2\/posts\/22356\/revisions"}],"wp:featuredmedia":[{"embeddable":true,"href":"https:\/\/arquivo.pedroleopoldo.mg.gov.br\/index.php?rest_route=\/wp\/v2\/media\/22361"}],"wp:attachment":[{"href":"https:\/\/arquivo.pedroleopoldo.mg.gov.br\/index.php?rest_route=%2Fwp%2Fv2%2Fmedia&parent=22356"}],"wp:term":[{"taxonomy":"category","embeddable":true,"href":"https:\/\/arquivo.pedroleopoldo.mg.gov.br\/index.php?rest_route=%2Fwp%2Fv2%2Fcategories&post=22356"},{"taxonomy":"post_tag","embeddable":true,"href":"https:\/\/arquivo.pedroleopoldo.mg.gov.br\/index.php?rest_route=%2Fwp%2Fv2%2Ftags&post=22356"}],"curies":[{"name":"wp","href":"https:\/\/api.w.org\/{rel}","templated":true}]}}