{"id":22350,"date":"2023-03-22T11:58:47","date_gmt":"2023-03-22T14:58:47","guid":{"rendered":"http:\/\/pedroleopoldo.mg.gov.br\/?p=22350"},"modified":"2023-03-22T11:58:52","modified_gmt":"2023-03-22T14:58:52","slug":"prefeitura-promove-trabalho-de-poda-e-capina-por-pedro-leopoldo","status":"publish","type":"post","link":"https:\/\/arquivo.pedroleopoldo.mg.gov.br\/?p=22350","title":{"rendered":"Prefeitura promove trabalho de poda e capina por Pedro Leopoldo"},"content":{"rendered":"\n<p><em>Podar, ro\u00e7ar, capinar. Esse \u00e9 um dos trabalhos da Secretaria de Obras, que ocorre frequentemente, por prioridades. Esta semana o bairro do Novo Campinho passou por uma limpeza geral e ro\u00e7ada do mato alto. Outras regi\u00f5es tamb\u00e9m foram contempladas<\/em><\/p>\n\n\n\n<p>Seguindo um cronograma por ordem de prioridade, a Prefeitura de Pedro Leopoldo, por meio da Secretaria Municipal de Obras e Servi\u00e7os P\u00fablicos, vem promovendo a poda, capina e limpeza geral de diversas regi\u00f5es do munic\u00edpio. O objetivo \u00e9 manter uma cidade limpa e organizada, garantindo conforto, tr\u00e2nsito seguro das vias e evitar queimadas.<\/p>\n\n\n\n<p>O bairro Novo Campinho passou por um amplo trabalho de limpeza e ro\u00e7ada do mato alto esta semana, em grande parte das ruas do bairro. O Centro Poliesportivo de Pedro Leopoldo, o CEPPEL, n\u00e3o ficou de fora e parte da \u00e1rea externa tamb\u00e9m recebeu aten\u00e7\u00e3o da equipe da Secretaria de Obras, al\u00e9m dos bairros Centro e Dom Camilo I e II. De acordo com o cronograma, o distrito de Vera Cruz \u00e9 o pr\u00f3ximo a passar pelos trabalhos com um mutir\u00e3o que ser\u00e1 feito na regi\u00e3o.<\/p>\n\n\n\n<p>\u201cSabemos da necessidade e da alta demanda do nosso munic\u00edpio. Por isso, estamos sempre atentos ao que j\u00e1 nos cabe realizar e \u00e0s demandas dos moradores. A equipe do Obras organiza um cronograma para que todos os bairros sejam atendidos, conforme suas necessidades. Cuidar da cidade, mant\u00ea-la limpa e organizada \u00e9 o nosso dever\u201d, pontuou a Prefeita Eloisa.<\/p>\n\n\n\n<p>De acordo com n\u00fameros da Secretaria de Obras e Servi\u00e7os P\u00fablicos, no per\u00edodo de 21 de dezembro de 2022 a 20 de fevereiro de 2023, mais de 536 metros quadrados passaram pelo trabalho de capina manual e ro\u00e7ada mecanizada. Para solicitar os servi\u00e7os na regi\u00e3o Norte de Pedro Leopoldo, ligue para: 98814-3490. J\u00e1 na regi\u00e3o Centro-Sul, ligue: 3662-3789. O contato tamb\u00e9m pode ser feito pelos e-mails: <a rel=\"noreferrer noopener\" href=\"mailto:obras@pedroleopoldo.mg.gov.br\" target=\"_blank\">obras@pedroleopoldo.mg.gov.br<\/a> e <a rel=\"noreferrer noopener\" href=\"mailto:limpezaurbana@pedroleopoldo.mg.gov.br\" target=\"_blank\">limpezaurbana@pedroleopoldo.mg.gov.br<\/a> .\u00a0<\/p>\n\n\n\n<figure class=\"wp-block-gallery columns-3 is-cropped wp-block-gallery-1 is-layout-flex wp-block-gallery-is-layout-flex\"><ul class=\"blocks-gallery-grid\"><li class=\"blocks-gallery-item\"><figure><img decoding=\"async\" loading=\"lazy\" width=\"1024\" height=\"768\" src=\"http:\/\/pedroleopoldo.mg.gov.br\/wp-content\/uploads\/2023\/03\/WhatsApp-Image-2023-03-22-at-11.54.05.jpeg\" alt=\"\" data-id=\"22351\" data-full-url=\"http:\/\/pedroleopoldo.mg.gov.br\/wp-content\/uploads\/2023\/03\/WhatsApp-Image-2023-03-22-at-11.54.05.jpeg\" data-link=\"http:\/\/pedroleopoldo.mg.gov.br\/?attachment_id=22351\" class=\"wp-image-22351\" srcset=\"https:\/\/arquivo.pedroleopoldo.mg.gov.br\/wp-content\/uploads\/2023\/03\/WhatsApp-Image-2023-03-22-at-11.54.05.jpeg 1024w, https:\/\/arquivo.pedroleopoldo.mg.gov.br\/wp-content\/uploads\/2023\/03\/WhatsApp-Image-2023-03-22-at-11.54.05-300x225.jpeg 300w, https:\/\/arquivo.pedroleopoldo.mg.gov.br\/wp-content\/uploads\/2023\/03\/WhatsApp-Image-2023-03-22-at-11.54.05-768x576.jpeg 768w\" sizes=\"(max-width: 1024px) 100vw, 1024px\" \/><\/figure><\/li><li class=\"blocks-gallery-item\"><figure><img decoding=\"async\" loading=\"lazy\" width=\"1024\" height=\"768\" src=\"http:\/\/pedroleopoldo.mg.gov.br\/wp-content\/uploads\/2023\/03\/WhatsApp-Image-2023-03-22-at-11.26.31-1024x768.jpeg\" alt=\"\" data-id=\"22352\" data-full-url=\"http:\/\/pedroleopoldo.mg.gov.br\/wp-content\/uploads\/2023\/03\/WhatsApp-Image-2023-03-22-at-11.26.31.jpeg\" data-link=\"http:\/\/pedroleopoldo.mg.gov.br\/?attachment_id=22352\" class=\"wp-image-22352\" srcset=\"https:\/\/arquivo.pedroleopoldo.mg.gov.br\/wp-content\/uploads\/2023\/03\/WhatsApp-Image-2023-03-22-at-11.26.31-1024x768.jpeg 1024w, https:\/\/arquivo.pedroleopoldo.mg.gov.br\/wp-content\/uploads\/2023\/03\/WhatsApp-Image-2023-03-22-at-11.26.31-300x225.jpeg 300w, https:\/\/arquivo.pedroleopoldo.mg.gov.br\/wp-content\/uploads\/2023\/03\/WhatsApp-Image-2023-03-22-at-11.26.31-768x576.jpeg 768w, https:\/\/arquivo.pedroleopoldo.mg.gov.br\/wp-content\/uploads\/2023\/03\/WhatsApp-Image-2023-03-22-at-11.26.31-1536x1152.jpeg 1536w, https:\/\/arquivo.pedroleopoldo.mg.gov.br\/wp-content\/uploads\/2023\/03\/WhatsApp-Image-2023-03-22-at-11.26.31.jpeg 1600w\" sizes=\"(max-width: 1024px) 100vw, 1024px\" \/><\/figure><\/li><li class=\"blocks-gallery-item\"><figure><img decoding=\"async\" loading=\"lazy\" width=\"1024\" height=\"768\" src=\"http:\/\/pedroleopoldo.mg.gov.br\/wp-content\/uploads\/2023\/03\/WhatsApp-Image-2023-03-22-at-11.26.30-1024x768.jpeg\" alt=\"\" data-id=\"22353\" data-full-url=\"http:\/\/pedroleopoldo.mg.gov.br\/wp-content\/uploads\/2023\/03\/WhatsApp-Image-2023-03-22-at-11.26.30.jpeg\" data-link=\"http:\/\/pedroleopoldo.mg.gov.br\/?attachment_id=22353\" class=\"wp-image-22353\" srcset=\"https:\/\/arquivo.pedroleopoldo.mg.gov.br\/wp-content\/uploads\/2023\/03\/WhatsApp-Image-2023-03-22-at-11.26.30-1024x768.jpeg 1024w, https:\/\/arquivo.pedroleopoldo.mg.gov.br\/wp-content\/uploads\/2023\/03\/WhatsApp-Image-2023-03-22-at-11.26.30-300x225.jpeg 300w, https:\/\/arquivo.pedroleopoldo.mg.gov.br\/wp-content\/uploads\/2023\/03\/WhatsApp-Image-2023-03-22-at-11.26.30-768x576.jpeg 768w, https:\/\/arquivo.pedroleopoldo.mg.gov.br\/wp-content\/uploads\/2023\/03\/WhatsApp-Image-2023-03-22-at-11.26.30-1536x1152.jpeg 1536w, https:\/\/arquivo.pedroleopoldo.mg.gov.br\/wp-content\/uploads\/2023\/03\/WhatsApp-Image-2023-03-22-at-11.26.30.jpeg 1600w\" sizes=\"(max-width: 1024px) 100vw, 1024px\" \/><\/figure><\/li><li class=\"blocks-gallery-item\"><figure><img decoding=\"async\" loading=\"lazy\" width=\"1024\" height=\"768\" src=\"http:\/\/pedroleopoldo.mg.gov.br\/wp-content\/uploads\/2023\/03\/WhatsApp-Image-2023-03-22-at-11.26.29-1024x768.jpeg\" alt=\"\" data-id=\"22354\" data-full-url=\"http:\/\/pedroleopoldo.mg.gov.br\/wp-content\/uploads\/2023\/03\/WhatsApp-Image-2023-03-22-at-11.26.29.jpeg\" data-link=\"http:\/\/pedroleopoldo.mg.gov.br\/?attachment_id=22354\" class=\"wp-image-22354\" srcset=\"https:\/\/arquivo.pedroleopoldo.mg.gov.br\/wp-content\/uploads\/2023\/03\/WhatsApp-Image-2023-03-22-at-11.26.29-1024x768.jpeg 1024w, https:\/\/arquivo.pedroleopoldo.mg.gov.br\/wp-content\/uploads\/2023\/03\/WhatsApp-Image-2023-03-22-at-11.26.29-300x225.jpeg 300w, https:\/\/arquivo.pedroleopoldo.mg.gov.br\/wp-content\/uploads\/2023\/03\/WhatsApp-Image-2023-03-22-at-11.26.29-768x576.jpeg 768w, https:\/\/arquivo.pedroleopoldo.mg.gov.br\/wp-content\/uploads\/2023\/03\/WhatsApp-Image-2023-03-22-at-11.26.29-1536x1152.jpeg 1536w, https:\/\/arquivo.pedroleopoldo.mg.gov.br\/wp-content\/uploads\/2023\/03\/WhatsApp-Image-2023-03-22-at-11.26.29.jpeg 1600w\" sizes=\"(max-width: 1024px) 100vw, 1024px\" \/><\/figure><\/li><\/ul><\/figure>\n","protected":false},"excerpt":{"rendered":"<p>Podar, ro\u00e7ar, capinar. Esse \u00e9 um dos trabalhos da Secretaria de Obras, que ocorre frequentemente, por prioridades. Esta semana o bairro do Novo Campinho passou por uma limpeza geral e ro\u00e7ada do mato alto. Outras regi\u00f5es tamb\u00e9m foram contempladas Seguindo um cronograma por ordem de prioridade, a Prefeitura de Pedro Leopoldo, por meio da Secretaria &hellip; <a href=\"https:\/\/arquivo.pedroleopoldo.mg.gov.br\/?p=22350\" class=\"more-link\">Continuar lendo <span class=\"screen-reader-text\">Prefeitura promove trabalho de poda e capina por Pedro Leopoldo<\/span><\/a><\/p>\n","protected":false},"author":1,"featured_media":22351,"comment_status":"closed","ping_status":"closed","sticky":false,"template":"","format":"standard","meta":{"footnotes":""},"categories":[4],"tags":[],"_links":{"self":[{"href":"https:\/\/arquivo.pedroleopoldo.mg.gov.br\/index.php?rest_route=\/wp\/v2\/posts\/22350"}],"collection":[{"href":"https:\/\/arquivo.pedroleopoldo.mg.gov.br\/index.php?rest_route=\/wp\/v2\/posts"}],"about":[{"href":"https:\/\/arquivo.pedroleopoldo.mg.gov.br\/index.php?rest_route=\/wp\/v2\/types\/post"}],"author":[{"embeddable":true,"href":"https:\/\/arquivo.pedroleopoldo.mg.gov.br\/index.php?rest_route=\/wp\/v2\/users\/1"}],"replies":[{"embeddable":true,"href":"https:\/\/arquivo.pedroleopoldo.mg.gov.br\/index.php?rest_route=%2Fwp%2Fv2%2Fcomments&post=22350"}],"version-history":[{"count":0,"href":"https:\/\/arquivo.pedroleopoldo.mg.gov.br\/index.php?rest_route=\/wp\/v2\/posts\/22350\/revisions"}],"wp:featuredmedia":[{"embeddable":true,"href":"https:\/\/arquivo.pedroleopoldo.mg.gov.br\/index.php?rest_route=\/wp\/v2\/media\/22351"}],"wp:attachment":[{"href":"https:\/\/arquivo.pedroleopoldo.mg.gov.br\/index.php?rest_route=%2Fwp%2Fv2%2Fmedia&parent=22350"}],"wp:term":[{"taxonomy":"category","embeddable":true,"href":"https:\/\/arquivo.pedroleopoldo.mg.gov.br\/index.php?rest_route=%2Fwp%2Fv2%2Fcategories&post=22350"},{"taxonomy":"post_tag","embeddable":true,"href":"https:\/\/arquivo.pedroleopoldo.mg.gov.br\/index.php?rest_route=%2Fwp%2Fv2%2Ftags&post=22350"}],"curies":[{"name":"wp","href":"https:\/\/api.w.org\/{rel}","templated":true}]}}