{"id":22311,"date":"2023-03-16T16:10:15","date_gmt":"2023-03-16T19:10:15","guid":{"rendered":"http:\/\/pedroleopoldo.mg.gov.br\/?p=22311"},"modified":"2023-03-16T16:16:26","modified_gmt":"2023-03-16T19:16:26","slug":"executivo-vai-a-spu-para-entrega-de-relatorio-mensal-do-ceppel","status":"publish","type":"post","link":"https:\/\/arquivo.pedroleopoldo.mg.gov.br\/?p=22311","title":{"rendered":"Executivo vai \u00e0 SPU para apresentar projeto de melhorias do CEPPEL"},"content":{"rendered":"\n<p><strong>Trabalhando por um Ceppel cada vez melhor<\/strong><\/p>\n\n\n\n<p>A gest\u00e3o tem um projeto muito bacana para revitalizar o nosso Ceppel e torn\u00e1-lo cada vez mais funcional para nossos moradores. Al\u00e9m das interven\u00e7\u00f5es que j\u00e1 v\u00eam sendo feitas e das v\u00e1rias atividades que est\u00e3o acontecendo gratuitamente no espa\u00e7o, esta gest\u00e3o far\u00e1 do local uma refer\u00eancia em centro esportivo na regi\u00e3o. <\/p>\n\n\n\n<p>Para isso, hoje, os representantes do executivo Prefeita Eloisa, vice Ana Paula e Secret\u00e1rio de Juventude, Esportes e Direitos Humanos, Mayron C\u00e9sar, estiveram em BH com o Superintendente da SPU, o Sr. \u00c1lvaro Mauris, para entregar o relat\u00f3rio trimestral das atividades que v\u00eam sendo realizados no Ceppel, al\u00e9m do anteprojeto de reforma do espa\u00e7o. <\/p>\n\n\n\n<p>O superintendente ficou muito satisfeito com o que viu e demonstrou apoio aos projetos apresentados.<\/p>\n\n\n\n<div class=\"wp-block-group\"><div class=\"wp-block-group__inner-container is-layout-flow wp-block-group-is-layout-flow\">\n<ul class=\"wp-block-devrix-easy-image-gallery-block easy-image-gallery thumbnails-4 linked\" data-total-slides=\"3\"><li><img decoding=\"async\" loading=\"lazy\" class=\"attachment-thumbnail size-thumbnail\" src=\"http:\/\/pedroleopoldo.mg.gov.br\/wp-content\/uploads\/2023\/03\/WhatsApp-Image-2023-03-16-at-15.08.00-1-150x150.jpeg\" data-slide-no=\"0\" alt=\"\" width=\"150\" height=\"150\"\/><\/li><li><img decoding=\"async\" loading=\"lazy\" class=\"attachment-thumbnail size-thumbnail\" src=\"http:\/\/pedroleopoldo.mg.gov.br\/wp-content\/uploads\/2023\/03\/WhatsApp-Image-2023-03-16-at-15.08.00-150x150.jpeg\" data-slide-no=\"1\" alt=\"\" width=\"150\" height=\"150\"\/><\/li><li><img decoding=\"async\" loading=\"lazy\" class=\"attachment-thumbnail size-thumbnail\" src=\"http:\/\/pedroleopoldo.mg.gov.br\/wp-content\/uploads\/2023\/03\/WhatsApp-Image-2023-03-16-at-15.08.01-150x150.jpeg\" data-slide-no=\"2\" alt=\"\" width=\"150\" height=\"150\"\/><\/li><\/ul>\n<\/div><\/div>\n\n\n\n<p><\/p>\n","protected":false},"excerpt":{"rendered":"<p>Trabalhando por um Ceppel cada vez melhor A gest\u00e3o tem um projeto muito bacana para revitalizar o nosso Ceppel e torn\u00e1-lo cada vez mais funcional para nossos moradores. Al\u00e9m das interven\u00e7\u00f5es que j\u00e1 v\u00eam sendo feitas e das v\u00e1rias atividades que est\u00e3o acontecendo gratuitamente no espa\u00e7o, esta gest\u00e3o far\u00e1 do local uma refer\u00eancia em centro &hellip; <a href=\"https:\/\/arquivo.pedroleopoldo.mg.gov.br\/?p=22311\" class=\"more-link\">Continuar lendo <span class=\"screen-reader-text\">Executivo vai \u00e0 SPU para apresentar projeto de melhorias do CEPPEL<\/span><\/a><\/p>\n","protected":false},"author":1,"featured_media":22317,"comment_status":"closed","ping_status":"closed","sticky":false,"template":"","format":"standard","meta":{"footnotes":""},"categories":[4],"tags":[],"_links":{"self":[{"href":"https:\/\/arquivo.pedroleopoldo.mg.gov.br\/index.php?rest_route=\/wp\/v2\/posts\/22311"}],"collection":[{"href":"https:\/\/arquivo.pedroleopoldo.mg.gov.br\/index.php?rest_route=\/wp\/v2\/posts"}],"about":[{"href":"https:\/\/arquivo.pedroleopoldo.mg.gov.br\/index.php?rest_route=\/wp\/v2\/types\/post"}],"author":[{"embeddable":true,"href":"https:\/\/arquivo.pedroleopoldo.mg.gov.br\/index.php?rest_route=\/wp\/v2\/users\/1"}],"replies":[{"embeddable":true,"href":"https:\/\/arquivo.pedroleopoldo.mg.gov.br\/index.php?rest_route=%2Fwp%2Fv2%2Fcomments&post=22311"}],"version-history":[{"count":0,"href":"https:\/\/arquivo.pedroleopoldo.mg.gov.br\/index.php?rest_route=\/wp\/v2\/posts\/22311\/revisions"}],"wp:featuredmedia":[{"embeddable":true,"href":"https:\/\/arquivo.pedroleopoldo.mg.gov.br\/index.php?rest_route=\/wp\/v2\/media\/22317"}],"wp:attachment":[{"href":"https:\/\/arquivo.pedroleopoldo.mg.gov.br\/index.php?rest_route=%2Fwp%2Fv2%2Fmedia&parent=22311"}],"wp:term":[{"taxonomy":"category","embeddable":true,"href":"https:\/\/arquivo.pedroleopoldo.mg.gov.br\/index.php?rest_route=%2Fwp%2Fv2%2Fcategories&post=22311"},{"taxonomy":"post_tag","embeddable":true,"href":"https:\/\/arquivo.pedroleopoldo.mg.gov.br\/index.php?rest_route=%2Fwp%2Fv2%2Ftags&post=22311"}],"curies":[{"name":"wp","href":"https:\/\/api.w.org\/{rel}","templated":true}]}}