{"id":22303,"date":"2023-03-15T13:30:26","date_gmt":"2023-03-15T16:30:26","guid":{"rendered":"http:\/\/pedroleopoldo.mg.gov.br\/?p=22303"},"modified":"2023-03-15T13:31:17","modified_gmt":"2023-03-15T16:31:17","slug":"casos-de-dengue-aumentam-no-pais-e-prefeitura-trabalha-na-prevencao","status":"publish","type":"post","link":"https:\/\/arquivo.pedroleopoldo.mg.gov.br\/?p=22303","title":{"rendered":"Casos de dengue aumentam no pa\u00eds e Prefeitura trabalha na preven\u00e7\u00e3o"},"content":{"rendered":"\n<p><em>Comit\u00ea Municipal de Combate \u00e0s Arboviroses \u00e9 pe\u00e7a fundamental nesta batalha contra a doen\u00e7a<\/em><\/p>\n\n\n\n<p>A dengue \u00e9 a arbovirose urbana mais comum nas Am\u00e9ricas, inclusive no Brasil. E sua maior \u00e9poca de transmiss\u00e3o \u00e9 em tempos chuvosos, j\u00e1 que o ac\u00famulo de \u00e1gua parada contribui para a prolifera\u00e7\u00e3o do mosquito, e consequentemente a doen\u00e7a \u00e9 disseminada com mais facilidade.<\/p>\n\n\n\n<p>De acordo com o Minist\u00e9rio da Sa\u00fade, at\u00e9 meados de outubro de 2022, houve um aumento de 184,6% nos casos em rela\u00e7\u00e3o a&nbsp;2021.&nbsp;Mas n\u00e3o foram s\u00f3 casos de dengue que tiveram uma alta nos \u00faltimos meses. As contamina\u00e7\u00f5es por chikungunya e zika tamb\u00e9m aumentaram consideravelmente. Em rela\u00e7\u00e3o \u00e0 chikungunya, at\u00e9 meados de outubro de 2022, foram notificados 168,9 mil casos, com taxa de incid\u00eancia de 79,2 casos por 100 mil habitantes no Brasil, comparando com 2021, o aumento foi de 86,9%. Se tratando do zika, o crescimento foi de 92,6% comparando os dados de setembro de 2022 com o mesmo per\u00edodo de&nbsp;2021.<\/p>\n\n\n\n<h4 class=\"wp-block-heading\">Casos de dengue em Pedro Leopoldo em 2023<\/h4>\n\n\n\n<p>Segundo a Secretaria Municipal de Sa\u00fade, do dia 1\u00ba de janeiro ao dia 14 de mar\u00e7o, foram registrados 85 prov\u00e1veis casos no munic\u00edpio de Pedro Leopoldo. De acordo com o resultado encontrado temos uma medida de risco para epidemias: de 0 a 0,9, o risco \u00e9 baixo. De 1,0 a 3,9 o risco \u00e9 m\u00e9dio. Acima de 4 o risco \u00e9 grande. O resultado do munic\u00edpio em Janeiro de 2023, foi considerado de M\u00c9DIO RISCO, ficando com o \u00edndice de 2,3.<\/p>\n\n\n\n<p>A Prefeitura est\u00e1 trabalhando diariamente para conter a prolifera\u00e7\u00e3o da doen\u00e7a. Hoje os pedroleopoldenses contam com um Comit\u00ea Municipal de Mobiliza\u00e7\u00e3o e Integra\u00e7\u00e3o das A\u00e7\u00f5es de Combate \u00e0s Arboviroses, criado por meio da Lei Municipal 3.074. Fazem parte do Comit\u00ea, al\u00e9m de \u00f3rg\u00e3os da Prefeitura, como Secretaria de Sa\u00fade, Meio Ambiente e Obras, as empresas privadas InterCement, CNS, Precon, e as entidades Rotary, Lions, ONG Lagoa Viva e associa\u00e7\u00f5es comunit\u00e1rias. O objetivo desta parceria \u00e9 tornar mais eficiente o combate \u00e0s arboviroses, conscientizando a popula\u00e7\u00e3o atrav\u00e9s de a\u00e7\u00f5es educativas, e tamb\u00e9m com o intuito de corresponsabilizar os diversos segmentos da sociedade quanto ao controle destas doen\u00e7as. \u201cA informa\u00e7\u00e3o e as a\u00e7\u00f5es de educa\u00e7\u00e3o em sa\u00fade s\u00e3o a base para combatermos as arboviroses (dengue, zika e Chykungunia). A vigil\u00e2ncia em&nbsp;sa\u00fade&nbsp;realiza, sistematicamente, a\u00e7\u00f5es educativas para conscientizar a popula\u00e7\u00e3o sobre a import\u00e2ncia da preven\u00e7\u00e3o, como as blitz\u2019s&nbsp;educativas. Tamb\u00e9m divulgamos nas redes sociais oficiais da Prefeitura formas simples de evitar a prolifera\u00e7\u00e3o do mosquito vetor dessas doen\u00e7as. Foi criado um importante canal com a popula\u00e7\u00e3o, o disque den\u00fancia, para que os cidad\u00e3os possam realizar den\u00fancias de lugares com poss\u00edveis focos, ou ter qualquer d\u00favida esclarecida\u201d, disse Rachel Lage,&nbsp;Refer\u00eancia&nbsp;T\u00e9cnica da&nbsp;Epidemiologia da&nbsp;Secretaria de&nbsp;Sa\u00fade.<\/p>\n\n\n\n<p>Alguns m\u00e9todos de a\u00e7\u00f5es preventivas s\u00e3o: deixar as lixeiras bem tampadas, colocar areia nos pratos de plantas, limpar as calhas, cobrir as piscinas, tapar os ralos e baixar as tampas dos vasos sanit\u00e1rios, limpar a bandeja da geladeira e verificar periodicamente se as caixas d\u2019\u00e1gua est\u00e3o fechadas.<\/p>\n\n\n\n<p>A Prefeitura ressalta a import\u00e2ncia do apoio da popula\u00e7\u00e3o para esta causa necess\u00e1ria, disponibilizando o&nbsp;canal de den\u00fancias da Vigil\u00e2ncia em Sa\u00fade atrav\u00e9s do Whatsapp: (31) 98814-6540.&nbsp;&nbsp;<\/p>\n","protected":false},"excerpt":{"rendered":"<p>Comit\u00ea Municipal de Combate \u00e0s Arboviroses \u00e9 pe\u00e7a fundamental nesta batalha contra a doen\u00e7a A dengue \u00e9 a arbovirose urbana mais comum nas Am\u00e9ricas, inclusive no Brasil. E sua maior \u00e9poca de transmiss\u00e3o \u00e9 em tempos chuvosos, j\u00e1 que o ac\u00famulo de \u00e1gua parada contribui para a prolifera\u00e7\u00e3o do mosquito, e consequentemente a doen\u00e7a \u00e9 &hellip; <a href=\"https:\/\/arquivo.pedroleopoldo.mg.gov.br\/?p=22303\" class=\"more-link\">Continuar lendo <span class=\"screen-reader-text\">Casos de dengue aumentam no pa\u00eds e Prefeitura trabalha na preven\u00e7\u00e3o<\/span><\/a><\/p>\n","protected":false},"author":1,"featured_media":22304,"comment_status":"closed","ping_status":"closed","sticky":false,"template":"","format":"standard","meta":{"footnotes":""},"categories":[4],"tags":[],"_links":{"self":[{"href":"https:\/\/arquivo.pedroleopoldo.mg.gov.br\/index.php?rest_route=\/wp\/v2\/posts\/22303"}],"collection":[{"href":"https:\/\/arquivo.pedroleopoldo.mg.gov.br\/index.php?rest_route=\/wp\/v2\/posts"}],"about":[{"href":"https:\/\/arquivo.pedroleopoldo.mg.gov.br\/index.php?rest_route=\/wp\/v2\/types\/post"}],"author":[{"embeddable":true,"href":"https:\/\/arquivo.pedroleopoldo.mg.gov.br\/index.php?rest_route=\/wp\/v2\/users\/1"}],"replies":[{"embeddable":true,"href":"https:\/\/arquivo.pedroleopoldo.mg.gov.br\/index.php?rest_route=%2Fwp%2Fv2%2Fcomments&post=22303"}],"version-history":[{"count":0,"href":"https:\/\/arquivo.pedroleopoldo.mg.gov.br\/index.php?rest_route=\/wp\/v2\/posts\/22303\/revisions"}],"wp:featuredmedia":[{"embeddable":true,"href":"https:\/\/arquivo.pedroleopoldo.mg.gov.br\/index.php?rest_route=\/wp\/v2\/media\/22304"}],"wp:attachment":[{"href":"https:\/\/arquivo.pedroleopoldo.mg.gov.br\/index.php?rest_route=%2Fwp%2Fv2%2Fmedia&parent=22303"}],"wp:term":[{"taxonomy":"category","embeddable":true,"href":"https:\/\/arquivo.pedroleopoldo.mg.gov.br\/index.php?rest_route=%2Fwp%2Fv2%2Fcategories&post=22303"},{"taxonomy":"post_tag","embeddable":true,"href":"https:\/\/arquivo.pedroleopoldo.mg.gov.br\/index.php?rest_route=%2Fwp%2Fv2%2Ftags&post=22303"}],"curies":[{"name":"wp","href":"https:\/\/api.w.org\/{rel}","templated":true}]}}