{"id":22268,"date":"2023-03-08T13:35:14","date_gmt":"2023-03-08T16:35:14","guid":{"rendered":"http:\/\/pedroleopoldo.mg.gov.br\/?p=22268"},"modified":"2026-03-19T14:43:32","modified_gmt":"2026-03-19T17:43:32","slug":"1o-termo-aditivo-ao-termo-de-colaboracao-002-2023-abraco-associacao-comunitaria-para-a-prevencao-do-abuso-de-drogas-regional-pedro-leopoldo-mg","status":"publish","type":"post","link":"https:\/\/arquivo.pedroleopoldo.mg.gov.br\/?p=22268","title":{"rendered":"1\u00ba Termo Aditivo ao Termo de Colabora\u00e7\u00e3o 002-2023 &#8211; ABRA\u00c7O-ASSOCIA\u00c7\u00c3O-COMUNIT\u00c1RIA-PARA-A-PREVEN\u00c7\u00c3O-DO-ABUSO-DE-DROGAS-REGIONAL-PEDRO-LEOPOLDO-MG"},"content":{"rendered":"<a href=\"https:\/\/arquivo.pedroleopoldo.mg.gov.br\/wp-content\/uploads\/2023\/03\/1\u00ba-Termo-Aditivo-ao-Termo-de-Colabora\u00e7\u00e3o-002-2023-ABRA\u00c7O-ASSOCIA\u00c7\u00c3O-COMUNIT\u00c1RIA-PARA-A-PREVEN\u00c7\u00c3O-DO-ABUSO-DE-DROGAS-REGIONAL-PEDRO-LEOPOLDOMG.pdf\" class=\"pdfemb-viewer\" style=\"\" data-width=\"max\" data-height=\"max\" data-toolbar=\"both\" data-toolbar-fixed=\"on\">1\u00ba-Termo-Aditivo-ao-Termo-de-Colabora\u00e7\u00e3o-002-2023-ABRA\u00c7O-ASSOCIA\u00c7\u00c3O-COMUNIT\u00c1RIA-PARA-A-PREVEN\u00c7\u00c3O-DO-ABUSO-DE-DROGAS-REGIONAL-PEDRO-LEOPOLDOMG<\/a>\n<p class=\"wp-block-pdfemb-pdf-embedder-viewer\"><\/p>\n","protected":false},"excerpt":{"rendered":"","protected":false},"author":5,"featured_media":0,"comment_status":"closed","ping_status":"closed","sticky":false,"template":"","format":"standard","meta":{"footnotes":""},"categories":[33],"tags":[],"_links":{"self":[{"href":"https:\/\/arquivo.pedroleopoldo.mg.gov.br\/index.php?rest_route=\/wp\/v2\/posts\/22268"}],"collection":[{"href":"https:\/\/arquivo.pedroleopoldo.mg.gov.br\/index.php?rest_route=\/wp\/v2\/posts"}],"about":[{"href":"https:\/\/arquivo.pedroleopoldo.mg.gov.br\/index.php?rest_route=\/wp\/v2\/types\/post"}],"author":[{"embeddable":true,"href":"https:\/\/arquivo.pedroleopoldo.mg.gov.br\/index.php?rest_route=\/wp\/v2\/users\/5"}],"replies":[{"embeddable":true,"href":"https:\/\/arquivo.pedroleopoldo.mg.gov.br\/index.php?rest_route=%2Fwp%2Fv2%2Fcomments&post=22268"}],"version-history":[{"count":1,"href":"https:\/\/arquivo.pedroleopoldo.mg.gov.br\/index.php?rest_route=\/wp\/v2\/posts\/22268\/revisions"}],"predecessor-version":[{"id":30717,"href":"https:\/\/arquivo.pedroleopoldo.mg.gov.br\/index.php?rest_route=\/wp\/v2\/posts\/22268\/revisions\/30717"}],"wp:attachment":[{"href":"https:\/\/arquivo.pedroleopoldo.mg.gov.br\/index.php?rest_route=%2Fwp%2Fv2%2Fmedia&parent=22268"}],"wp:term":[{"taxonomy":"category","embeddable":true,"href":"https:\/\/arquivo.pedroleopoldo.mg.gov.br\/index.php?rest_route=%2Fwp%2Fv2%2Fcategories&post=22268"},{"taxonomy":"post_tag","embeddable":true,"href":"https:\/\/arquivo.pedroleopoldo.mg.gov.br\/index.php?rest_route=%2Fwp%2Fv2%2Ftags&post=22268"}],"curies":[{"name":"wp","href":"https:\/\/api.w.org\/{rel}","templated":true}]}}