{"id":22201,"date":"2023-03-01T12:52:37","date_gmt":"2023-03-01T15:52:37","guid":{"rendered":"http:\/\/pedroleopoldo.mg.gov.br\/?p=22201"},"modified":"2023-03-01T12:52:40","modified_gmt":"2023-03-01T15:52:40","slug":"prefeitura-de-pedro-leopoldo-inicia-nova-etapa-de-recapeamento-das-ruas","status":"publish","type":"post","link":"https:\/\/arquivo.pedroleopoldo.mg.gov.br\/?p=22201","title":{"rendered":"Prefeitura de Pedro Leopoldo inicia nova etapa de recapeamento das ruas"},"content":{"rendered":"\n<p><em>Ap\u00f3s a primeira etapa, onde mais de 24 km de ruas receberam melhorias estruturais, agora o servi\u00e7o reinicia e mais ruas ser\u00e3o recapeadas pela atual gest\u00e3o.\u00a0Al\u00e9m de recapeamento, a Prefeitura tamb\u00e9m efetua frequentemente a Opera\u00e7\u00e3o\u00a0tapa-buracos\u00a0por toda cidade<\/em><\/p>\n\n\n\n<p>A Prefeitura de Pedro Leopoldo assumiu o compromisso com a popula\u00e7\u00e3o de revitalizar as vias p\u00fablicas do munic\u00edpio, tornando a mobilidade urbana melhor. E \u00e9 isso que est\u00e1 sendo feito.&nbsp;Mais de 24 km de&nbsp;ruas j\u00e1 receberam o servi\u00e7o de&nbsp;recapeamento e pavimenta\u00e7\u00e3o,&nbsp;e, agora, o servi\u00e7o ter\u00e1 sequ\u00eancia, por prioridades t\u00e9cnicas.<\/p>\n\n\n\n<p>Em 2023, uma nova etapa deste servi\u00e7o se inicia, e a Secretaria de Obras j\u00e1 est\u00e1 com o cronograma montado, que continuar\u00e1 sendo de intenso trabalho e comprometimento com a popula\u00e7\u00e3o. As primeiras ruas a receberem manuten\u00e7\u00e3o neste ano&nbsp;foram&nbsp;as ruas Esporte e Pac\u00edfico Ant\u00f4nio Pereira, no centro, Celestino Rodrigues, S\u00e3o Geraldo e Francisco Barbosa, no bairro Lagoa de Santo Ant\u00f4nio e a rua&nbsp;Jos\u00e9 Cervo Batista, no bairro Ipanema.<\/p>\n\n\n\n<p>Al\u00e9m de recapeamento, a Prefeitura tamb\u00e9m efetua a Opera\u00e7\u00e3o&nbsp;tapa-buracos,&nbsp;trabalho&nbsp;realizado frequentemente em lugares em que os&nbsp;reparos s\u00e3o mais necess\u00e1rios. \u201cNo fim do ano passado os trabalhos foram interrompidos devido \u00e0s fortes chuvas dos \u00faltimos meses,&nbsp;para evitar gastos&nbsp;desnecess\u00e1rios&nbsp;de dinheiro p\u00fablico. Mas, agora que a chuva deu uma tr\u00e9gua, os servi\u00e7os voltaram a ser realizados a todo vapor. As atividades seguir\u00e3o acontecendo por ordem de prioridade, levando em considera\u00e7\u00e3o a seguran\u00e7a e maior fluxo de ve\u00edculos\u201d,&nbsp;disse Rui Amorim, Secret\u00e1rio Municipal de Obras.<\/p>\n\n\n\n<p>De acordo com a Prefeita\u00a0Eloisa\u00a0Helena, outras ruas do munic\u00edpio receber\u00e3o os servi\u00e7os. \u201cNosso objetivo sempre foi fazer o melhor para a nossa gente. E estamos fazendo. Com crit\u00e9rios t\u00e9cnicos e, principalmente, com responsabilidade com o dinheiro p\u00fablico. Mobilidade urbana \u00e9 um tema importante e sempre esteve na pauta da gest\u00e3o. J\u00e1 temos Led em quase todo o munic\u00edpio e o recapeamento tamb\u00e9m ter\u00e1 sequ\u00eancia em outras vias, por ordem de necessidade e seguran\u00e7a\u201d, concluiu a Prefeita.<\/p>\n\n\n\n<figure class=\"wp-block-gallery columns-3 is-cropped wp-block-gallery-1 is-layout-flex wp-block-gallery-is-layout-flex\"><ul class=\"blocks-gallery-grid\"><li class=\"blocks-gallery-item\"><figure><img decoding=\"async\" loading=\"lazy\" width=\"1024\" height=\"768\" src=\"http:\/\/pedroleopoldo.mg.gov.br\/wp-content\/uploads\/2023\/03\/WhatsApp-Image-2023-02-28-at-12.23.17.jpeg\" alt=\"\" data-id=\"22202\" data-full-url=\"http:\/\/pedroleopoldo.mg.gov.br\/wp-content\/uploads\/2023\/03\/WhatsApp-Image-2023-02-28-at-12.23.17.jpeg\" data-link=\"http:\/\/pedroleopoldo.mg.gov.br\/?attachment_id=22202\" class=\"wp-image-22202\" srcset=\"https:\/\/arquivo.pedroleopoldo.mg.gov.br\/wp-content\/uploads\/2023\/03\/WhatsApp-Image-2023-02-28-at-12.23.17.jpeg 1024w, https:\/\/arquivo.pedroleopoldo.mg.gov.br\/wp-content\/uploads\/2023\/03\/WhatsApp-Image-2023-02-28-at-12.23.17-300x225.jpeg 300w, https:\/\/arquivo.pedroleopoldo.mg.gov.br\/wp-content\/uploads\/2023\/03\/WhatsApp-Image-2023-02-28-at-12.23.17-768x576.jpeg 768w\" sizes=\"(max-width: 1024px) 100vw, 1024px\" \/><\/figure><\/li><li class=\"blocks-gallery-item\"><figure><img decoding=\"async\" loading=\"lazy\" width=\"1024\" height=\"768\" src=\"http:\/\/pedroleopoldo.mg.gov.br\/wp-content\/uploads\/2023\/03\/WhatsApp-Image-2023-02-28-at-14.46.18.jpeg\" alt=\"\" data-id=\"22204\" data-full-url=\"http:\/\/pedroleopoldo.mg.gov.br\/wp-content\/uploads\/2023\/03\/WhatsApp-Image-2023-02-28-at-14.46.18.jpeg\" data-link=\"http:\/\/pedroleopoldo.mg.gov.br\/?attachment_id=22204\" class=\"wp-image-22204\" srcset=\"https:\/\/arquivo.pedroleopoldo.mg.gov.br\/wp-content\/uploads\/2023\/03\/WhatsApp-Image-2023-02-28-at-14.46.18.jpeg 1024w, https:\/\/arquivo.pedroleopoldo.mg.gov.br\/wp-content\/uploads\/2023\/03\/WhatsApp-Image-2023-02-28-at-14.46.18-300x225.jpeg 300w, https:\/\/arquivo.pedroleopoldo.mg.gov.br\/wp-content\/uploads\/2023\/03\/WhatsApp-Image-2023-02-28-at-14.46.18-768x576.jpeg 768w\" sizes=\"(max-width: 1024px) 100vw, 1024px\" \/><\/figure><\/li><li class=\"blocks-gallery-item\"><figure><img decoding=\"async\" loading=\"lazy\" width=\"768\" height=\"1024\" src=\"http:\/\/pedroleopoldo.mg.gov.br\/wp-content\/uploads\/2023\/03\/WhatsApp-Image-2023-02-28-at-14.48.53.jpeg\" alt=\"\" data-id=\"22205\" data-full-url=\"http:\/\/pedroleopoldo.mg.gov.br\/wp-content\/uploads\/2023\/03\/WhatsApp-Image-2023-02-28-at-14.48.53.jpeg\" data-link=\"http:\/\/pedroleopoldo.mg.gov.br\/?attachment_id=22205\" class=\"wp-image-22205\" srcset=\"https:\/\/arquivo.pedroleopoldo.mg.gov.br\/wp-content\/uploads\/2023\/03\/WhatsApp-Image-2023-02-28-at-14.48.53.jpeg 768w, https:\/\/arquivo.pedroleopoldo.mg.gov.br\/wp-content\/uploads\/2023\/03\/WhatsApp-Image-2023-02-28-at-14.48.53-225x300.jpeg 225w\" sizes=\"(max-width: 768px) 100vw, 768px\" \/><\/figure><\/li><li class=\"blocks-gallery-item\"><figure><img decoding=\"async\" loading=\"lazy\" width=\"1024\" height=\"768\" src=\"http:\/\/pedroleopoldo.mg.gov.br\/wp-content\/uploads\/2023\/03\/WhatsApp-Image-2023-02-28-at-12.23.19.jpeg\" alt=\"\" data-id=\"22206\" data-full-url=\"http:\/\/pedroleopoldo.mg.gov.br\/wp-content\/uploads\/2023\/03\/WhatsApp-Image-2023-02-28-at-12.23.19.jpeg\" data-link=\"http:\/\/pedroleopoldo.mg.gov.br\/?attachment_id=22206\" class=\"wp-image-22206\" srcset=\"https:\/\/arquivo.pedroleopoldo.mg.gov.br\/wp-content\/uploads\/2023\/03\/WhatsApp-Image-2023-02-28-at-12.23.19.jpeg 1024w, https:\/\/arquivo.pedroleopoldo.mg.gov.br\/wp-content\/uploads\/2023\/03\/WhatsApp-Image-2023-02-28-at-12.23.19-300x225.jpeg 300w, https:\/\/arquivo.pedroleopoldo.mg.gov.br\/wp-content\/uploads\/2023\/03\/WhatsApp-Image-2023-02-28-at-12.23.19-768x576.jpeg 768w\" sizes=\"(max-width: 1024px) 100vw, 1024px\" \/><\/figure><\/li><\/ul><figcaption class=\"blocks-gallery-caption\">Rua S\u00e3o Geraldo &#8211; Lagoa de Santo Ant\u00f4nio<\/figcaption><\/figure>\n\n\n\n<figure class=\"wp-block-gallery columns-2 is-cropped wp-block-gallery-3 is-layout-flex wp-block-gallery-is-layout-flex\"><ul class=\"blocks-gallery-grid\"><li class=\"blocks-gallery-item\"><figure><img decoding=\"async\" loading=\"lazy\" width=\"768\" height=\"1024\" src=\"http:\/\/pedroleopoldo.mg.gov.br\/wp-content\/uploads\/2023\/03\/WhatsApp-Image-2023-02-28-at-14.38.57-1.jpeg\" alt=\"\" data-id=\"22208\" data-full-url=\"http:\/\/pedroleopoldo.mg.gov.br\/wp-content\/uploads\/2023\/03\/WhatsApp-Image-2023-02-28-at-14.38.57-1.jpeg\" data-link=\"http:\/\/pedroleopoldo.mg.gov.br\/?attachment_id=22208\" class=\"wp-image-22208\" srcset=\"https:\/\/arquivo.pedroleopoldo.mg.gov.br\/wp-content\/uploads\/2023\/03\/WhatsApp-Image-2023-02-28-at-14.38.57-1.jpeg 768w, https:\/\/arquivo.pedroleopoldo.mg.gov.br\/wp-content\/uploads\/2023\/03\/WhatsApp-Image-2023-02-28-at-14.38.57-1-225x300.jpeg 225w\" sizes=\"(max-width: 768px) 100vw, 768px\" \/><\/figure><\/li><li class=\"blocks-gallery-item\"><figure><img decoding=\"async\" loading=\"lazy\" width=\"1024\" height=\"768\" src=\"http:\/\/pedroleopoldo.mg.gov.br\/wp-content\/uploads\/2023\/03\/WhatsApp-Image-2023-02-28-at-14.38.56.jpeg\" alt=\"\" data-id=\"22209\" data-full-url=\"http:\/\/pedroleopoldo.mg.gov.br\/wp-content\/uploads\/2023\/03\/WhatsApp-Image-2023-02-28-at-14.38.56.jpeg\" data-link=\"http:\/\/pedroleopoldo.mg.gov.br\/?attachment_id=22209\" class=\"wp-image-22209\" srcset=\"https:\/\/arquivo.pedroleopoldo.mg.gov.br\/wp-content\/uploads\/2023\/03\/WhatsApp-Image-2023-02-28-at-14.38.56.jpeg 1024w, https:\/\/arquivo.pedroleopoldo.mg.gov.br\/wp-content\/uploads\/2023\/03\/WhatsApp-Image-2023-02-28-at-14.38.56-300x225.jpeg 300w, https:\/\/arquivo.pedroleopoldo.mg.gov.br\/wp-content\/uploads\/2023\/03\/WhatsApp-Image-2023-02-28-at-14.38.56-768x576.jpeg 768w\" sizes=\"(max-width: 1024px) 100vw, 1024px\" \/><\/figure><\/li><\/ul><figcaption class=\"blocks-gallery-caption\">Rua Esporte &#8211; Centro<\/figcaption><\/figure>\n\n\n\n<figure class=\"wp-block-gallery columns-1 is-cropped wp-block-gallery-5 is-layout-flex wp-block-gallery-is-layout-flex\"><ul class=\"blocks-gallery-grid\"><li class=\"blocks-gallery-item\"><figure><img decoding=\"async\" loading=\"lazy\" width=\"768\" height=\"1024\" src=\"http:\/\/pedroleopoldo.mg.gov.br\/wp-content\/uploads\/2023\/03\/WhatsApp-Image-2023-02-28-at-15.12.56.jpeg\" alt=\"\" data-id=\"22210\" data-full-url=\"http:\/\/pedroleopoldo.mg.gov.br\/wp-content\/uploads\/2023\/03\/WhatsApp-Image-2023-02-28-at-15.12.56.jpeg\" data-link=\"http:\/\/pedroleopoldo.mg.gov.br\/?attachment_id=22210\" class=\"wp-image-22210\" srcset=\"https:\/\/arquivo.pedroleopoldo.mg.gov.br\/wp-content\/uploads\/2023\/03\/WhatsApp-Image-2023-02-28-at-15.12.56.jpeg 768w, https:\/\/arquivo.pedroleopoldo.mg.gov.br\/wp-content\/uploads\/2023\/03\/WhatsApp-Image-2023-02-28-at-15.12.56-225x300.jpeg 225w\" sizes=\"(max-width: 768px) 100vw, 768px\" \/><\/figure><\/li><\/ul><figcaption class=\"blocks-gallery-caption\">Rua Francisco Barbosa &#8211; Lagoa de Santo Ant\u00f4nio<\/figcaption><\/figure>\n","protected":false},"excerpt":{"rendered":"<p>Ap\u00f3s a primeira etapa, onde mais de 24 km de ruas receberam melhorias estruturais, agora o servi\u00e7o reinicia e mais ruas ser\u00e3o recapeadas pela atual gest\u00e3o.\u00a0Al\u00e9m de recapeamento, a Prefeitura tamb\u00e9m efetua frequentemente a Opera\u00e7\u00e3o\u00a0tapa-buracos\u00a0por toda cidade A Prefeitura de Pedro Leopoldo assumiu o compromisso com a popula\u00e7\u00e3o de revitalizar as vias p\u00fablicas do munic\u00edpio, &hellip; <a href=\"https:\/\/arquivo.pedroleopoldo.mg.gov.br\/?p=22201\" class=\"more-link\">Continuar lendo <span class=\"screen-reader-text\">Prefeitura de Pedro Leopoldo inicia nova etapa de recapeamento das ruas<\/span><\/a><\/p>\n","protected":false},"author":1,"featured_media":22206,"comment_status":"closed","ping_status":"closed","sticky":false,"template":"","format":"standard","meta":{"footnotes":""},"categories":[4],"tags":[],"_links":{"self":[{"href":"https:\/\/arquivo.pedroleopoldo.mg.gov.br\/index.php?rest_route=\/wp\/v2\/posts\/22201"}],"collection":[{"href":"https:\/\/arquivo.pedroleopoldo.mg.gov.br\/index.php?rest_route=\/wp\/v2\/posts"}],"about":[{"href":"https:\/\/arquivo.pedroleopoldo.mg.gov.br\/index.php?rest_route=\/wp\/v2\/types\/post"}],"author":[{"embeddable":true,"href":"https:\/\/arquivo.pedroleopoldo.mg.gov.br\/index.php?rest_route=\/wp\/v2\/users\/1"}],"replies":[{"embeddable":true,"href":"https:\/\/arquivo.pedroleopoldo.mg.gov.br\/index.php?rest_route=%2Fwp%2Fv2%2Fcomments&post=22201"}],"version-history":[{"count":0,"href":"https:\/\/arquivo.pedroleopoldo.mg.gov.br\/index.php?rest_route=\/wp\/v2\/posts\/22201\/revisions"}],"wp:featuredmedia":[{"embeddable":true,"href":"https:\/\/arquivo.pedroleopoldo.mg.gov.br\/index.php?rest_route=\/wp\/v2\/media\/22206"}],"wp:attachment":[{"href":"https:\/\/arquivo.pedroleopoldo.mg.gov.br\/index.php?rest_route=%2Fwp%2Fv2%2Fmedia&parent=22201"}],"wp:term":[{"taxonomy":"category","embeddable":true,"href":"https:\/\/arquivo.pedroleopoldo.mg.gov.br\/index.php?rest_route=%2Fwp%2Fv2%2Fcategories&post=22201"},{"taxonomy":"post_tag","embeddable":true,"href":"https:\/\/arquivo.pedroleopoldo.mg.gov.br\/index.php?rest_route=%2Fwp%2Fv2%2Ftags&post=22201"}],"curies":[{"name":"wp","href":"https:\/\/api.w.org\/{rel}","templated":true}]}}