{"id":22076,"date":"2023-02-07T16:46:56","date_gmt":"2023-02-07T19:46:56","guid":{"rendered":"http:\/\/pedroleopoldo.mg.gov.br\/?p=22076"},"modified":"2023-02-07T16:47:02","modified_gmt":"2023-02-07T19:47:02","slug":"prefeitura-de-pedro-leopoldo-adquire-mais-de-74-mil-fraldas-para-o-municipio","status":"publish","type":"post","link":"https:\/\/arquivo.pedroleopoldo.mg.gov.br\/?p=22076","title":{"rendered":"Prefeitura de Pedro Leopoldo adquire mais de 74 mil fraldas para o munic\u00edpio"},"content":{"rendered":"\n<p>Investimento de mais de 135 mil reais beneficiar\u00e1 popula\u00e7\u00e3o de baixa renda<\/p>\n\n\n\n<p>A fralda geri\u00e1trica \u00e9 um instrumento de grande import\u00e2ncia para higiene pessoal de pessoas portadoras de doen\u00e7as cr\u00f4nico-degenerativas ou simplesmente debilitadas por adversidades causadas pela idade. Pensando nisso, a Prefeitura de Pedro Leopoldo, por meio da Secretaria Municipal de Sa\u00fade, adquiriu 74 mil fraldas para o munic\u00edpio,&nbsp;o que&nbsp;significa um investimento pr\u00f3prio de&nbsp;mais&nbsp;135 mil reais em benef\u00edcio para a popula\u00e7\u00e3o.<\/p>\n\n\n\n<p>A distribui\u00e7\u00e3o das fraldas acontece conforme o Protocolo Municipal de Fraldas Geri\u00e1tricas de Pedro Leopoldo, que foi executado com a finalidade de racionalizar o uso das mesmas e criar um atendimento mais abrangente para a popula\u00e7\u00e3o, j\u00e1 que a demanda no munic\u00edpio \u00e9 grande.<\/p>\n\n\n\n<p>O p\u00fablico-alvo s\u00e3o pessoas de baixa renda, cadastradas nos programas socioassistenciais do munic\u00edpio, com alguma comorbidade que se encaixe no protocolo que pode ser acessado no site da Prefeitura. As entregas s\u00e3o feitas mensalmente na Farm\u00e1cia Central, de 8h \u00e0s 13h, de segunda a sexta-feira.<\/p>\n\n\n\n<p>O objetivo das entregas \u00e9 oferecer mais conforto e bem-estar aos pacientes, promovendo assim, mais qualidade de vida e dignidade.<\/p>\n\n\n\n<p>Al\u00e9m do fornecimento de fraldas, destaca-se que pessoas acima de 60 anos t\u00eam acesso ao Programa Aqui Tem Farm\u00e1cia Popular do Governo Federal, que disponibiliza o produto com desconto de 90% nas farm\u00e1cias credenciadas.<\/p>\n","protected":false},"excerpt":{"rendered":"<p>Investimento de mais de 135 mil reais beneficiar\u00e1 popula\u00e7\u00e3o de baixa renda A fralda geri\u00e1trica \u00e9 um instrumento de grande import\u00e2ncia para higiene pessoal de pessoas portadoras de doen\u00e7as cr\u00f4nico-degenerativas ou simplesmente debilitadas por adversidades causadas pela idade. Pensando nisso, a Prefeitura de Pedro Leopoldo, por meio da Secretaria Municipal de Sa\u00fade, adquiriu 74 mil &hellip; <a href=\"https:\/\/arquivo.pedroleopoldo.mg.gov.br\/?p=22076\" class=\"more-link\">Continuar lendo <span class=\"screen-reader-text\">Prefeitura de Pedro Leopoldo adquire mais de 74 mil fraldas para o munic\u00edpio<\/span><\/a><\/p>\n","protected":false},"author":1,"featured_media":22077,"comment_status":"closed","ping_status":"closed","sticky":false,"template":"","format":"standard","meta":{"footnotes":""},"categories":[4],"tags":[],"_links":{"self":[{"href":"https:\/\/arquivo.pedroleopoldo.mg.gov.br\/index.php?rest_route=\/wp\/v2\/posts\/22076"}],"collection":[{"href":"https:\/\/arquivo.pedroleopoldo.mg.gov.br\/index.php?rest_route=\/wp\/v2\/posts"}],"about":[{"href":"https:\/\/arquivo.pedroleopoldo.mg.gov.br\/index.php?rest_route=\/wp\/v2\/types\/post"}],"author":[{"embeddable":true,"href":"https:\/\/arquivo.pedroleopoldo.mg.gov.br\/index.php?rest_route=\/wp\/v2\/users\/1"}],"replies":[{"embeddable":true,"href":"https:\/\/arquivo.pedroleopoldo.mg.gov.br\/index.php?rest_route=%2Fwp%2Fv2%2Fcomments&post=22076"}],"version-history":[{"count":0,"href":"https:\/\/arquivo.pedroleopoldo.mg.gov.br\/index.php?rest_route=\/wp\/v2\/posts\/22076\/revisions"}],"wp:featuredmedia":[{"embeddable":true,"href":"https:\/\/arquivo.pedroleopoldo.mg.gov.br\/index.php?rest_route=\/wp\/v2\/media\/22077"}],"wp:attachment":[{"href":"https:\/\/arquivo.pedroleopoldo.mg.gov.br\/index.php?rest_route=%2Fwp%2Fv2%2Fmedia&parent=22076"}],"wp:term":[{"taxonomy":"category","embeddable":true,"href":"https:\/\/arquivo.pedroleopoldo.mg.gov.br\/index.php?rest_route=%2Fwp%2Fv2%2Fcategories&post=22076"},{"taxonomy":"post_tag","embeddable":true,"href":"https:\/\/arquivo.pedroleopoldo.mg.gov.br\/index.php?rest_route=%2Fwp%2Fv2%2Ftags&post=22076"}],"curies":[{"name":"wp","href":"https:\/\/api.w.org\/{rel}","templated":true}]}}