{"id":22013,"date":"2023-02-02T15:40:14","date_gmt":"2023-02-02T18:40:14","guid":{"rendered":"http:\/\/pedroleopoldo.mg.gov.br\/?p=22013"},"modified":"2023-02-02T15:40:19","modified_gmt":"2023-02-02T18:40:19","slug":"prefeitura-de-pedro-leopoldo-realiza-mais-um-mutirao-de-cirurgias-de-catarata-para-a-populacao","status":"publish","type":"post","link":"https:\/\/arquivo.pedroleopoldo.mg.gov.br\/?p=22013","title":{"rendered":"Prefeitura de Pedro Leopoldo realiza mais um mutir\u00e3o de cirurgias de catarata para a popula\u00e7\u00e3o"},"content":{"rendered":"\n<p class=\"has-text-align-center\"><em>Cerca de 60 pessoas foram beneficiadas por meio da a\u00e7\u00e3o da<br>Secretaria Municipal de Sa\u00fade<\/em><\/p>\n\n\n\n<p>A Prefeitura de Pedro Leopoldo,&nbsp; atrav\u00e9s da Secretaria Municipal de Sa\u00fade, realizou o primeiro \u201cmutir\u00e3o de catarata\u201d de 2023, no \u00faltimo dia 22 de janeiro. Neste primeiro momento, 60 opera\u00e7\u00f5es foram feitas gratuitamente.<\/p>\n\n\n\n<p>O procedimento, realizado no Hospital Dr. Eug\u00eanio Gomes de Carvalho, tem o objetivo de devolver uma vis\u00e3o de qualidade aos pacientes. Muitas pessoas voltam a viver de forma mais segura, tendo autonomia para a realiza\u00e7\u00e3o de algumas tarefas di\u00e1rias, anteriormente prejudicadas pela baixa vis\u00e3o. Sem contar que o risco de acidentes dom\u00e9sticos e at\u00e9 mesmo no tr\u00e2nsito, s\u00e3o diminu\u00eddos.&nbsp;<\/p>\n\n\n\n<p>De acordo com a Organiza\u00e7\u00e3o Mundial de Sa\u00fade (OMS), a catarata \u00e9 respons\u00e1vel por 51% dos casos que resultam em perda de vis\u00e3o no Brasil, por isso o procedimento \u00e9 de extrema import\u00e2ncia e indispens\u00e1vel.&nbsp;<\/p>\n\n\n\n<p>\u201cUma vis\u00e3o de qualidade \u00e9 um dos maiores privil\u00e9gios que um ser humano tem, faz toda diferen\u00e7a para se viver bem. Por este motivo, constru\u00edmos esta rica parceria com o Hospital Dr. Eug\u00eanio e estamos ajudando a melhorar a vida de v\u00e1rios pedroleopoldenses\u201d, disse o Secret\u00e1rio de Sa\u00fade, H\u00e9lio N\u00e9ri.&nbsp;<\/p>\n\n\n\n<p>Em 2022, a Prefeitura realizou 135 cirurgias, e, em 2023, o objetivo \u00e9 efetuar mais procedimentos e beneficiar mais pessoas. \u201cNo ano passado esta a\u00e7\u00e3o foi um sucesso, e, este ano, nosso objetivo \u00e9 realizar mais cirurgias, transformando a vida das pessoas atrav\u00e9s de uma vis\u00e3o de qualidade, que \u00e9 o que todos merecem\u201d, afirmou a prefeita Eloisa Helena.<\/p>\n\n\n\n<p>Para realiza\u00e7\u00e3o do procedimento o paciente precisa consultar na Unidade B\u00e1sica de Sa\u00fade de refer\u00eancia, no seu bairro. Se necess\u00e1rio, o m\u00e9dico o encaminha para o oftalmologista, e, caso o mesmo identifique a necessidade de cirurgia, o paciente deve protocolar a solicita\u00e7\u00e3o na Prefeitura.&nbsp;&nbsp;<\/p>\n\n\n\n<p>Os pacientes contam com uma equipe profissional altamente qualificada com vasta experi\u00eancia neste tipo de cirurgia.<\/p>\n\n\n\n<ul class=\"wp-block-devrix-easy-image-gallery-block easy-image-gallery thumbnails-4 linked\" data-total-slides=\"3\"><li><img decoding=\"async\" loading=\"lazy\" class=\"attachment-thumbnail size-thumbnail\" src=\"http:\/\/pedroleopoldo.mg.gov.br\/wp-content\/uploads\/2023\/02\/WhatsApp-Image-2023-02-01-at-10.50.44-2-150x150.jpeg\" data-slide-no=\"0\" alt=\"\" width=\"150\" height=\"150\"\/><\/li><li><img decoding=\"async\" loading=\"lazy\" class=\"attachment-thumbnail size-thumbnail\" src=\"http:\/\/pedroleopoldo.mg.gov.br\/wp-content\/uploads\/2023\/02\/WhatsApp-Image-2023-02-01-at-10.50.45-2-150x150.jpeg\" data-slide-no=\"1\" alt=\"\" width=\"150\" height=\"150\"\/><\/li><li><img decoding=\"async\" loading=\"lazy\" class=\"attachment-thumbnail size-thumbnail\" src=\"http:\/\/pedroleopoldo.mg.gov.br\/wp-content\/uploads\/2023\/02\/WhatsApp-Image-2023-02-01-at-10.50.44-1-1-150x150.jpeg\" data-slide-no=\"2\" alt=\"\" width=\"150\" height=\"150\"\/><\/li><\/ul>\n","protected":false},"excerpt":{"rendered":"<p>Cerca de 60 pessoas foram beneficiadas por meio da a\u00e7\u00e3o daSecretaria Municipal de Sa\u00fade A Prefeitura de Pedro Leopoldo,&nbsp; atrav\u00e9s da Secretaria Municipal de Sa\u00fade, realizou o primeiro \u201cmutir\u00e3o de catarata\u201d de 2023, no \u00faltimo dia 22 de janeiro. Neste primeiro momento, 60 opera\u00e7\u00f5es foram feitas gratuitamente. O procedimento, realizado no Hospital Dr. Eug\u00eanio Gomes &hellip; <a href=\"https:\/\/arquivo.pedroleopoldo.mg.gov.br\/?p=22013\" class=\"more-link\">Continuar lendo <span class=\"screen-reader-text\">Prefeitura de Pedro Leopoldo realiza mais um mutir\u00e3o de cirurgias de catarata para a popula\u00e7\u00e3o<\/span><\/a><\/p>\n","protected":false},"author":1,"featured_media":22018,"comment_status":"closed","ping_status":"closed","sticky":false,"template":"","format":"standard","meta":{"footnotes":""},"categories":[4],"tags":[],"_links":{"self":[{"href":"https:\/\/arquivo.pedroleopoldo.mg.gov.br\/index.php?rest_route=\/wp\/v2\/posts\/22013"}],"collection":[{"href":"https:\/\/arquivo.pedroleopoldo.mg.gov.br\/index.php?rest_route=\/wp\/v2\/posts"}],"about":[{"href":"https:\/\/arquivo.pedroleopoldo.mg.gov.br\/index.php?rest_route=\/wp\/v2\/types\/post"}],"author":[{"embeddable":true,"href":"https:\/\/arquivo.pedroleopoldo.mg.gov.br\/index.php?rest_route=\/wp\/v2\/users\/1"}],"replies":[{"embeddable":true,"href":"https:\/\/arquivo.pedroleopoldo.mg.gov.br\/index.php?rest_route=%2Fwp%2Fv2%2Fcomments&post=22013"}],"version-history":[{"count":0,"href":"https:\/\/arquivo.pedroleopoldo.mg.gov.br\/index.php?rest_route=\/wp\/v2\/posts\/22013\/revisions"}],"wp:featuredmedia":[{"embeddable":true,"href":"https:\/\/arquivo.pedroleopoldo.mg.gov.br\/index.php?rest_route=\/wp\/v2\/media\/22018"}],"wp:attachment":[{"href":"https:\/\/arquivo.pedroleopoldo.mg.gov.br\/index.php?rest_route=%2Fwp%2Fv2%2Fmedia&parent=22013"}],"wp:term":[{"taxonomy":"category","embeddable":true,"href":"https:\/\/arquivo.pedroleopoldo.mg.gov.br\/index.php?rest_route=%2Fwp%2Fv2%2Fcategories&post=22013"},{"taxonomy":"post_tag","embeddable":true,"href":"https:\/\/arquivo.pedroleopoldo.mg.gov.br\/index.php?rest_route=%2Fwp%2Fv2%2Ftags&post=22013"}],"curies":[{"name":"wp","href":"https:\/\/api.w.org\/{rel}","templated":true}]}}