{"id":22000,"date":"2023-02-01T16:09:48","date_gmt":"2023-02-01T19:09:48","guid":{"rendered":"http:\/\/pedroleopoldo.mg.gov.br\/?p=22000"},"modified":"2023-02-01T16:09:54","modified_gmt":"2023-02-01T19:09:54","slug":"prefeitura-presenteia-populacao-com-grande-festa-nos-99-anos-de-pl","status":"publish","type":"post","link":"https:\/\/arquivo.pedroleopoldo.mg.gov.br\/?p=22000","title":{"rendered":"Prefeitura presenteia popula\u00e7\u00e3o com grande festa nos 99 anos de PL"},"content":{"rendered":"\n<p><em>Show de pagode, Boi da Manta e uma programa\u00e7\u00e3o especial marcaram o \u00faltimo fim de semana na cidade. Mais de 30 mil pessoas j\u00e1 passaram pelos eventos<\/em><\/p>\n\n\n\n<p>A Prefeitura de Pedro Leopoldo deu in\u00edcio, na&nbsp;\u00faltima&nbsp;quinta-feira, dia 26,&nbsp;\u00e0s comemora\u00e7\u00f5es dos 99 anos da cidade, e abriu a contagem regressiva para o centen\u00e1rio que ser\u00e1 comemorado em 2024. Uma vasta programa\u00e7\u00e3o, que&nbsp;percorre&nbsp;v\u00e1rios pontos da cidade,&nbsp;vem trazendo&nbsp;muita alegria ao povo pedroleopoldense, que estava h\u00e1&nbsp;tr\u00eas&nbsp;anos sem festejar nas ruas devido \u00e0 pandemia.<\/p>\n\n\n\n<p>Na v\u00e9spera dos 99 anos de Pedro Leopoldo, o show da banda de pagode &#8220;S\u00f3 Pra Contrariar&#8221; recebeu, na rua Dr. Cristiano Otoni,\u00a0mais\u00a0de 10 mil pessoas que dan\u00e7aram e cantaram na noite da \u00faltima quinta-feira, 26 de janeiro. Motivo de elogios\u00a0por parte de\u00a0Cl\u00e1udia, que \u00e9 cadeirante e fez quest\u00e3o de prestigiar a festa. &#8220;Foi show\u00a0demais.\u00a0Est\u00e1 tudo lindo e tenho certeza que vai ficar ainda mais. Eu, como cidad\u00e3, convido a todos a participarem\u00a0destes eventos,\u00a0vale a pena&#8221;, disse.<\/p>\n\n\n\n<figure class=\"wp-block-image size-large is-resized\"><img decoding=\"async\" loading=\"lazy\" src=\"http:\/\/pedroleopoldo.mg.gov.br\/wp-content\/uploads\/2023\/02\/IMG_2809-668x1024.jpg\" alt=\"\" class=\"wp-image-22001\" width=\"202\" height=\"310\" srcset=\"https:\/\/arquivo.pedroleopoldo.mg.gov.br\/wp-content\/uploads\/2023\/02\/IMG_2809-668x1024.jpg 668w, https:\/\/arquivo.pedroleopoldo.mg.gov.br\/wp-content\/uploads\/2023\/02\/IMG_2809-196x300.jpg 196w, https:\/\/arquivo.pedroleopoldo.mg.gov.br\/wp-content\/uploads\/2023\/02\/IMG_2809-768x1177.jpg 768w, https:\/\/arquivo.pedroleopoldo.mg.gov.br\/wp-content\/uploads\/2023\/02\/IMG_2809.jpg 828w\" sizes=\"(max-width: 202px) 100vw, 202px\" \/><figcaption>Cl\u00e1udia, \u00e9 moradora de Pedro Leopoldo e fez quest\u00e3o de comparecer ao show do SPC.<\/figcaption><\/figure>\n\n\n\n<p>J\u00e1 no dia do anivers\u00e1rio, 27 de janeiro, uma b\u00ean\u00e7\u00e3o na pra\u00e7a Tancredo Neves antecedeu a primeira noite do tradicional Boi da Manta, que carregou uma multid\u00e3o na rua Comendador Ant\u00f4nio Alves,&nbsp;um total de aproximadamente&nbsp;20 mil pessoas, segundo a Pol\u00edcia Militar.<\/p>\n\n\n\n<p>A palavra &#8220;saudade&#8221; era que estava na boca do povo que comemorou o retorno das festividades.<\/p>\n\n\n\n<p>&#8220;Uma felicidade tudo isso. 99 anos da nossa cidade, nossas festas de volta. Temos muitos motivos para comemorar, estava com muita saudade dessa energia. E tudo muito bem organizado! Que venham nossos 100 anos&#8221;, disse a moradora, Cida Kuchenbecker.<\/p>\n\n\n\n<figure class=\"wp-block-image size-large is-resized\"><img decoding=\"async\" loading=\"lazy\" src=\"http:\/\/pedroleopoldo.mg.gov.br\/wp-content\/uploads\/2023\/02\/IMG_2806-651x1024.jpeg\" alt=\"\" class=\"wp-image-22002\" width=\"218\" height=\"342\" srcset=\"https:\/\/arquivo.pedroleopoldo.mg.gov.br\/wp-content\/uploads\/2023\/02\/IMG_2806-651x1024.jpeg 651w, https:\/\/arquivo.pedroleopoldo.mg.gov.br\/wp-content\/uploads\/2023\/02\/IMG_2806-191x300.jpeg 191w, https:\/\/arquivo.pedroleopoldo.mg.gov.br\/wp-content\/uploads\/2023\/02\/IMG_2806-768x1208.jpeg 768w, https:\/\/arquivo.pedroleopoldo.mg.gov.br\/wp-content\/uploads\/2023\/02\/IMG_2806.jpeg 828w\" sizes=\"(max-width: 218px) 100vw, 218px\" \/><figcaption>Cida Kuchenbecker, moradora de Pedro Leopoldo, curtindo a 1\u00aa noite do Boi da Manta<\/figcaption><\/figure>\n\n\n\n<p>Ainda no \u00faltimo s\u00e1bado, a Prefeitura inaugurou um belo e imponente painel de Led na Pra\u00e7a da Prefeitura, que faz a contagem regressiva para o centen\u00e1rio de Pedro Leopoldo.\u00a0A Prefeita Eloisa Helena tamb\u00e9m falou sobre o retorno das festas. &#8220;\u00c9 uma satisfa\u00e7\u00e3o enorme retomar nossas festas.\u00a0Preparamos tudo\u00a0com o maior carinho do mundo,\u00a0com muita responsabilidade,\u00a0e sempre pensado em todos os pedroleopoldenses. Vamos juntos, com muita for\u00e7a e trabalho,\u00a0rumo\u00a0aos nossos 100 anos\u201d, destacou.<\/p>\n\n\n\n<figure class=\"wp-block-image size-large is-resized\"><img decoding=\"async\" loading=\"lazy\" src=\"http:\/\/pedroleopoldo.mg.gov.br\/wp-content\/uploads\/2023\/02\/IMG_2244-768x1024.jpeg\" alt=\"\" class=\"wp-image-22003\" width=\"224\" height=\"299\" srcset=\"https:\/\/arquivo.pedroleopoldo.mg.gov.br\/wp-content\/uploads\/2023\/02\/IMG_2244-768x1024.jpeg 768w, https:\/\/arquivo.pedroleopoldo.mg.gov.br\/wp-content\/uploads\/2023\/02\/IMG_2244-225x300.jpeg 225w, https:\/\/arquivo.pedroleopoldo.mg.gov.br\/wp-content\/uploads\/2023\/02\/IMG_2244-1152x1536.jpeg 1152w, https:\/\/arquivo.pedroleopoldo.mg.gov.br\/wp-content\/uploads\/2023\/02\/IMG_2244-1536x2048.jpeg 1536w, https:\/\/arquivo.pedroleopoldo.mg.gov.br\/wp-content\/uploads\/2023\/02\/IMG_2244-scaled.jpeg 1920w\" sizes=\"(max-width: 224px) 100vw, 224px\" \/><figcaption>Prefeita Eloisa no show da banda S\u00f3 Pra Contrariar.<\/figcaption><\/figure>\n\n\n\n<p>Al\u00e9m do show do SPC e&nbsp;do Boi da Manta,&nbsp;na regi\u00e3o&nbsp;Norte&nbsp;tamb\u00e9m teve programa\u00e7\u00e3o. Muita&nbsp;divers\u00e3o para a crian\u00e7ada com a Rua de Lazer&nbsp;com&nbsp;muitos brinquedos, pipoca, algod\u00e3o doce e caminh\u00e3o da alegria. J\u00e1 no domingo, o circuito de bicicletas percorreu pontos tur\u00edsticos como a Pra\u00e7a da Esta\u00e7\u00e3o e o distrito de Vera Cruz de Minas, al\u00e9m \u00e9 claro, da tradicional Feirinha com muita m\u00fasica boa e as barraquinhas dos comerciantes locais.&nbsp;No dia 30, foi a vez do Boi da Manta em Lagoa de Santo Ant\u00f4nio, que foi um sucesso.<\/p>\n\n\n\n<p>Para conferir os melhores momentos da Festa de 99 anos, Boi da Manta e a programa\u00e7\u00e3o das festividades de carnaval, acesse as p\u00e1ginas no Facebook e Instagram, @prefeituradepedroleopoldo.<\/p>\n\n\n\n<p>Programa\u00e7\u00e3o 99 anos, Boi da Manta e Carnaval.<\/p>\n\n\n\n<p><a href=\"https:\/\/www.instagram.com\/p\/CnkU67KOPJ4\/?utm_source=ig_web_copy_link\">https:\/\/www.instagram.com\/p\/CnkU67KOPJ4\/?utm_source=ig_web_copy_link<\/a><\/p>\n\n\n\n<figure class=\"wp-block-gallery columns-3 is-cropped wp-block-gallery-1 is-layout-flex wp-block-gallery-is-layout-flex\"><ul class=\"blocks-gallery-grid\"><li class=\"blocks-gallery-item\"><figure><img decoding=\"async\" loading=\"lazy\" width=\"1024\" height=\"682\" src=\"http:\/\/pedroleopoldo.mg.gov.br\/wp-content\/uploads\/2023\/02\/WhatsApp-Image-2023-02-01-at-13.50.08-1024x682.jpeg\" alt=\"\" data-id=\"22004\" data-full-url=\"http:\/\/pedroleopoldo.mg.gov.br\/wp-content\/uploads\/2023\/02\/WhatsApp-Image-2023-02-01-at-13.50.08.jpeg\" data-link=\"http:\/\/pedroleopoldo.mg.gov.br\/?attachment_id=22004\" class=\"wp-image-22004\" srcset=\"https:\/\/arquivo.pedroleopoldo.mg.gov.br\/wp-content\/uploads\/2023\/02\/WhatsApp-Image-2023-02-01-at-13.50.08-1024x682.jpeg 1024w, https:\/\/arquivo.pedroleopoldo.mg.gov.br\/wp-content\/uploads\/2023\/02\/WhatsApp-Image-2023-02-01-at-13.50.08-300x200.jpeg 300w, https:\/\/arquivo.pedroleopoldo.mg.gov.br\/wp-content\/uploads\/2023\/02\/WhatsApp-Image-2023-02-01-at-13.50.08-768x512.jpeg 768w, https:\/\/arquivo.pedroleopoldo.mg.gov.br\/wp-content\/uploads\/2023\/02\/WhatsApp-Image-2023-02-01-at-13.50.08-1536x1023.jpeg 1536w, https:\/\/arquivo.pedroleopoldo.mg.gov.br\/wp-content\/uploads\/2023\/02\/WhatsApp-Image-2023-02-01-at-13.50.08.jpeg 1600w\" sizes=\"(max-width: 1024px) 100vw, 1024px\" \/><\/figure><\/li><li class=\"blocks-gallery-item\"><figure><img decoding=\"async\" loading=\"lazy\" width=\"768\" height=\"1024\" src=\"http:\/\/pedroleopoldo.mg.gov.br\/wp-content\/uploads\/2023\/02\/WhatsApp-Image-2023-02-01-at-13.50.03-768x1024.jpeg\" alt=\"\" data-id=\"22006\" data-full-url=\"http:\/\/pedroleopoldo.mg.gov.br\/wp-content\/uploads\/2023\/02\/WhatsApp-Image-2023-02-01-at-13.50.03.jpeg\" data-link=\"http:\/\/pedroleopoldo.mg.gov.br\/?attachment_id=22006\" class=\"wp-image-22006\" srcset=\"https:\/\/arquivo.pedroleopoldo.mg.gov.br\/wp-content\/uploads\/2023\/02\/WhatsApp-Image-2023-02-01-at-13.50.03-768x1024.jpeg 768w, https:\/\/arquivo.pedroleopoldo.mg.gov.br\/wp-content\/uploads\/2023\/02\/WhatsApp-Image-2023-02-01-at-13.50.03-225x300.jpeg 225w, https:\/\/arquivo.pedroleopoldo.mg.gov.br\/wp-content\/uploads\/2023\/02\/WhatsApp-Image-2023-02-01-at-13.50.03-1152x1536.jpeg 1152w, https:\/\/arquivo.pedroleopoldo.mg.gov.br\/wp-content\/uploads\/2023\/02\/WhatsApp-Image-2023-02-01-at-13.50.03.jpeg 1200w\" sizes=\"(max-width: 768px) 100vw, 768px\" \/><\/figure><\/li><li class=\"blocks-gallery-item\"><figure><img decoding=\"async\" loading=\"lazy\" width=\"1024\" height=\"768\" src=\"http:\/\/pedroleopoldo.mg.gov.br\/wp-content\/uploads\/2023\/02\/WhatsApp-Image-2023-02-01-at-13.50.04-1024x768.jpeg\" alt=\"\" data-id=\"22005\" data-full-url=\"http:\/\/pedroleopoldo.mg.gov.br\/wp-content\/uploads\/2023\/02\/WhatsApp-Image-2023-02-01-at-13.50.04.jpeg\" data-link=\"http:\/\/pedroleopoldo.mg.gov.br\/?attachment_id=22005\" class=\"wp-image-22005\" srcset=\"https:\/\/arquivo.pedroleopoldo.mg.gov.br\/wp-content\/uploads\/2023\/02\/WhatsApp-Image-2023-02-01-at-13.50.04-1024x768.jpeg 1024w, https:\/\/arquivo.pedroleopoldo.mg.gov.br\/wp-content\/uploads\/2023\/02\/WhatsApp-Image-2023-02-01-at-13.50.04-300x225.jpeg 300w, https:\/\/arquivo.pedroleopoldo.mg.gov.br\/wp-content\/uploads\/2023\/02\/WhatsApp-Image-2023-02-01-at-13.50.04-768x576.jpeg 768w, https:\/\/arquivo.pedroleopoldo.mg.gov.br\/wp-content\/uploads\/2023\/02\/WhatsApp-Image-2023-02-01-at-13.50.04-1536x1152.jpeg 1536w, https:\/\/arquivo.pedroleopoldo.mg.gov.br\/wp-content\/uploads\/2023\/02\/WhatsApp-Image-2023-02-01-at-13.50.04.jpeg 1600w\" sizes=\"(max-width: 1024px) 100vw, 1024px\" \/><\/figure><\/li><li class=\"blocks-gallery-item\"><figure><img decoding=\"async\" loading=\"lazy\" width=\"1024\" height=\"768\" src=\"http:\/\/pedroleopoldo.mg.gov.br\/wp-content\/uploads\/2023\/02\/WhatsApp-Image-2023-02-01-at-13.50.01-1024x768.jpeg\" alt=\"\" data-id=\"22007\" data-full-url=\"http:\/\/pedroleopoldo.mg.gov.br\/wp-content\/uploads\/2023\/02\/WhatsApp-Image-2023-02-01-at-13.50.01.jpeg\" data-link=\"http:\/\/pedroleopoldo.mg.gov.br\/?attachment_id=22007\" class=\"wp-image-22007\" srcset=\"https:\/\/arquivo.pedroleopoldo.mg.gov.br\/wp-content\/uploads\/2023\/02\/WhatsApp-Image-2023-02-01-at-13.50.01-1024x768.jpeg 1024w, https:\/\/arquivo.pedroleopoldo.mg.gov.br\/wp-content\/uploads\/2023\/02\/WhatsApp-Image-2023-02-01-at-13.50.01-300x225.jpeg 300w, https:\/\/arquivo.pedroleopoldo.mg.gov.br\/wp-content\/uploads\/2023\/02\/WhatsApp-Image-2023-02-01-at-13.50.01-768x576.jpeg 768w, https:\/\/arquivo.pedroleopoldo.mg.gov.br\/wp-content\/uploads\/2023\/02\/WhatsApp-Image-2023-02-01-at-13.50.01-1536x1152.jpeg 1536w, https:\/\/arquivo.pedroleopoldo.mg.gov.br\/wp-content\/uploads\/2023\/02\/WhatsApp-Image-2023-02-01-at-13.50.01.jpeg 1600w\" sizes=\"(max-width: 1024px) 100vw, 1024px\" \/><\/figure><\/li><li class=\"blocks-gallery-item\"><figure><img decoding=\"async\" loading=\"lazy\" width=\"1024\" height=\"768\" src=\"http:\/\/pedroleopoldo.mg.gov.br\/wp-content\/uploads\/2023\/02\/WhatsApp-Image-2023-02-01-at-13.50.00-1024x768.jpeg\" alt=\"\" data-id=\"22008\" data-full-url=\"http:\/\/pedroleopoldo.mg.gov.br\/wp-content\/uploads\/2023\/02\/WhatsApp-Image-2023-02-01-at-13.50.00.jpeg\" data-link=\"http:\/\/pedroleopoldo.mg.gov.br\/?attachment_id=22008\" class=\"wp-image-22008\" srcset=\"https:\/\/arquivo.pedroleopoldo.mg.gov.br\/wp-content\/uploads\/2023\/02\/WhatsApp-Image-2023-02-01-at-13.50.00-1024x768.jpeg 1024w, https:\/\/arquivo.pedroleopoldo.mg.gov.br\/wp-content\/uploads\/2023\/02\/WhatsApp-Image-2023-02-01-at-13.50.00-300x225.jpeg 300w, https:\/\/arquivo.pedroleopoldo.mg.gov.br\/wp-content\/uploads\/2023\/02\/WhatsApp-Image-2023-02-01-at-13.50.00-768x576.jpeg 768w, https:\/\/arquivo.pedroleopoldo.mg.gov.br\/wp-content\/uploads\/2023\/02\/WhatsApp-Image-2023-02-01-at-13.50.00-1536x1152.jpeg 1536w, https:\/\/arquivo.pedroleopoldo.mg.gov.br\/wp-content\/uploads\/2023\/02\/WhatsApp-Image-2023-02-01-at-13.50.00.jpeg 1600w\" sizes=\"(max-width: 1024px) 100vw, 1024px\" \/><\/figure><\/li><li class=\"blocks-gallery-item\"><figure><img decoding=\"async\" loading=\"lazy\" width=\"1024\" height=\"682\" src=\"http:\/\/pedroleopoldo.mg.gov.br\/wp-content\/uploads\/2023\/02\/WhatsApp-Image-2023-01-28-at-20.07.12-1024x682.jpeg\" alt=\"\" data-id=\"22009\" data-full-url=\"http:\/\/pedroleopoldo.mg.gov.br\/wp-content\/uploads\/2023\/02\/WhatsApp-Image-2023-01-28-at-20.07.12.jpeg\" data-link=\"http:\/\/pedroleopoldo.mg.gov.br\/?attachment_id=22009\" class=\"wp-image-22009\" srcset=\"https:\/\/arquivo.pedroleopoldo.mg.gov.br\/wp-content\/uploads\/2023\/02\/WhatsApp-Image-2023-01-28-at-20.07.12-1024x682.jpeg 1024w, https:\/\/arquivo.pedroleopoldo.mg.gov.br\/wp-content\/uploads\/2023\/02\/WhatsApp-Image-2023-01-28-at-20.07.12-300x200.jpeg 300w, https:\/\/arquivo.pedroleopoldo.mg.gov.br\/wp-content\/uploads\/2023\/02\/WhatsApp-Image-2023-01-28-at-20.07.12-768x512.jpeg 768w, https:\/\/arquivo.pedroleopoldo.mg.gov.br\/wp-content\/uploads\/2023\/02\/WhatsApp-Image-2023-01-28-at-20.07.12-1536x1023.jpeg 1536w, https:\/\/arquivo.pedroleopoldo.mg.gov.br\/wp-content\/uploads\/2023\/02\/WhatsApp-Image-2023-01-28-at-20.07.12.jpeg 1600w\" sizes=\"(max-width: 1024px) 100vw, 1024px\" \/><\/figure><\/li><li class=\"blocks-gallery-item\"><figure><img decoding=\"async\" loading=\"lazy\" width=\"1024\" height=\"768\" src=\"http:\/\/pedroleopoldo.mg.gov.br\/wp-content\/uploads\/2023\/02\/WhatsApp-Image-2023-02-01-at-13.37.07-1024x768.jpeg\" alt=\"\" data-id=\"22010\" data-full-url=\"http:\/\/pedroleopoldo.mg.gov.br\/wp-content\/uploads\/2023\/02\/WhatsApp-Image-2023-02-01-at-13.37.07.jpeg\" data-link=\"http:\/\/pedroleopoldo.mg.gov.br\/?attachment_id=22010\" class=\"wp-image-22010\" srcset=\"https:\/\/arquivo.pedroleopoldo.mg.gov.br\/wp-content\/uploads\/2023\/02\/WhatsApp-Image-2023-02-01-at-13.37.07-1024x768.jpeg 1024w, https:\/\/arquivo.pedroleopoldo.mg.gov.br\/wp-content\/uploads\/2023\/02\/WhatsApp-Image-2023-02-01-at-13.37.07-300x225.jpeg 300w, https:\/\/arquivo.pedroleopoldo.mg.gov.br\/wp-content\/uploads\/2023\/02\/WhatsApp-Image-2023-02-01-at-13.37.07-768x576.jpeg 768w, https:\/\/arquivo.pedroleopoldo.mg.gov.br\/wp-content\/uploads\/2023\/02\/WhatsApp-Image-2023-02-01-at-13.37.07-1536x1152.jpeg 1536w, https:\/\/arquivo.pedroleopoldo.mg.gov.br\/wp-content\/uploads\/2023\/02\/WhatsApp-Image-2023-02-01-at-13.37.07.jpeg 1600w\" sizes=\"(max-width: 1024px) 100vw, 1024px\" \/><\/figure><\/li><\/ul><\/figure>\n","protected":false},"excerpt":{"rendered":"<p>Show de pagode, Boi da Manta e uma programa\u00e7\u00e3o especial marcaram o \u00faltimo fim de semana na cidade. Mais de 30 mil pessoas j\u00e1 passaram pelos eventos A Prefeitura de Pedro Leopoldo deu in\u00edcio, na&nbsp;\u00faltima&nbsp;quinta-feira, dia 26,&nbsp;\u00e0s comemora\u00e7\u00f5es dos 99 anos da cidade, e abriu a contagem regressiva para o centen\u00e1rio que ser\u00e1 comemorado em &hellip; <a href=\"https:\/\/arquivo.pedroleopoldo.mg.gov.br\/?p=22000\" class=\"more-link\">Continuar lendo <span class=\"screen-reader-text\">Prefeitura presenteia popula\u00e7\u00e3o com grande festa nos 99 anos de PL<\/span><\/a><\/p>\n","protected":false},"author":1,"featured_media":22008,"comment_status":"closed","ping_status":"closed","sticky":false,"template":"","format":"standard","meta":{"footnotes":""},"categories":[4],"tags":[],"_links":{"self":[{"href":"https:\/\/arquivo.pedroleopoldo.mg.gov.br\/index.php?rest_route=\/wp\/v2\/posts\/22000"}],"collection":[{"href":"https:\/\/arquivo.pedroleopoldo.mg.gov.br\/index.php?rest_route=\/wp\/v2\/posts"}],"about":[{"href":"https:\/\/arquivo.pedroleopoldo.mg.gov.br\/index.php?rest_route=\/wp\/v2\/types\/post"}],"author":[{"embeddable":true,"href":"https:\/\/arquivo.pedroleopoldo.mg.gov.br\/index.php?rest_route=\/wp\/v2\/users\/1"}],"replies":[{"embeddable":true,"href":"https:\/\/arquivo.pedroleopoldo.mg.gov.br\/index.php?rest_route=%2Fwp%2Fv2%2Fcomments&post=22000"}],"version-history":[{"count":0,"href":"https:\/\/arquivo.pedroleopoldo.mg.gov.br\/index.php?rest_route=\/wp\/v2\/posts\/22000\/revisions"}],"wp:featuredmedia":[{"embeddable":true,"href":"https:\/\/arquivo.pedroleopoldo.mg.gov.br\/index.php?rest_route=\/wp\/v2\/media\/22008"}],"wp:attachment":[{"href":"https:\/\/arquivo.pedroleopoldo.mg.gov.br\/index.php?rest_route=%2Fwp%2Fv2%2Fmedia&parent=22000"}],"wp:term":[{"taxonomy":"category","embeddable":true,"href":"https:\/\/arquivo.pedroleopoldo.mg.gov.br\/index.php?rest_route=%2Fwp%2Fv2%2Fcategories&post=22000"},{"taxonomy":"post_tag","embeddable":true,"href":"https:\/\/arquivo.pedroleopoldo.mg.gov.br\/index.php?rest_route=%2Fwp%2Fv2%2Ftags&post=22000"}],"curies":[{"name":"wp","href":"https:\/\/api.w.org\/{rel}","templated":true}]}}