{"id":21948,"date":"2023-01-31T14:13:55","date_gmt":"2023-01-31T17:13:55","guid":{"rendered":"http:\/\/pedroleopoldo.mg.gov.br\/?p=21948"},"modified":"2023-01-31T14:13:59","modified_gmt":"2023-01-31T17:13:59","slug":"centro-especializado-de-odontologia-e-reinaugurado","status":"publish","type":"post","link":"https:\/\/arquivo.pedroleopoldo.mg.gov.br\/?p=21948","title":{"rendered":"Centro Especializado de Odontologia \u00e9 reinaugurado"},"content":{"rendered":"\n<p><em>Ap\u00f3s quase dois anos fechado CEO \u00e9 recebe revitaliza\u00e7\u00e3o e volta a funcionar<\/em><\/p>\n\n\n\n<p>Al\u00e9m de promover um sorriso bonito, os cuidados com a sa\u00fade bucal previne doen\u00e7as cr\u00f4nicas e graves. Por isso, a aten\u00e7\u00e3o da rede odontol\u00f3gica de um munic\u00edpio \u00e9 t\u00e3o importante. Pensando nisso, a Prefeitura de Pedro Leopoldo, por meio da Secretaria de Sa\u00fade, investe constantemente em melhorias para esta \u00e1rea necess\u00e1ria e indispens\u00e1vel.<\/p>\n\n\n\n<p>Recentemente, o Centro Especializado de Odontologia, localizado no bairro Romero de Carvalho, recebeu reforma geral, novos equipamentos e mais profissionais para atender a demanda da popula\u00e7\u00e3o. A institui\u00e7\u00e3o estava fechada desde 2020, e, no fim de 2022, foi reinaugurada pela atual gest\u00e3o. A unidade oferece os servi\u00e7os de Tratamento de Canal, Periodontia, Estomatologia, Cirurgia, e atendimento particularizado para pacientes portadores de necessidades especiais.<\/p>\n\n\n\n<p>\u201cA reabertura desta unidade, com as principais especialidades no cuidado em sa\u00fade bucal \u00e9 muito bom para nossa cidade, pois beneficia v\u00e1rias pessoas. Al\u00e9m do servi\u00e7o ser de excel\u00eancia, todos s\u00e3o atendidos com muito carinho\u201d, disse Luryan Caroline, moradora do bairro S\u00e3o Geraldo.<\/p>\n\n\n\n<p>Outros espa\u00e7os odontol\u00f3gicos tamb\u00e9m receberam melhoria ao longo dos dois \u00faltimos anos,&nbsp; a sala de odontologia da UBS de Vera Cruz, por exemplo, tamb\u00e9m estava inativa, e, no ano passado, foi reinaugurada ap\u00f3s reforma e aquisi\u00e7\u00e3o de novos equipamentos. Os consult\u00f3rios odontol\u00f3gicos do PA Lagoa receberam um espa\u00e7o individualizado para melhor atender os pacientes.<\/p>\n\n\n\n<p>\u201cInvestir na sa\u00fade \u00e9 uma de nossas prioridades, assumimos um compromisso que est\u00e1 sendo cumprido. Os moradores merecem os melhores cuidados poss\u00edveis, e continuaremos trabalhando para aperfei\u00e7oar estes espa\u00e7os destinados \u00e0 sa\u00fade\u201d, afirmou a prefeita Eloisa Helena.<\/p>\n\n\n\n<p><strong>Antes<\/strong><\/p>\n\n\n\n<figure class=\"wp-block-gallery columns-3 is-cropped wp-block-gallery-1 is-layout-flex wp-block-gallery-is-layout-flex\"><ul class=\"blocks-gallery-grid\"><li class=\"blocks-gallery-item\"><figure><img decoding=\"async\" loading=\"lazy\" width=\"1024\" height=\"768\" src=\"http:\/\/pedroleopoldo.mg.gov.br\/wp-content\/uploads\/2023\/01\/WhatsApp-Image-2023-01-24-at-17.51.52-3-1024x768.jpeg\" alt=\"\" data-id=\"21949\" data-link=\"http:\/\/pedroleopoldo.mg.gov.br\/?attachment_id=21949\" class=\"wp-image-21949\" srcset=\"https:\/\/arquivo.pedroleopoldo.mg.gov.br\/wp-content\/uploads\/2023\/01\/WhatsApp-Image-2023-01-24-at-17.51.52-3-1024x768.jpeg 1024w, https:\/\/arquivo.pedroleopoldo.mg.gov.br\/wp-content\/uploads\/2023\/01\/WhatsApp-Image-2023-01-24-at-17.51.52-3-300x225.jpeg 300w, https:\/\/arquivo.pedroleopoldo.mg.gov.br\/wp-content\/uploads\/2023\/01\/WhatsApp-Image-2023-01-24-at-17.51.52-3-768x576.jpeg 768w, https:\/\/arquivo.pedroleopoldo.mg.gov.br\/wp-content\/uploads\/2023\/01\/WhatsApp-Image-2023-01-24-at-17.51.52-3-1536x1152.jpeg 1536w, https:\/\/arquivo.pedroleopoldo.mg.gov.br\/wp-content\/uploads\/2023\/01\/WhatsApp-Image-2023-01-24-at-17.51.52-3.jpeg 1600w\" sizes=\"(max-width: 1024px) 100vw, 1024px\" \/><\/figure><\/li><li class=\"blocks-gallery-item\"><figure><img decoding=\"async\" loading=\"lazy\" width=\"1024\" height=\"768\" src=\"http:\/\/pedroleopoldo.mg.gov.br\/wp-content\/uploads\/2023\/01\/WhatsApp-Image-2023-01-24-at-17.51.52-1-1-1024x768.jpeg\" alt=\"\" data-id=\"21951\" data-link=\"http:\/\/pedroleopoldo.mg.gov.br\/?attachment_id=21951\" class=\"wp-image-21951\" srcset=\"https:\/\/arquivo.pedroleopoldo.mg.gov.br\/wp-content\/uploads\/2023\/01\/WhatsApp-Image-2023-01-24-at-17.51.52-1-1-1024x768.jpeg 1024w, https:\/\/arquivo.pedroleopoldo.mg.gov.br\/wp-content\/uploads\/2023\/01\/WhatsApp-Image-2023-01-24-at-17.51.52-1-1-300x225.jpeg 300w, https:\/\/arquivo.pedroleopoldo.mg.gov.br\/wp-content\/uploads\/2023\/01\/WhatsApp-Image-2023-01-24-at-17.51.52-1-1-768x576.jpeg 768w, https:\/\/arquivo.pedroleopoldo.mg.gov.br\/wp-content\/uploads\/2023\/01\/WhatsApp-Image-2023-01-24-at-17.51.52-1-1-1536x1152.jpeg 1536w, https:\/\/arquivo.pedroleopoldo.mg.gov.br\/wp-content\/uploads\/2023\/01\/WhatsApp-Image-2023-01-24-at-17.51.52-1-1.jpeg 1600w\" sizes=\"(max-width: 1024px) 100vw, 1024px\" \/><\/figure><\/li><li class=\"blocks-gallery-item\"><figure><img decoding=\"async\" loading=\"lazy\" width=\"1024\" height=\"768\" src=\"http:\/\/pedroleopoldo.mg.gov.br\/wp-content\/uploads\/2023\/01\/WhatsApp-Image-2023-01-24-at-17.51.52-2-1-1-1024x768.jpeg\" alt=\"\" data-id=\"21952\" data-full-url=\"http:\/\/pedroleopoldo.mg.gov.br\/wp-content\/uploads\/2023\/01\/WhatsApp-Image-2023-01-24-at-17.51.52-2-1-1.jpeg\" data-link=\"http:\/\/pedroleopoldo.mg.gov.br\/?attachment_id=21952\" class=\"wp-image-21952\" srcset=\"https:\/\/arquivo.pedroleopoldo.mg.gov.br\/wp-content\/uploads\/2023\/01\/WhatsApp-Image-2023-01-24-at-17.51.52-2-1-1-1024x768.jpeg 1024w, https:\/\/arquivo.pedroleopoldo.mg.gov.br\/wp-content\/uploads\/2023\/01\/WhatsApp-Image-2023-01-24-at-17.51.52-2-1-1-300x225.jpeg 300w, https:\/\/arquivo.pedroleopoldo.mg.gov.br\/wp-content\/uploads\/2023\/01\/WhatsApp-Image-2023-01-24-at-17.51.52-2-1-1-768x576.jpeg 768w, https:\/\/arquivo.pedroleopoldo.mg.gov.br\/wp-content\/uploads\/2023\/01\/WhatsApp-Image-2023-01-24-at-17.51.52-2-1-1-1536x1152.jpeg 1536w, https:\/\/arquivo.pedroleopoldo.mg.gov.br\/wp-content\/uploads\/2023\/01\/WhatsApp-Image-2023-01-24-at-17.51.52-2-1-1.jpeg 1600w\" sizes=\"(max-width: 1024px) 100vw, 1024px\" \/><\/figure><\/li><\/ul><\/figure>\n\n\n\n<p><strong>Depois<\/strong><\/p>\n\n\n\n<figure class=\"wp-block-gallery columns-3 is-cropped wp-block-gallery-3 is-layout-flex wp-block-gallery-is-layout-flex\"><ul class=\"blocks-gallery-grid\"><li class=\"blocks-gallery-item\"><figure><img decoding=\"async\" loading=\"lazy\" width=\"1024\" height=\"768\" src=\"http:\/\/pedroleopoldo.mg.gov.br\/wp-content\/uploads\/2023\/01\/WhatsApp-Image-2023-01-24-at-17.51.23-1-1024x768.jpeg\" alt=\"\" data-id=\"21953\" data-link=\"http:\/\/pedroleopoldo.mg.gov.br\/?attachment_id=21953\" class=\"wp-image-21953\" srcset=\"https:\/\/arquivo.pedroleopoldo.mg.gov.br\/wp-content\/uploads\/2023\/01\/WhatsApp-Image-2023-01-24-at-17.51.23-1-1024x768.jpeg 1024w, https:\/\/arquivo.pedroleopoldo.mg.gov.br\/wp-content\/uploads\/2023\/01\/WhatsApp-Image-2023-01-24-at-17.51.23-1-300x225.jpeg 300w, https:\/\/arquivo.pedroleopoldo.mg.gov.br\/wp-content\/uploads\/2023\/01\/WhatsApp-Image-2023-01-24-at-17.51.23-1-768x576.jpeg 768w, https:\/\/arquivo.pedroleopoldo.mg.gov.br\/wp-content\/uploads\/2023\/01\/WhatsApp-Image-2023-01-24-at-17.51.23-1-1536x1152.jpeg 1536w, https:\/\/arquivo.pedroleopoldo.mg.gov.br\/wp-content\/uploads\/2023\/01\/WhatsApp-Image-2023-01-24-at-17.51.23-1.jpeg 1600w\" sizes=\"(max-width: 1024px) 100vw, 1024px\" \/><\/figure><\/li><li class=\"blocks-gallery-item\"><figure><img decoding=\"async\" loading=\"lazy\" width=\"1024\" height=\"768\" src=\"http:\/\/pedroleopoldo.mg.gov.br\/wp-content\/uploads\/2023\/01\/WhatsApp-Image-2023-01-24-at-17.55.35-2.jpeg\" alt=\"\" data-id=\"21954\" data-full-url=\"http:\/\/pedroleopoldo.mg.gov.br\/wp-content\/uploads\/2023\/01\/WhatsApp-Image-2023-01-24-at-17.55.35-2.jpeg\" data-link=\"http:\/\/pedroleopoldo.mg.gov.br\/?attachment_id=21954\" class=\"wp-image-21954\" srcset=\"https:\/\/arquivo.pedroleopoldo.mg.gov.br\/wp-content\/uploads\/2023\/01\/WhatsApp-Image-2023-01-24-at-17.55.35-2.jpeg 1024w, https:\/\/arquivo.pedroleopoldo.mg.gov.br\/wp-content\/uploads\/2023\/01\/WhatsApp-Image-2023-01-24-at-17.55.35-2-300x225.jpeg 300w, https:\/\/arquivo.pedroleopoldo.mg.gov.br\/wp-content\/uploads\/2023\/01\/WhatsApp-Image-2023-01-24-at-17.55.35-2-768x576.jpeg 768w\" sizes=\"(max-width: 1024px) 100vw, 1024px\" \/><\/figure><\/li><li class=\"blocks-gallery-item\"><figure><img decoding=\"async\" loading=\"lazy\" width=\"1024\" height=\"768\" src=\"http:\/\/pedroleopoldo.mg.gov.br\/wp-content\/uploads\/2023\/01\/WhatsApp-Image-2023-01-24-at-17.55.35-1-1.jpeg\" alt=\"\" data-id=\"21955\" data-full-url=\"http:\/\/pedroleopoldo.mg.gov.br\/wp-content\/uploads\/2023\/01\/WhatsApp-Image-2023-01-24-at-17.55.35-1-1.jpeg\" data-link=\"http:\/\/pedroleopoldo.mg.gov.br\/?attachment_id=21955\" class=\"wp-image-21955\" srcset=\"https:\/\/arquivo.pedroleopoldo.mg.gov.br\/wp-content\/uploads\/2023\/01\/WhatsApp-Image-2023-01-24-at-17.55.35-1-1.jpeg 1024w, https:\/\/arquivo.pedroleopoldo.mg.gov.br\/wp-content\/uploads\/2023\/01\/WhatsApp-Image-2023-01-24-at-17.55.35-1-1-300x225.jpeg 300w, https:\/\/arquivo.pedroleopoldo.mg.gov.br\/wp-content\/uploads\/2023\/01\/WhatsApp-Image-2023-01-24-at-17.55.35-1-1-768x576.jpeg 768w\" sizes=\"(max-width: 1024px) 100vw, 1024px\" \/><\/figure><\/li><\/ul><\/figure>\n","protected":false},"excerpt":{"rendered":"<p>Ap\u00f3s quase dois anos fechado CEO \u00e9 recebe revitaliza\u00e7\u00e3o e volta a funcionar Al\u00e9m de promover um sorriso bonito, os cuidados com a sa\u00fade bucal previne doen\u00e7as cr\u00f4nicas e graves. Por isso, a aten\u00e7\u00e3o da rede odontol\u00f3gica de um munic\u00edpio \u00e9 t\u00e3o importante. Pensando nisso, a Prefeitura de Pedro Leopoldo, por meio da Secretaria de &hellip; <a href=\"https:\/\/arquivo.pedroleopoldo.mg.gov.br\/?p=21948\" class=\"more-link\">Continuar lendo <span class=\"screen-reader-text\">Centro Especializado de Odontologia \u00e9 reinaugurado<\/span><\/a><\/p>\n","protected":false},"author":1,"featured_media":21953,"comment_status":"closed","ping_status":"closed","sticky":false,"template":"","format":"standard","meta":{"footnotes":""},"categories":[4],"tags":[],"_links":{"self":[{"href":"https:\/\/arquivo.pedroleopoldo.mg.gov.br\/index.php?rest_route=\/wp\/v2\/posts\/21948"}],"collection":[{"href":"https:\/\/arquivo.pedroleopoldo.mg.gov.br\/index.php?rest_route=\/wp\/v2\/posts"}],"about":[{"href":"https:\/\/arquivo.pedroleopoldo.mg.gov.br\/index.php?rest_route=\/wp\/v2\/types\/post"}],"author":[{"embeddable":true,"href":"https:\/\/arquivo.pedroleopoldo.mg.gov.br\/index.php?rest_route=\/wp\/v2\/users\/1"}],"replies":[{"embeddable":true,"href":"https:\/\/arquivo.pedroleopoldo.mg.gov.br\/index.php?rest_route=%2Fwp%2Fv2%2Fcomments&post=21948"}],"version-history":[{"count":0,"href":"https:\/\/arquivo.pedroleopoldo.mg.gov.br\/index.php?rest_route=\/wp\/v2\/posts\/21948\/revisions"}],"wp:featuredmedia":[{"embeddable":true,"href":"https:\/\/arquivo.pedroleopoldo.mg.gov.br\/index.php?rest_route=\/wp\/v2\/media\/21953"}],"wp:attachment":[{"href":"https:\/\/arquivo.pedroleopoldo.mg.gov.br\/index.php?rest_route=%2Fwp%2Fv2%2Fmedia&parent=21948"}],"wp:term":[{"taxonomy":"category","embeddable":true,"href":"https:\/\/arquivo.pedroleopoldo.mg.gov.br\/index.php?rest_route=%2Fwp%2Fv2%2Fcategories&post=21948"},{"taxonomy":"post_tag","embeddable":true,"href":"https:\/\/arquivo.pedroleopoldo.mg.gov.br\/index.php?rest_route=%2Fwp%2Fv2%2Ftags&post=21948"}],"curies":[{"name":"wp","href":"https:\/\/api.w.org\/{rel}","templated":true}]}}