{"id":21712,"date":"2022-12-20T14:16:36","date_gmt":"2022-12-20T17:16:36","guid":{"rendered":"http:\/\/pedroleopoldo.mg.gov.br\/?p=21712"},"modified":"2022-12-20T14:16:40","modified_gmt":"2022-12-20T17:16:40","slug":"2o-termo-aditivo-ao-termo-de-fomento-003-2022-associacao-comunitaria-sao-sebastiao-asser","status":"publish","type":"post","link":"https:\/\/arquivo.pedroleopoldo.mg.gov.br\/?p=21712","title":{"rendered":"2\u00ba Termo Aditivo ao Termo de Fomento 003-2022 &#8211; ASSOCIA\u00c7\u00c3O COMUNIT\u00c1RIA S\u00c3O SEBASTI\u00c3O &#8211; ASSER"},"content":{"rendered":"<a href=\"https:\/\/pedroleopoldo.mg.gov.br\/wp-content\/uploads\/2022\/12\/2\u00ba-Termo-Aditivo-ao-Termo-de-Fomento-003-2022-ASSOCIA\u00c7\u00c3O-COMUNIT\u00c1RIA-S\u00c3O-SEBASTI\u00c3O-ASSER.pdf\" class=\"pdfemb-viewer\" style=\"\" data-width=\"max\" data-height=\"max\" data-toolbar=\"both\" data-toolbar-fixed=\"on\">2\u00ba-Termo-Aditivo-ao-Termo-de-Fomento-003-2022-ASSOCIA\u00c7\u00c3O-COMUNIT\u00c1RIA-S\u00c3O-SEBASTI\u00c3O-ASSER<\/a>\n<p class=\"wp-block-pdfemb-pdf-embedder-viewer\"><\/p>\n","protected":false},"excerpt":{"rendered":"","protected":false},"author":5,"featured_media":0,"comment_status":"closed","ping_status":"closed","sticky":false,"template":"","format":"standard","meta":{"footnotes":""},"categories":[1],"tags":[],"_links":{"self":[{"href":"https:\/\/arquivo.pedroleopoldo.mg.gov.br\/index.php?rest_route=\/wp\/v2\/posts\/21712"}],"collection":[{"href":"https:\/\/arquivo.pedroleopoldo.mg.gov.br\/index.php?rest_route=\/wp\/v2\/posts"}],"about":[{"href":"https:\/\/arquivo.pedroleopoldo.mg.gov.br\/index.php?rest_route=\/wp\/v2\/types\/post"}],"author":[{"embeddable":true,"href":"https:\/\/arquivo.pedroleopoldo.mg.gov.br\/index.php?rest_route=\/wp\/v2\/users\/5"}],"replies":[{"embeddable":true,"href":"https:\/\/arquivo.pedroleopoldo.mg.gov.br\/index.php?rest_route=%2Fwp%2Fv2%2Fcomments&post=21712"}],"version-history":[{"count":0,"href":"https:\/\/arquivo.pedroleopoldo.mg.gov.br\/index.php?rest_route=\/wp\/v2\/posts\/21712\/revisions"}],"wp:attachment":[{"href":"https:\/\/arquivo.pedroleopoldo.mg.gov.br\/index.php?rest_route=%2Fwp%2Fv2%2Fmedia&parent=21712"}],"wp:term":[{"taxonomy":"category","embeddable":true,"href":"https:\/\/arquivo.pedroleopoldo.mg.gov.br\/index.php?rest_route=%2Fwp%2Fv2%2Fcategories&post=21712"},{"taxonomy":"post_tag","embeddable":true,"href":"https:\/\/arquivo.pedroleopoldo.mg.gov.br\/index.php?rest_route=%2Fwp%2Fv2%2Ftags&post=21712"}],"curies":[{"name":"wp","href":"https:\/\/api.w.org\/{rel}","templated":true}]}}