{"id":21679,"date":"2022-12-14T15:41:23","date_gmt":"2022-12-14T18:41:23","guid":{"rendered":"http:\/\/pedroleopoldo.mg.gov.br\/?p=21679"},"modified":"2022-12-14T15:41:26","modified_gmt":"2022-12-14T18:41:26","slug":"vandalismo-destroi-equipamentos-e-espacos-publicos-em-pedro-leopoldo","status":"publish","type":"post","link":"https:\/\/arquivo.pedroleopoldo.mg.gov.br\/?p=21679","title":{"rendered":"Vandalismo destr\u00f3i equipamentos e espa\u00e7os p\u00fablicos em Pedro Leopoldo"},"content":{"rendered":"\n<p><em>Prefeitura tem feito v\u00e1rios servi\u00e7os que t\u00eam sido danificados por v\u00e2ndalos. Al\u00e9m de desperd\u00edcio de dinheiro p\u00fablico, esses atos podem gerar deten\u00e7\u00e3o<\/em><\/p>\n\n\n\n<p>A Prefeitura de Pedro Leopoldo vem fazendo o poss\u00edvel para melhorar a qualidade de vida dos pedroleopoldenses, mas, infelizmente, o vandalismo atrapalha o servi\u00e7o e aumenta o gasto do dinheiro p\u00fablico.<\/p>\n\n\n\n<p>Recentemente, a Prefeitura revitalizou&nbsp;os&nbsp;pontos de \u00f4nibus&nbsp;do munic\u00edpio, instalou mais lixeiras em locais p\u00fablicos e decorou as pra\u00e7as com lindos enfeites de&nbsp;Natal. Por\u00e9m,&nbsp;v\u00e1rios&nbsp;desses pontos foram&nbsp;danificados e, alguns equipamentos, ainda foram furtados. Lixeiras tipo cont\u00eaineres foram quebradas e o jardim da Pra\u00e7a da Prefeitura foi todo estragado ap\u00f3s a transmiss\u00e3o dos jogos da Copa e dos eventos de final de semana. Al\u00e9m disto, cartazes foram fixados na nova pintura dos pontos de \u00f4nibus. \u201cAs pessoas precisam zelar pelo que \u00e9 feito para elas mesmas. Cortaram cabos da ilumina\u00e7\u00e3o, puxaram fios, furtaram parte das luzes, estragaram a decora\u00e7\u00e3o natalina que fizemos com tanto carinho a pedido da prefeita Eloisa. Querem que fa\u00e7amos as coisas mas n\u00e3o zelam por elas. S\u00e3o&nbsp;atos muito graves, pois causam preju\u00edzos financeiros \u00e0 administra\u00e7\u00e3o.&nbsp;Lament\u00e1vel\u201d, disse Patr\u00edcia Rafael, Secret\u00e1ria de Cultura de Pedro Leopoldo.<\/p>\n\n\n\n<p>De acordo com&nbsp;o Procurador do Munic\u00edpio, Dr. Cristiano Pereira, o vandalismo&nbsp;caracteriza&nbsp;crime contra&nbsp;o patrim\u00f4nio p\u00fablico e \u00e9 pass\u00edvel de puni\u00e7\u00e3o. \u201cTemos leis que protegem o patrim\u00f4nio p\u00fablico. O Art.163, por exemplo, condena quem destr\u00f3i, inutiliza e deteriora coisas alheias. E isto pode gerar deten\u00e7\u00e3o de&nbsp;seis meses a um ano&nbsp;ou multa. Dependendo dos agravantes, a deten\u00e7\u00e3o pode variar&nbsp;at\u00e9&nbsp;tr\u00eas anos\u201d,&nbsp;alertou.<\/p>\n\n\n\n<p>As medidas relativas aos \u00faltimos ocorridos j\u00e1 est\u00e3o sendo tomadas pela Prefeitura de Pedro Leopoldo. Atos de vandalismo devem ser denunciados&nbsp;pelo telefone&nbsp;da Guarda Municipal no&nbsp;3662-3777&nbsp;ou 153.<\/p>\n","protected":false},"excerpt":{"rendered":"<p>Prefeitura tem feito v\u00e1rios servi\u00e7os que t\u00eam sido danificados por v\u00e2ndalos. Al\u00e9m de desperd\u00edcio de dinheiro p\u00fablico, esses atos podem gerar deten\u00e7\u00e3o A Prefeitura de Pedro Leopoldo vem fazendo o poss\u00edvel para melhorar a qualidade de vida dos pedroleopoldenses, mas, infelizmente, o vandalismo atrapalha o servi\u00e7o e aumenta o gasto do dinheiro p\u00fablico. Recentemente, a &hellip; <a href=\"https:\/\/arquivo.pedroleopoldo.mg.gov.br\/?p=21679\" class=\"more-link\">Continuar lendo <span class=\"screen-reader-text\">Vandalismo destr\u00f3i equipamentos e espa\u00e7os p\u00fablicos em Pedro Leopoldo<\/span><\/a><\/p>\n","protected":false},"author":1,"featured_media":21682,"comment_status":"closed","ping_status":"closed","sticky":false,"template":"","format":"standard","meta":{"footnotes":""},"categories":[4],"tags":[],"_links":{"self":[{"href":"https:\/\/arquivo.pedroleopoldo.mg.gov.br\/index.php?rest_route=\/wp\/v2\/posts\/21679"}],"collection":[{"href":"https:\/\/arquivo.pedroleopoldo.mg.gov.br\/index.php?rest_route=\/wp\/v2\/posts"}],"about":[{"href":"https:\/\/arquivo.pedroleopoldo.mg.gov.br\/index.php?rest_route=\/wp\/v2\/types\/post"}],"author":[{"embeddable":true,"href":"https:\/\/arquivo.pedroleopoldo.mg.gov.br\/index.php?rest_route=\/wp\/v2\/users\/1"}],"replies":[{"embeddable":true,"href":"https:\/\/arquivo.pedroleopoldo.mg.gov.br\/index.php?rest_route=%2Fwp%2Fv2%2Fcomments&post=21679"}],"version-history":[{"count":0,"href":"https:\/\/arquivo.pedroleopoldo.mg.gov.br\/index.php?rest_route=\/wp\/v2\/posts\/21679\/revisions"}],"wp:featuredmedia":[{"embeddable":true,"href":"https:\/\/arquivo.pedroleopoldo.mg.gov.br\/index.php?rest_route=\/wp\/v2\/media\/21682"}],"wp:attachment":[{"href":"https:\/\/arquivo.pedroleopoldo.mg.gov.br\/index.php?rest_route=%2Fwp%2Fv2%2Fmedia&parent=21679"}],"wp:term":[{"taxonomy":"category","embeddable":true,"href":"https:\/\/arquivo.pedroleopoldo.mg.gov.br\/index.php?rest_route=%2Fwp%2Fv2%2Fcategories&post=21679"},{"taxonomy":"post_tag","embeddable":true,"href":"https:\/\/arquivo.pedroleopoldo.mg.gov.br\/index.php?rest_route=%2Fwp%2Fv2%2Ftags&post=21679"}],"curies":[{"name":"wp","href":"https:\/\/api.w.org\/{rel}","templated":true}]}}