{"id":21624,"date":"2022-12-07T15:59:14","date_gmt":"2022-12-07T18:59:14","guid":{"rendered":"http:\/\/pedroleopoldo.mg.gov.br\/?p=21624"},"modified":"2022-12-07T15:59:17","modified_gmt":"2022-12-07T18:59:17","slug":"prefeitura-divulga-vasta-programacao-para-comemorar-a-chegada-do-natal","status":"publish","type":"post","link":"https:\/\/arquivo.pedroleopoldo.mg.gov.br\/?p=21624","title":{"rendered":"Prefeitura divulga vasta programa\u00e7\u00e3o para comemorar a chegada do Natal"},"content":{"rendered":"\n<p><em>Shows musicais, feirinha especial, presen\u00e7a do papai noel e apresenta\u00e7\u00f5es art\u00edsticas est\u00e3o dentro das atra\u00e7\u00f5es natalinas da Prefeitura de Pedro Leopoldo. O munic\u00edpio est\u00e1 recebendo, ainda, uma linda ilumina\u00e7\u00e3o de Natal<\/em><\/p>\n\n\n\n<p>A Prefeitura de Pedro Leopoldo j\u00e1 est\u00e1 em clima natalino, e, para comemorar este per\u00edodo m\u00e1gico do ano, as pra\u00e7as do munic\u00edpio est\u00e3o sendo enfeitadas e uma programa\u00e7\u00e3o especial de festejos foi criada. As pra\u00e7as da Prefeitura e da Esta\u00e7\u00e3o j\u00e1 est\u00e3o lindamente decoradas e a magia do Natal j\u00e1 est\u00e1 por l\u00e1. E as pra\u00e7as Tancredo Neves e Dr. Senra est\u00e3o sendo preparadas para receberem os enfeites.<\/p>\n\n\n\n<p>Al\u00e9m da bela decora\u00e7\u00e3o, a Prefeitura, por meio da Secretaria de Cultura, realizou uma programa\u00e7\u00e3o mais que especial para os pedroleopoldenses comemorarem esse m\u00eas de renova\u00e7\u00e3o, amor e alegria.<\/p>\n\n\n\n<p>No pr\u00f3ximo s\u00e1bado, 10, \u00e0s 20h, acontece, na pra\u00e7a da Prefeitura, a inaugura\u00e7\u00e3o do Natal Iluminado. O evento contar\u00e1 com a presen\u00e7a do Papai Noel para animar a crian\u00e7ada. Durante a semana outras diversas a\u00e7\u00f5es ir\u00e3o acontecer no munic\u00edpio.<\/p>\n\n\n\n<p>No domingo, 11, teremos Feira de Artesanatos e Comidas T\u00edpicas, das 10h \u00e0s 15h, na Pra\u00e7a da Esta\u00e7\u00e3o, com apresenta\u00e7\u00e3o do grupo \u201cRoda de Samba\u201d. E a partir das 17h, na pra\u00e7a da Prefeitura, come\u00e7a a comemora\u00e7\u00e3o dos 110 anos da Corpora\u00e7\u00e3o Musical Cachoeira Grande, com apresenta\u00e7\u00e3o do espet\u00e1culo \u201cM\u00fasica por mais 100 anos\u201d e encerramento com show da banda Outubro Vermelho.<\/p>\n\n\n\n<p>Na quarta-feira, 14, \u00e9 dia do espet\u00e1culo \u201cTambores de A\u00e7o\u201d, com o caminh\u00e3o palco da Funda\u00e7\u00e3o CSN. Sexta-feira, 16, a noite \u00e9 totalmente dedicada \u00e0 crian\u00e7ada, com \u201cCantada de Natal\u201d, com os corais de Pedro Leopoldo e a presen\u00e7a do Mickey e da Minnie de Natal, a partir das 20h.<\/p>\n\n\n\n<p>No dia 17 de dezembro, s\u00e1bado, ser\u00e1 realizada a Feira de Artesanato e Comidas T\u00edpicas, das 19h \u00e0s 23h, na pra\u00e7a da Prefeitura, com apresenta\u00e7\u00e3o do m\u00fasico Cac\u00e1 Vieira e banda e presen\u00e7a do Mickey e da Minnie de Natal. Do dia 18 ao dia 23, o Papai Noel estar\u00e1 na pra\u00e7a da Prefeitura recebendo a crian\u00e7ada, sempre das 20h \u00e0s 22h. \u201cNatal \u00e9 uma \u00e9poca t\u00e3o bonita e aben\u00e7oada. Enfeitar a cidade e promover uma programa\u00e7\u00e3o natalina \u00e9 muito prazeroso para n\u00f3s e, tenho certeza, tamb\u00e9m para nossos moradores e visitantes. Ano passado nossa ilumina\u00e7\u00e3o foi um sucesso e esse ano ser\u00e1 ainda maior e melhor, para que todos possam desfrutar da alegria deste momento\u201d, disse a Prefeita Eloisa Helena.<\/p>\n","protected":false},"excerpt":{"rendered":"<p>Shows musicais, feirinha especial, presen\u00e7a do papai noel e apresenta\u00e7\u00f5es art\u00edsticas est\u00e3o dentro das atra\u00e7\u00f5es natalinas da Prefeitura de Pedro Leopoldo. O munic\u00edpio est\u00e1 recebendo, ainda, uma linda ilumina\u00e7\u00e3o de Natal A Prefeitura de Pedro Leopoldo j\u00e1 est\u00e1 em clima natalino, e, para comemorar este per\u00edodo m\u00e1gico do ano, as pra\u00e7as do munic\u00edpio est\u00e3o sendo &hellip; <a href=\"https:\/\/arquivo.pedroleopoldo.mg.gov.br\/?p=21624\" class=\"more-link\">Continuar lendo <span class=\"screen-reader-text\">Prefeitura divulga vasta programa\u00e7\u00e3o para comemorar a chegada do Natal<\/span><\/a><\/p>\n","protected":false},"author":1,"featured_media":21626,"comment_status":"closed","ping_status":"closed","sticky":false,"template":"","format":"standard","meta":{"footnotes":""},"categories":[4],"tags":[],"_links":{"self":[{"href":"https:\/\/arquivo.pedroleopoldo.mg.gov.br\/index.php?rest_route=\/wp\/v2\/posts\/21624"}],"collection":[{"href":"https:\/\/arquivo.pedroleopoldo.mg.gov.br\/index.php?rest_route=\/wp\/v2\/posts"}],"about":[{"href":"https:\/\/arquivo.pedroleopoldo.mg.gov.br\/index.php?rest_route=\/wp\/v2\/types\/post"}],"author":[{"embeddable":true,"href":"https:\/\/arquivo.pedroleopoldo.mg.gov.br\/index.php?rest_route=\/wp\/v2\/users\/1"}],"replies":[{"embeddable":true,"href":"https:\/\/arquivo.pedroleopoldo.mg.gov.br\/index.php?rest_route=%2Fwp%2Fv2%2Fcomments&post=21624"}],"version-history":[{"count":0,"href":"https:\/\/arquivo.pedroleopoldo.mg.gov.br\/index.php?rest_route=\/wp\/v2\/posts\/21624\/revisions"}],"wp:featuredmedia":[{"embeddable":true,"href":"https:\/\/arquivo.pedroleopoldo.mg.gov.br\/index.php?rest_route=\/wp\/v2\/media\/21626"}],"wp:attachment":[{"href":"https:\/\/arquivo.pedroleopoldo.mg.gov.br\/index.php?rest_route=%2Fwp%2Fv2%2Fmedia&parent=21624"}],"wp:term":[{"taxonomy":"category","embeddable":true,"href":"https:\/\/arquivo.pedroleopoldo.mg.gov.br\/index.php?rest_route=%2Fwp%2Fv2%2Fcategories&post=21624"},{"taxonomy":"post_tag","embeddable":true,"href":"https:\/\/arquivo.pedroleopoldo.mg.gov.br\/index.php?rest_route=%2Fwp%2Fv2%2Ftags&post=21624"}],"curies":[{"name":"wp","href":"https:\/\/api.w.org\/{rel}","templated":true}]}}