{"id":21607,"date":"2022-12-06T13:16:04","date_gmt":"2022-12-06T16:16:04","guid":{"rendered":"http:\/\/pedroleopoldo.mg.gov.br\/?p=21607"},"modified":"2022-12-06T13:16:09","modified_gmt":"2022-12-06T16:16:09","slug":"atual-gestao-amplia-e-traz-diversas-melhorias-para-o-transporte-escolar","status":"publish","type":"post","link":"https:\/\/arquivo.pedroleopoldo.mg.gov.br\/?p=21607","title":{"rendered":"Atual gest\u00e3o amplia e traz diversas melhorias para o transporte escolar"},"content":{"rendered":"\n<p><em>Amplia\u00e7\u00e3o do n\u00famero de alunos atendidos,\u00a0acr\u00e9scimo de rotas, adequa\u00e7\u00e3o do n\u00famero de passageiros para comportar somente pessoas sentadas e separa\u00e7\u00e3o por faixa et\u00e1ria foram algumas das benfeitorias desta administra\u00e7\u00e3o<\/em><br><\/p>\n\n\n\n<p>A atual administra\u00e7\u00e3o tem investido muito em educa\u00e7\u00e3o, com valoriza\u00e7\u00e3o de professores, instala\u00e7\u00e3o do faceschool, merenda de qualidade,&nbsp;entrega de tablets, novos mobili\u00e1rios, parquinhos, reforma de escolas,&nbsp;entrega de kits escolares, compra de uniformes para toda a rede, entre outras melhorias.&nbsp;Recentemente, a&nbsp;Prefeitura de Pedro Leopoldo realizou diversas mudan\u00e7as positivas no sistema de transporte escolar do munic\u00edpio.&nbsp;\u201cO transporte escolar era um dos pontos que n\u00f3s, quando assumimos, detectamos que necessitava de diversas interven\u00e7\u00f5es para trazer mais comodidade e seguran\u00e7a para nossos alunos e fam\u00edlias. E isso foi prioridade\u201d, destacou a Prefeita Eloisa Helena.<\/p>\n\n\n\n<p>Uma das principais mudan\u00e7as no Transporte Escolar foi a separa\u00e7\u00e3o por faixas et\u00e1rias. Diminuiu-se exponencialmente o n\u00famero de alunos de faixas et\u00e1rias diferentes dentro do mesmo hor\u00e1rio de transporte. Al\u00e9m disto, foi adequado o n\u00famero de passageiros, acabando com a superlota\u00e7\u00e3o. \u201cHoje, os alunos do Ensino Infantil s\u00e3o transportados em hor\u00e1rios exclusivos para eles, bem como os do Fundamental e do M\u00e9dio, separando os alunos por faixa et\u00e1ria e escolar. No infantil, as rotas atendem com 100% de alunos sentados, o que n\u00e3o acontecia. Tamb\u00e9m houve a readequa\u00e7\u00e3o de v\u00e1rias rotas, em especial as que atendem a regi\u00e3o da Lagoa de Santo Ant\u00f4nio e zona rural, acabando com a superlota\u00e7\u00e3o de v\u00e1rios hor\u00e1rios e trechos. Os ve\u00edculos de transporte escolar transportam hoje n\u00famero adequado de passageiros, sem excessos\u201d, disse o respons\u00e1vel pelo setor, Andr\u00e9 Santos.<\/p>\n\n\n\n<p><strong>Amplia\u00e7\u00e3o do atendimento na Regi\u00e3o Norte<\/strong><\/p>\n\n\n\n<p>Al\u00e9m disto, v\u00e1rias rotas foram ampliadas para que se atendesse um maior n\u00famero de alunos, ampliando o n\u00famero de beneficiados na regi\u00e3o Norte da cidade. As escolas municipais Izabel Gomes e Tia Bendoca receberam acr\u00e9scimo de atendimento, e todas as rotas noturnas passaram por revis\u00e3o de trajeto, em especial as que atendem \u00e0 regi\u00e3o Norte, visando maior seguran\u00e7a e conforto ao aluno, ampliando o atendimento interno aos bairros Novo Campinho, Felipe Cl\u00e1udio, Dom Camilo e regi\u00e3o.<br>Houve a implementa\u00e7\u00e3o do transporte escolar para o 6\u00ba hor\u00e1rio na rede estadual de ensino e foram criadas rotas extras para esse atendimento. Em 2023, a confirmar-se o planejamento estadual, o servi\u00e7o ser\u00e1 ampliado tamb\u00e9m aos alunos do 2\u00ba ano do ensino m\u00e9dio.<br>Tamb\u00e9m vem sendo regularizadas ao longo do ano de 2022, todas as inscri\u00e7\u00f5es para uso do sistema de Transporte Escolar, com lan\u00e7amento e atualiza\u00e7\u00e3o de informa\u00e7\u00f5es no sistema de gerenciamento municipal. Hoje, o sistema registra 1300 alunos da rede municipal, e 1029 alunos da rede estadual, atendidos nos tr\u00eas turnos. O credenciamento dos usu\u00e1rios passou por revis\u00e3o e adequa\u00e7\u00e3o dos sistemas, sendo ferramenta fundamental para o adequado dimensionamento do sistema.<\/p>\n\n\n\n<figure class=\"wp-block-image size-large\"><img decoding=\"async\" loading=\"lazy\" width=\"768\" height=\"1024\" src=\"http:\/\/pedroleopoldo.mg.gov.br\/wp-content\/uploads\/2022\/12\/WhatsApp-Image-2022-12-06-at-11.05.59-1-768x1024.jpeg\" alt=\"\" class=\"wp-image-21610\" srcset=\"https:\/\/arquivo.pedroleopoldo.mg.gov.br\/wp-content\/uploads\/2022\/12\/WhatsApp-Image-2022-12-06-at-11.05.59-1-768x1024.jpeg 768w, https:\/\/arquivo.pedroleopoldo.mg.gov.br\/wp-content\/uploads\/2022\/12\/WhatsApp-Image-2022-12-06-at-11.05.59-1-225x300.jpeg 225w, https:\/\/arquivo.pedroleopoldo.mg.gov.br\/wp-content\/uploads\/2022\/12\/WhatsApp-Image-2022-12-06-at-11.05.59-1-1152x1536.jpeg 1152w, https:\/\/arquivo.pedroleopoldo.mg.gov.br\/wp-content\/uploads\/2022\/12\/WhatsApp-Image-2022-12-06-at-11.05.59-1.jpeg 1200w\" sizes=\"(max-width: 768px) 100vw, 768px\" \/><\/figure>\n\n\n\n<figure class=\"wp-block-image size-large\"><img decoding=\"async\" loading=\"lazy\" width=\"986\" height=\"1024\" src=\"http:\/\/pedroleopoldo.mg.gov.br\/wp-content\/uploads\/2022\/12\/WhatsApp-Image-2022-12-06-at-11.29.10-2-986x1024.jpeg\" alt=\"\" class=\"wp-image-21611\" srcset=\"https:\/\/arquivo.pedroleopoldo.mg.gov.br\/wp-content\/uploads\/2022\/12\/WhatsApp-Image-2022-12-06-at-11.29.10-2-986x1024.jpeg 986w, https:\/\/arquivo.pedroleopoldo.mg.gov.br\/wp-content\/uploads\/2022\/12\/WhatsApp-Image-2022-12-06-at-11.29.10-2-289x300.jpeg 289w, https:\/\/arquivo.pedroleopoldo.mg.gov.br\/wp-content\/uploads\/2022\/12\/WhatsApp-Image-2022-12-06-at-11.29.10-2-768x797.jpeg 768w, https:\/\/arquivo.pedroleopoldo.mg.gov.br\/wp-content\/uploads\/2022\/12\/WhatsApp-Image-2022-12-06-at-11.29.10-2.jpeg 1150w\" sizes=\"(max-width: 986px) 100vw, 986px\" \/><\/figure>\n\n\n\n<figure class=\"wp-block-image size-large\"><img decoding=\"async\" loading=\"lazy\" width=\"1024\" height=\"768\" src=\"http:\/\/pedroleopoldo.mg.gov.br\/wp-content\/uploads\/2022\/12\/WhatsApp-Image-2022-12-06-at-11.49.24-1024x768.jpeg\" alt=\"\" class=\"wp-image-21612\" srcset=\"https:\/\/arquivo.pedroleopoldo.mg.gov.br\/wp-content\/uploads\/2022\/12\/WhatsApp-Image-2022-12-06-at-11.49.24-1024x768.jpeg 1024w, https:\/\/arquivo.pedroleopoldo.mg.gov.br\/wp-content\/uploads\/2022\/12\/WhatsApp-Image-2022-12-06-at-11.49.24-300x225.jpeg 300w, https:\/\/arquivo.pedroleopoldo.mg.gov.br\/wp-content\/uploads\/2022\/12\/WhatsApp-Image-2022-12-06-at-11.49.24-768x576.jpeg 768w, https:\/\/arquivo.pedroleopoldo.mg.gov.br\/wp-content\/uploads\/2022\/12\/WhatsApp-Image-2022-12-06-at-11.49.24-1536x1152.jpeg 1536w, https:\/\/arquivo.pedroleopoldo.mg.gov.br\/wp-content\/uploads\/2022\/12\/WhatsApp-Image-2022-12-06-at-11.49.24.jpeg 1600w\" sizes=\"(max-width: 1024px) 100vw, 1024px\" \/><\/figure>\n\n\n\n<p><\/p>\n","protected":false},"excerpt":{"rendered":"<p>Amplia\u00e7\u00e3o do n\u00famero de alunos atendidos,\u00a0acr\u00e9scimo de rotas, adequa\u00e7\u00e3o do n\u00famero de passageiros para comportar somente pessoas sentadas e separa\u00e7\u00e3o por faixa et\u00e1ria foram algumas das benfeitorias desta administra\u00e7\u00e3o A atual administra\u00e7\u00e3o tem investido muito em educa\u00e7\u00e3o, com valoriza\u00e7\u00e3o de professores, instala\u00e7\u00e3o do faceschool, merenda de qualidade,&nbsp;entrega de tablets, novos mobili\u00e1rios, parquinhos, reforma de escolas,&nbsp;entrega &hellip; <a href=\"https:\/\/arquivo.pedroleopoldo.mg.gov.br\/?p=21607\" class=\"more-link\">Continuar lendo <span class=\"screen-reader-text\">Atual gest\u00e3o amplia e traz diversas melhorias para o transporte escolar<\/span><\/a><\/p>\n","protected":false},"author":1,"featured_media":21609,"comment_status":"closed","ping_status":"closed","sticky":false,"template":"","format":"standard","meta":{"footnotes":""},"categories":[4],"tags":[],"_links":{"self":[{"href":"https:\/\/arquivo.pedroleopoldo.mg.gov.br\/index.php?rest_route=\/wp\/v2\/posts\/21607"}],"collection":[{"href":"https:\/\/arquivo.pedroleopoldo.mg.gov.br\/index.php?rest_route=\/wp\/v2\/posts"}],"about":[{"href":"https:\/\/arquivo.pedroleopoldo.mg.gov.br\/index.php?rest_route=\/wp\/v2\/types\/post"}],"author":[{"embeddable":true,"href":"https:\/\/arquivo.pedroleopoldo.mg.gov.br\/index.php?rest_route=\/wp\/v2\/users\/1"}],"replies":[{"embeddable":true,"href":"https:\/\/arquivo.pedroleopoldo.mg.gov.br\/index.php?rest_route=%2Fwp%2Fv2%2Fcomments&post=21607"}],"version-history":[{"count":0,"href":"https:\/\/arquivo.pedroleopoldo.mg.gov.br\/index.php?rest_route=\/wp\/v2\/posts\/21607\/revisions"}],"wp:featuredmedia":[{"embeddable":true,"href":"https:\/\/arquivo.pedroleopoldo.mg.gov.br\/index.php?rest_route=\/wp\/v2\/media\/21609"}],"wp:attachment":[{"href":"https:\/\/arquivo.pedroleopoldo.mg.gov.br\/index.php?rest_route=%2Fwp%2Fv2%2Fmedia&parent=21607"}],"wp:term":[{"taxonomy":"category","embeddable":true,"href":"https:\/\/arquivo.pedroleopoldo.mg.gov.br\/index.php?rest_route=%2Fwp%2Fv2%2Fcategories&post=21607"},{"taxonomy":"post_tag","embeddable":true,"href":"https:\/\/arquivo.pedroleopoldo.mg.gov.br\/index.php?rest_route=%2Fwp%2Fv2%2Ftags&post=21607"}],"curies":[{"name":"wp","href":"https:\/\/api.w.org\/{rel}","templated":true}]}}