{"id":21565,"date":"2022-11-30T15:06:22","date_gmt":"2022-11-30T18:06:22","guid":{"rendered":"http:\/\/pedroleopoldo.mg.gov.br\/?p=21565"},"modified":"2022-11-30T15:06:26","modified_gmt":"2022-11-30T18:06:26","slug":"prefeitura-adquire-400-tablets-para-as-escolas-municipais-de-pedro-leopoldo","status":"publish","type":"post","link":"https:\/\/arquivo.pedroleopoldo.mg.gov.br\/?p=21565","title":{"rendered":"Prefeitura adquire 400 tablets para as escolas municipais de Pedro Leopoldo"},"content":{"rendered":"\n<p><em>Os equipamentos ser\u00e3o utilizados dentro da sala de aula e inicialmente s\u00e3o destinados aos alunos dos anos finais, 6\u00ba ao 9\u00ba ano<\/em><\/p>\n\n\n\n<p>A Prefeitura de Pedro Leopoldo, por meio da Secretaria Municipal de Educa\u00e7\u00e3o, adquiriu 400 tablets para as escolas do ensino fundamental do munic\u00edpio. Os equipamentos ser\u00e3o utilizados dentro da sala de aula e inicialmente s\u00e3o destinados aos alunos dos anos finais, 6\u00ba ao 9\u00ba Ano. Esta ferramenta pedag\u00f3gica tem o objetivo de potencializar o aprendizado dos alunos.<\/p>\n\n\n\n<p>A Prefeita Eloisa Helena prioriza o investimento na rede de educa\u00e7\u00e3o do munic\u00edpio. Recentemente, nove centros municipais de ensino passaram por reforma e receberam novos mobili\u00e1rios e brinquedos, duas novas Salas de Recursos Multifuncionais foram inauguradas e outras duas ser\u00e3o inauguradas nos pr\u00f3ximos dias, dentre v\u00e1rias outras conquistas para a \u00e1rea. &#8220;Os tablets ser\u00e3o disponibilizados inicialmente para as escolas do ensino fundamental, para os anos finais (6\u00ba ao 9\u00ba) e ser\u00e3o utilizados como importantes ferramentas pedag\u00f3gicas. O professor poder\u00e1 utiliz\u00e1-los para aplicar atividades avaliativas, provas, atividades l\u00fadicas e pesquisas, entre outras funcionalidades. A ideia \u00e9 que sejam distribu\u00eddos para outros anos do ensino fundamental.Estamos trabalhando para dar as melhores condi\u00e7\u00f5es de ensino para nossos alunos e de trabalho para nossos servidores. Estas s\u00e3o s\u00f3 algumas de v\u00e1rias melhorias que fizemos e que continuaremos realizando na educa\u00e7\u00e3o do munic\u00edpio&#8221;, disse.<\/p>\n\n\n\n<p>Neste primeiro momento receberam os equipamentos as Escola Municipais Carmem Barroso, Isabel Gomes Teixeira, Heitor Cl\u00e1udio de Sales, Jos\u00e9 Elias da Costa e Jos\u00e9 Pedro Filho. Rebeca Barreto, aluna do 7 \u00ba ano da Escola Municipal Heitor Cl\u00e1udio de Sales, est\u00e1 empolgada com a chegada dos tablets. \u201cVai ser muito legal a gente ter um tablet para usar na escola, porque vai ajudar muito no desenvolvimento das aulas. A gente vai poder pesquisar as coisas e fazer trabalhos mais r\u00e1pido. Vai ser muito bom para o nosso ensino\u201d, disse.<\/p>\n\n\n\n<p>A monitora da escola, Marli Soares, tamb\u00e9m comentou sobre a novidade. &#8220;\u00c9 com grande alegria que recebemos os dispositivos. Sabemos da grande import\u00e2ncia dessa nova aquisi\u00e7\u00e3o. Sempre pe\u00e7o aos alunos para fazerem pesquisas, ent\u00e3o tendo essa ferramenta, as aulas ficar\u00e3o mais f\u00e1ceis e l\u00fadicas\u201d, avaliou.<\/p>\n\n\n\n<p>A ades\u00e3o da tecnologia na educa\u00e7\u00e3o n\u00e3o anula a presen\u00e7a de livros f\u00edsicos. O m\u00e9todo \u00e9 usado para agregar o sistema de aprendizado, j\u00e1 que a ferramenta facilita a compreens\u00e3o da mat\u00e9ria, por trabalhar tamb\u00e9m de uma forma l\u00fadica e proporcionar conte\u00fados em v\u00e1rios formatos, como v\u00eddeos, \u00e1udios e escritas. Al\u00e9m disso, os dispositivos ajudam a desenvolver as habilidades digitais dos alunos.<\/p>\n\n\n\n<figure class=\"wp-block-image size-large\"><img decoding=\"async\" loading=\"lazy\" width=\"1024\" height=\"768\" src=\"http:\/\/pedroleopoldo.mg.gov.br\/wp-content\/uploads\/2022\/11\/WhatsApp-Image-2022-11-30-at-12.30.46-2.jpeg\" alt=\"\" class=\"wp-image-21567\" srcset=\"https:\/\/arquivo.pedroleopoldo.mg.gov.br\/wp-content\/uploads\/2022\/11\/WhatsApp-Image-2022-11-30-at-12.30.46-2.jpeg 1024w, https:\/\/arquivo.pedroleopoldo.mg.gov.br\/wp-content\/uploads\/2022\/11\/WhatsApp-Image-2022-11-30-at-12.30.46-2-300x225.jpeg 300w, https:\/\/arquivo.pedroleopoldo.mg.gov.br\/wp-content\/uploads\/2022\/11\/WhatsApp-Image-2022-11-30-at-12.30.46-2-768x576.jpeg 768w\" sizes=\"(max-width: 1024px) 100vw, 1024px\" \/><\/figure>\n\n\n\n<figure class=\"wp-block-image size-large\"><img decoding=\"async\" loading=\"lazy\" width=\"1024\" height=\"768\" src=\"http:\/\/pedroleopoldo.mg.gov.br\/wp-content\/uploads\/2022\/11\/WhatsApp-Image-2022-11-30-at-12.30.46.jpeg\" alt=\"\" class=\"wp-image-21568\" srcset=\"https:\/\/arquivo.pedroleopoldo.mg.gov.br\/wp-content\/uploads\/2022\/11\/WhatsApp-Image-2022-11-30-at-12.30.46.jpeg 1024w, https:\/\/arquivo.pedroleopoldo.mg.gov.br\/wp-content\/uploads\/2022\/11\/WhatsApp-Image-2022-11-30-at-12.30.46-300x225.jpeg 300w, https:\/\/arquivo.pedroleopoldo.mg.gov.br\/wp-content\/uploads\/2022\/11\/WhatsApp-Image-2022-11-30-at-12.30.46-768x576.jpeg 768w\" sizes=\"(max-width: 1024px) 100vw, 1024px\" \/><\/figure>\n\n\n\n<figure class=\"wp-block-image size-large\"><img decoding=\"async\" loading=\"lazy\" width=\"768\" height=\"1024\" src=\"http:\/\/pedroleopoldo.mg.gov.br\/wp-content\/uploads\/2022\/11\/WhatsApp-Image-2022-11-30-at-12.30.46-3.jpeg\" alt=\"\" class=\"wp-image-21569\" srcset=\"https:\/\/arquivo.pedroleopoldo.mg.gov.br\/wp-content\/uploads\/2022\/11\/WhatsApp-Image-2022-11-30-at-12.30.46-3.jpeg 768w, https:\/\/arquivo.pedroleopoldo.mg.gov.br\/wp-content\/uploads\/2022\/11\/WhatsApp-Image-2022-11-30-at-12.30.46-3-225x300.jpeg 225w\" sizes=\"(max-width: 768px) 100vw, 768px\" \/><\/figure>\n\n\n\n<figure class=\"wp-block-image size-large\"><img decoding=\"async\" loading=\"lazy\" width=\"1024\" height=\"768\" src=\"http:\/\/pedroleopoldo.mg.gov.br\/wp-content\/uploads\/2022\/11\/WhatsApp-Image-2022-11-30-at-12.30.45-1.jpeg\" alt=\"\" class=\"wp-image-21570\" srcset=\"https:\/\/arquivo.pedroleopoldo.mg.gov.br\/wp-content\/uploads\/2022\/11\/WhatsApp-Image-2022-11-30-at-12.30.45-1.jpeg 1024w, https:\/\/arquivo.pedroleopoldo.mg.gov.br\/wp-content\/uploads\/2022\/11\/WhatsApp-Image-2022-11-30-at-12.30.45-1-300x225.jpeg 300w, https:\/\/arquivo.pedroleopoldo.mg.gov.br\/wp-content\/uploads\/2022\/11\/WhatsApp-Image-2022-11-30-at-12.30.45-1-768x576.jpeg 768w\" sizes=\"(max-width: 1024px) 100vw, 1024px\" \/><\/figure>\n\n\n\n<figure class=\"wp-block-image size-large\"><img decoding=\"async\" loading=\"lazy\" width=\"1024\" height=\"768\" src=\"http:\/\/pedroleopoldo.mg.gov.br\/wp-content\/uploads\/2022\/11\/WhatsApp-Image-2022-11-30-at-12.30.45.jpeg\" alt=\"\" class=\"wp-image-21571\" srcset=\"https:\/\/arquivo.pedroleopoldo.mg.gov.br\/wp-content\/uploads\/2022\/11\/WhatsApp-Image-2022-11-30-at-12.30.45.jpeg 1024w, https:\/\/arquivo.pedroleopoldo.mg.gov.br\/wp-content\/uploads\/2022\/11\/WhatsApp-Image-2022-11-30-at-12.30.45-300x225.jpeg 300w, https:\/\/arquivo.pedroleopoldo.mg.gov.br\/wp-content\/uploads\/2022\/11\/WhatsApp-Image-2022-11-30-at-12.30.45-768x576.jpeg 768w\" sizes=\"(max-width: 1024px) 100vw, 1024px\" \/><\/figure>\n\n\n\n<figure class=\"wp-block-image size-large\"><img decoding=\"async\" loading=\"lazy\" width=\"1024\" height=\"768\" src=\"http:\/\/pedroleopoldo.mg.gov.br\/wp-content\/uploads\/2022\/11\/WhatsApp-Image-2022-11-30-at-12.30.45-4.jpeg\" alt=\"\" class=\"wp-image-21572\" srcset=\"https:\/\/arquivo.pedroleopoldo.mg.gov.br\/wp-content\/uploads\/2022\/11\/WhatsApp-Image-2022-11-30-at-12.30.45-4.jpeg 1024w, https:\/\/arquivo.pedroleopoldo.mg.gov.br\/wp-content\/uploads\/2022\/11\/WhatsApp-Image-2022-11-30-at-12.30.45-4-300x225.jpeg 300w, https:\/\/arquivo.pedroleopoldo.mg.gov.br\/wp-content\/uploads\/2022\/11\/WhatsApp-Image-2022-11-30-at-12.30.45-4-768x576.jpeg 768w\" sizes=\"(max-width: 1024px) 100vw, 1024px\" \/><\/figure>\n","protected":false},"excerpt":{"rendered":"<p>Os equipamentos ser\u00e3o utilizados dentro da sala de aula e inicialmente s\u00e3o destinados aos alunos dos anos finais, 6\u00ba ao 9\u00ba ano A Prefeitura de Pedro Leopoldo, por meio da Secretaria Municipal de Educa\u00e7\u00e3o, adquiriu 400 tablets para as escolas do ensino fundamental do munic\u00edpio. Os equipamentos ser\u00e3o utilizados dentro da sala de aula e &hellip; <a href=\"https:\/\/arquivo.pedroleopoldo.mg.gov.br\/?p=21565\" class=\"more-link\">Continuar lendo <span class=\"screen-reader-text\">Prefeitura adquire 400 tablets para as escolas municipais de Pedro Leopoldo<\/span><\/a><\/p>\n","protected":false},"author":1,"featured_media":21566,"comment_status":"closed","ping_status":"closed","sticky":false,"template":"","format":"standard","meta":{"footnotes":""},"categories":[4],"tags":[],"_links":{"self":[{"href":"https:\/\/arquivo.pedroleopoldo.mg.gov.br\/index.php?rest_route=\/wp\/v2\/posts\/21565"}],"collection":[{"href":"https:\/\/arquivo.pedroleopoldo.mg.gov.br\/index.php?rest_route=\/wp\/v2\/posts"}],"about":[{"href":"https:\/\/arquivo.pedroleopoldo.mg.gov.br\/index.php?rest_route=\/wp\/v2\/types\/post"}],"author":[{"embeddable":true,"href":"https:\/\/arquivo.pedroleopoldo.mg.gov.br\/index.php?rest_route=\/wp\/v2\/users\/1"}],"replies":[{"embeddable":true,"href":"https:\/\/arquivo.pedroleopoldo.mg.gov.br\/index.php?rest_route=%2Fwp%2Fv2%2Fcomments&post=21565"}],"version-history":[{"count":0,"href":"https:\/\/arquivo.pedroleopoldo.mg.gov.br\/index.php?rest_route=\/wp\/v2\/posts\/21565\/revisions"}],"wp:featuredmedia":[{"embeddable":true,"href":"https:\/\/arquivo.pedroleopoldo.mg.gov.br\/index.php?rest_route=\/wp\/v2\/media\/21566"}],"wp:attachment":[{"href":"https:\/\/arquivo.pedroleopoldo.mg.gov.br\/index.php?rest_route=%2Fwp%2Fv2%2Fmedia&parent=21565"}],"wp:term":[{"taxonomy":"category","embeddable":true,"href":"https:\/\/arquivo.pedroleopoldo.mg.gov.br\/index.php?rest_route=%2Fwp%2Fv2%2Fcategories&post=21565"},{"taxonomy":"post_tag","embeddable":true,"href":"https:\/\/arquivo.pedroleopoldo.mg.gov.br\/index.php?rest_route=%2Fwp%2Fv2%2Ftags&post=21565"}],"curies":[{"name":"wp","href":"https:\/\/api.w.org\/{rel}","templated":true}]}}