{"id":21539,"date":"2022-11-22T15:05:04","date_gmt":"2022-11-22T18:05:04","guid":{"rendered":"http:\/\/pedroleopoldo.mg.gov.br\/?p=21539"},"modified":"2022-11-23T13:06:34","modified_gmt":"2022-11-23T16:06:34","slug":"parceria-entre-familia-pro-skate-e-prefeitura-de-pedro-leopoldo-beneficia-diversas-criancas-e-adolescentes-do-municipio","status":"publish","type":"post","link":"https:\/\/arquivo.pedroleopoldo.mg.gov.br\/?p=21539","title":{"rendered":"Parceria entre Fam\u00edlia Pr\u00f3-Skate e Prefeitura de Pedro Leopoldo beneficia diversas crian\u00e7as e adolescentes do munic\u00edpio"},"content":{"rendered":"\n<p><em>As aulas s\u00e3o totalmente gratuitas e acontecem aos s\u00e1bados<\/em><\/p>\n\n\n\n<p>A FPS &#8211; Fam\u00edlia Pr\u00f3-Skate surgiu h\u00e1 doze anos, idealizada por Wellington Lalon e pelo atual coordenador S\u00e9rgio Campola, que sentiu a necessidade de criar um projeto social esportivo para crian\u00e7as e adolescentes sem condi\u00e7\u00f5es de arcarem com aulas particulares.<\/p>\n\n\n\n<p>No in\u00edcio, as aulas eram ministradas no estacionamento da Prefeitura, e na primeira gest\u00e3o da Prefeita Eloisa Helena, em 2016, foi iniciada a constru\u00e7\u00e3o de uma pista adequada para a pr\u00e1tica do skate, na Pra\u00e7a da Esta\u00e7\u00e3o. A Pista, que recebeu o nome de FPS Plaza, se tornou refer\u00eancia na regi\u00e3o, sendo considerada uma das melhores pelos praticantes do esporte.<\/p>\n\n\n\n<p>Com o apoio da Prefeitura de Pedro Leopoldo, as aulas acontecem todos os s\u00e1bados, de 9h \u00e0s 11h, totalmente gratuitas, e todos os equipamentos necess\u00e1rios para a pr\u00e1tica s\u00e3o disponibilizados pelo projeto.<\/p>\n\n\n\n<p>Para S\u00e9rgio Campola, o apoio da Prefeitura \u00e9 essencial para promover a pr\u00e1tica do esporte para todos, principalmente para crian\u00e7as e adolescentes. Este ano a gest\u00e3o j\u00e1 fez diversas interven\u00e7\u00f5es na pista, entre elas, constru\u00e7\u00e3o de passarela e fechamento de seguran\u00e7a. \u201cGostaria de agradecer a Prefeita Eloisa e a vice Ana Paula, que est\u00e3o dedicando e dando esse apoio important\u00edssimo que a gente precisa. O skate em Pedro Leopoldo vem de longa data, vamos completar 13 anos em dezembro, e com as melhorias que est\u00e3o sendo feitas pra gente e com apoio desta gest\u00e3o, est\u00e1 sendo maravilhoso fazer parte dessa Fam\u00edlia Pr\u00f3-Skate\u201d, ressaltou o Coordenador.<\/p>\n\n\n\n<p>Karla Aparecida, m\u00e3e do Vitor, aluno da escolinha, disse que j\u00e1 percebeu v\u00e1rios resultados positivos no seu filho depois do in\u00edcio da pr\u00e1tica do esporte. \u201cA import\u00e2ncia da escolinha para o Vitor \u00e9 muito grande pra gente. Ele tem melhorado em tudo, inclusive, na escola, a participa\u00e7\u00e3o dele melhorou\u201d, disse.<\/p>\n\n\n\n<p>O projeto atende certa de 30 alunos por s\u00e1bado e tem como alguns dos pilares a uni\u00e3o e o respeito. Al\u00e9m de ter transformado o olhar de muitas pessoas que antigamente marginalizavam o esporte, a escolinha j\u00e1 mudou a vida de muitos jovens.<\/p>\n\n\n\n<p>Para Elder dos Santos, aluno do projeto, os ensinamentos que ele adquire e a uni\u00e3o entre as pessoas \u00e9 o mais importante. \u201cRealmente \u00e9 uma fam\u00edlia, eles ajudam a gente em tudo, apoio moral, ajuda com as pe\u00e7as, estudos, ent\u00e3o a fam\u00edlia pr\u00f3-skate \u00e9 minha fam\u00edlia\u201d, disse.<\/p>\n\n\n\n<p>A Prefeita Eloisa garante que continuar\u00e1 investindo nos esportes em Pedro Leopoldo. \u201cIndependente da modalidade, o esporte traz somente benef\u00edcios f\u00edsicos, emocionais e at\u00e9 para o turismo na nossa cidade. Damos todo apoio a esta bela fam\u00edlia do pr\u00f3-skate e para outros esportes com muito carinho. Podem continuar contando com nossa gest\u00e3o para crescerem cada vez mais!\u201d, concluiu a Prefeita.<\/p>\n","protected":false},"excerpt":{"rendered":"<p>As aulas s\u00e3o totalmente gratuitas e acontecem aos s\u00e1bados A FPS &#8211; Fam\u00edlia Pr\u00f3-Skate surgiu h\u00e1 doze anos, idealizada por Wellington Lalon e pelo atual coordenador S\u00e9rgio Campola, que sentiu a necessidade de criar um projeto social esportivo para crian\u00e7as e adolescentes sem condi\u00e7\u00f5es de arcarem com aulas particulares. No in\u00edcio, as aulas eram ministradas &hellip; <a href=\"https:\/\/arquivo.pedroleopoldo.mg.gov.br\/?p=21539\" class=\"more-link\">Continuar lendo <span class=\"screen-reader-text\">Parceria entre Fam\u00edlia Pr\u00f3-Skate e Prefeitura de Pedro Leopoldo beneficia diversas crian\u00e7as e adolescentes do munic\u00edpio<\/span><\/a><\/p>\n","protected":false},"author":1,"featured_media":21540,"comment_status":"closed","ping_status":"closed","sticky":false,"template":"","format":"standard","meta":{"footnotes":""},"categories":[4],"tags":[],"_links":{"self":[{"href":"https:\/\/arquivo.pedroleopoldo.mg.gov.br\/index.php?rest_route=\/wp\/v2\/posts\/21539"}],"collection":[{"href":"https:\/\/arquivo.pedroleopoldo.mg.gov.br\/index.php?rest_route=\/wp\/v2\/posts"}],"about":[{"href":"https:\/\/arquivo.pedroleopoldo.mg.gov.br\/index.php?rest_route=\/wp\/v2\/types\/post"}],"author":[{"embeddable":true,"href":"https:\/\/arquivo.pedroleopoldo.mg.gov.br\/index.php?rest_route=\/wp\/v2\/users\/1"}],"replies":[{"embeddable":true,"href":"https:\/\/arquivo.pedroleopoldo.mg.gov.br\/index.php?rest_route=%2Fwp%2Fv2%2Fcomments&post=21539"}],"version-history":[{"count":0,"href":"https:\/\/arquivo.pedroleopoldo.mg.gov.br\/index.php?rest_route=\/wp\/v2\/posts\/21539\/revisions"}],"wp:featuredmedia":[{"embeddable":true,"href":"https:\/\/arquivo.pedroleopoldo.mg.gov.br\/index.php?rest_route=\/wp\/v2\/media\/21540"}],"wp:attachment":[{"href":"https:\/\/arquivo.pedroleopoldo.mg.gov.br\/index.php?rest_route=%2Fwp%2Fv2%2Fmedia&parent=21539"}],"wp:term":[{"taxonomy":"category","embeddable":true,"href":"https:\/\/arquivo.pedroleopoldo.mg.gov.br\/index.php?rest_route=%2Fwp%2Fv2%2Fcategories&post=21539"},{"taxonomy":"post_tag","embeddable":true,"href":"https:\/\/arquivo.pedroleopoldo.mg.gov.br\/index.php?rest_route=%2Fwp%2Fv2%2Ftags&post=21539"}],"curies":[{"name":"wp","href":"https:\/\/api.w.org\/{rel}","templated":true}]}}